{"id":128454,"date":"2025-12-29T21:41:08","date_gmt":"2025-12-29T21:41:08","guid":{"rendered":"https:\/\/www.europesays.com\/fi\/128454\/"},"modified":"2025-12-29T21:41:08","modified_gmt":"2025-12-29T21:41:08","slug":"sami-kurttila-ajoi-valilla-ouluun-niin-ettei-muista-loppumatkasta-mitaan-vaimo-teki-valtavan-uhrauksen","status":"publish","type":"post","link":"https:\/\/www.europesays.com\/fi\/128454\/","title":{"rendered":"Sami Kurttila ajoi v\u00e4lill\u00e4 Ouluun niin, ettei muista loppumatkasta mit\u00e4\u00e4n \u2013 \u201dVaimo teki valtavan uhrauksen\u201d"},"content":{"rendered":"<p>VaLePassa loistanut oululaisvalmentaja tuntee suurta kiitollisuutta seurajohtoa kohtaan. Kultasormi palaa tiistaina Vexve-areenalle.<\/p>\n<p class=\"article-body mb-nof-24 px-nof-16\">Oululainen lentopallovalmentaja <a class=\"article-personlink\" href=\"https:\/\/www.aamulehti.fi\/haku\/?query=Sami%20Kurttila\" rel=\"nofollow noopener\" target=\"_blank\">Sami Kurttila<\/a> sai kultasormen maineen luotsatessaan VaLePan t\u00e4htisikerm\u00e4\u00e4 kaudet 2016\u201318.<\/p>\n<p class=\"article-body mb-nof-24 px-nof-16\">Komea titteli tuli aiheesta, sill\u00e4 Kurttila johti sastamalalaisjoukkueen kaksi kertaa Suomen mestariksi ja kaksi kertaa Suomen cupin voittajaksi. Kruunuksi tuli paikka Mestarien liigan lohkovaiheeseen.<\/p>\n","protected":false},"excerpt":{"rendered":"VaLePassa loistanut oululaisvalmentaja tuntee suurta kiitollisuutta seurajohtoa kohtaan. Kultasormi palaa tiistaina Vexve-areenalle. Oululainen lentopallovalmentaja Sami Kurttila sai kultasormen&hellip;\n","protected":false},"author":2,"featured_media":128455,"comment_status":"","ping_status":"","sticky":false,"template":"","format":"standard","meta":{"footnotes":""},"categories":[136],"tags":[157,407,137,33,31,30,408,32,109],"class_list":{"0":"post-128454","1":"post","2":"type-post","3":"status-publish","4":"format-standard","5":"has-post-thumbnail","7":"category-julkkikset","8":"tag-aamulehti","9":"tag-celebrities","10":"tag-entertainment","11":"tag-fi","12":"tag-finland","13":"tag-finnish","14":"tag-julkkikset","15":"tag-suomi","16":"tag-viihde"},"share_on_mastodon":{"url":"https:\/\/pubeurope.com\/@fi\/115805033774345530","error":""},"_links":{"self":[{"href":"https:\/\/www.europesays.com\/fi\/wp-json\/wp\/v2\/posts\/128454","targetHints":{"allow":["GET"]}}],"collection":[{"href":"https:\/\/www.europesays.com\/fi\/wp-json\/wp\/v2\/posts"}],"about":[{"href":"https:\/\/www.europesays.com\/fi\/wp-json\/wp\/v2\/types\/post"}],"author":[{"embeddable":true,"href":"https:\/\/www.europesays.com\/fi\/wp-json\/wp\/v2\/users\/2"}],"replies":[{"embeddable":true,"href":"https:\/\/www.europesays.com\/fi\/wp-json\/wp\/v2\/comments?post=128454"}],"version-history":[{"count":0,"href":"https:\/\/www.europesays.com\/fi\/wp-json\/wp\/v2\/posts\/128454\/revisions"}],"wp:featuredmedia":[{"embeddable":true,"href":"https:\/\/www.europesays.com\/fi\/wp-json\/wp\/v2\/media\/128455"}],"wp:attachment":[{"href":"https:\/\/www.europesays.com\/fi\/wp-json\/wp\/v2\/media?parent=128454"}],"wp:term":[{"taxonomy":"category","embeddable":true,"href":"https:\/\/www.europesays.com\/fi\/wp-json\/wp\/v2\/categories?post=128454"},{"taxonomy":"post_tag","embeddable":true,"href":"https:\/\/www.europesays.com\/fi\/wp-json\/wp\/v2\/tags?post=128454"}],"curies":[{"name":"wp","href":"https:\/\/api.w.org\/{rel}","templated":true}]}}