{"id":128465,"date":"2025-12-29T21:55:11","date_gmt":"2025-12-29T21:55:11","guid":{"rendered":"https:\/\/www.europesays.com\/fi\/128465\/"},"modified":"2025-12-29T21:55:11","modified_gmt":"2025-12-29T21:55:11","slug":"aino-kaisa-saarinen-loysi-syyn-iivo-niskasen-pettymykselle-kerttu-niskanen-selvitti-rajun-paikan-veitsi-kurkulla-urheilua-lyhyesti","status":"publish","type":"post","link":"https:\/\/www.europesays.com\/fi\/128465\/","title":{"rendered":"Aino-Kaisa Saarinen l\u00f6ysi syyn Iivo Niskasen pettymykselle \u2013 Kerttu Niskanen selvitti rajun paikan \u201dveitsi kurkulla\u201d | Urheilua lyhyesti"},"content":{"rendered":"<p class=\"aw-1gybjub aw-1p7kakr kEtdKx cEmitX yle__article__paragraph\">Yle Urheilu seurasi Tour de Skin toista kisap\u00e4iv\u00e4\u00e4 eli 10 kilometrin (p) v\u00e4liaikal\u00e4ht\u00f6kisoja <a class=\"aw-iao6s4 iHOxEa yle__article__link\" href=\"https:\/\/yle.fi\/a\/74-20201735\" role=\"link\" rel=\"nofollow noopener\" target=\"_blank\">t\u00e4ss\u00e4 artikkelissa<\/a>.<\/p>\n<p class=\"aw-1gybjub aw-1p7kakr kEtdKx cEmitX yle__article__paragraph\">Jos Tour de Skin avausetappi, vapaan hiihtotavan sprintti, oli suomalaisittain kovin mollivoittoinen, maanantaina perinteisen 10 kilometrill\u00e4 saatiin paljonkin ilonaiheita.<\/p>\n<p class=\"aw-1gybjub aw-1p7kakr kEtdKx cEmitX yle__article__paragraph\">Niit\u00e4 tuottivat etenkin <strong class=\"aw-ak79eh KyCXm yle__article__strong\">Iivo<\/strong> ja <strong class=\"aw-ak79eh KyCXm yle__article__strong\">Kerttu Niskanen<\/strong>, mutta ter\u00e4vimm\u00e4n k\u00e4rjen takaakin l\u00f6ytyi huippuvetoja.<\/p>\n<p class=\"aw-1gybjub aw-1p7kakr kEtdKx cEmitX yle__article__paragraph\">Flunssan sairastanut Iivo Niskanen esitti kauden parastaan ja oli nelj\u00e4s. Eroa voittajaan, <strong class=\"aw-ak79eh KyCXm yle__article__strong\">Mattis Stenshageniin<\/strong> kertyi 24,3 sekuntia.<\/p>\n<p class=\"aw-1gybjub aw-1p7kakr kEtdKx cEmitX yle__article__paragraph\"><a class=\"aw-iao6s4 iHOxEa yle__article__link\" href=\"https:\/\/yle.fi\/a\/74-20201748\" role=\"link\" rel=\"nofollow noopener\" target=\"_blank\">Niskanen oli<\/a> silti hyvin pettynyt ja ihmetteli, ett\u00e4 tunne oli ihan hyv\u00e4, mutta kello ei tyk\u00e4nnyt.<\/p>\n<p>Iivo Niskasen mukaan sukset olivat \u201dkai ihan ok\u201d. H\u00e4n kuitenkin ilmoitti, ett\u00e4 l\u00e4htee heti testaamaan, olisiko toinen pari ollut parempi.<\/p>\n<p class=\"aw-1gybjub aw-1p7kakr kEtdKx cEmitX yle__article__paragraph\">Yle Urheilun asiantuntijan <strong class=\"aw-ak79eh KyCXm yle__article__strong\">Aino-Kaisa Saarisen<\/strong> mielest\u00e4 Niskanen hiihti mainion kisan, mutta ep\u00e4onnistui ilmeisesti suksen valinnassa.<\/p>\n<p class=\"aw-1gybjub aw-1p7kakr kEtdKx cEmitX yle__article__paragraph\">\u2013 Silti noin hyv\u00e4 tulos ja ero keulaan hyvin siedett\u00e4v\u00e4. Pieni pummi suksenvalinnassa kertoo varmaankin siit\u00e4, ettei kroppa ole viel\u00e4 niin herkill\u00e4. Silloin voi tulla valinnassa pient\u00e4 virhett\u00e4. Suomen huoltohan onnistui sek\u00e4 miehiss\u00e4 ett\u00e4 naisissa hyvin.<\/p>\n<p class=\"aw-1gybjub aw-1p7kakr kEtdKx cEmitX yle__article__paragraph\">Niskasen kauden t\u00e4ht\u00e4in on ainoastaan olympialaisissa. Joulukuun <a class=\"aw-iao6s4 iHOxEa yle__article__link\" href=\"https:\/\/yle.fi\/a\/74-20201597\" role=\"link\" rel=\"nofollow noopener\" target=\"_blank\">ongelmat ja sairastelut<\/a> heittiv\u00e4t varjoa suunnitelmille, mutta Niskanen on j\u00e4lleen aikataulussa.<\/p>\n<p class=\"aw-1gybjub aw-1p7kakr kEtdKx cEmitX yle__article__paragraph\">\u2013 T\u00e4m\u00e4 oli hyv\u00e4 merkki Iivolle. T\u00e4ss\u00e4 on riitt\u00e4v\u00e4sti aikaa saada kroppa t\u00e4ysin hereille ja kuntoon olympialaduille.<\/p>\n<p><img decoding=\"async\" alt=\"Iivo Niskanen Tour de Skill\u00e4 sprintiss\u00e4 28.12.2025.\" src=\"https:\/\/www.europesays.com\/fi\/wp-content\/uploads\/2025\/12\/39-15753086952be24356bf.jpeg\" loading=\"lazy\" class=\"aw-1l9m598 hKVVvP\"\/><\/p>\n<p>Avaa kuvien katselu<\/p>\n<p>Iivo Niskasen olympiasuunnitelmat ovat j\u00e4lleen oikealla kurssilla, n\u00e4kee Aino-Kaisa Saarinen. Kuva: Action Press \/ Pierre Teyssot \/ AOPSuomalaisten raisu olympiataisto<\/p>\n<p class=\"aw-1gybjub aw-1p7kakr kEtdKx cEmitX yle__article__paragraph\">Suomella on miehiss\u00e4 vain seitsem\u00e4n olympiapaikkaa. Niskanen, <strong class=\"aw-ak79eh KyCXm yle__article__strong\">Arsi Ruuskanen<\/strong> ja <strong class=\"aw-ak79eh KyCXm yle__article__strong\">Lauri Vuorinen<\/strong> on jo valittu. Lopuista paikoista kisaavat k\u00e4yt\u00e4nn\u00f6ss\u00e4 <strong class=\"aw-ak79eh KyCXm yle__article__strong\">Joni M\u00e4ki<\/strong>, <strong class=\"aw-ak79eh KyCXm yle__article__strong\">Ristomatti Hakola<\/strong>, <strong class=\"aw-ak79eh KyCXm yle__article__strong\">Niko Anttola<\/strong>, <strong class=\"aw-ak79eh KyCXm yle__article__strong\">Niilo Moilanen<\/strong> ja <strong class=\"aw-ak79eh KyCXm yle__article__strong\">Perttu Hyv\u00e4rinen<\/strong>, joista yksi pettyy.<\/p>\n<p class=\"aw-1gybjub aw-1p7kakr kEtdKx cEmitX yle__article__paragraph\">T\u00e4m\u00e4n taiston osalta saatiin uusia kierteit\u00e4. Hakola sairastui ja <a class=\"aw-iao6s4 iHOxEa yle__article__link\" href=\"https:\/\/yle.fi\/a\/74-20201707\" role=\"link\" rel=\"nofollow noopener\" target=\"_blank\">joutui vet\u00e4ytym\u00e4\u00e4n Tourilta<\/a>.<\/p>\n<p class=\"aw-1gybjub aw-1p7kakr kEtdKx cEmitX yle__article__paragraph\">Etenkin Hyv\u00e4rinen on ollut niin sanotusti veitsi kurkulla olympiataistossa, mutta maanantaina h\u00e4n oli toiseksi parhaana suomalaisena 12:s (+44,1). Se on Hyv\u00e4risen parasta maailmancupissa sitten helmikuun 2024.<\/p>\n<p>Perttu Hyv\u00e4rinen tarrasi maanantaina olympiapaikkaan, mutta oli edelleen itse kovin pettynyt: &#8221;Ei viel\u00e4 osunut lankulle.\u201d<\/p>\n<p class=\"aw-1gybjub aw-1p7kakr kEtdKx cEmitX yle__article__paragraph\">Voikin olla, ett\u00e4 nyt tiukimmassa paikassa on Moilanen.<\/p>\n<p class=\"aw-1gybjub aw-1p7kakr kEtdKx cEmitX yle__article__paragraph\">Moilanen hiihti maanantaina tasolleen hyv\u00e4n normaalimatkan kisan, kun h\u00e4n oli 37:s (+1.26,1).<\/p>\n<p class=\"aw-1gybjub aw-1p7kakr kEtdKx cEmitX yle__article__paragraph\">\u2013 Moilanen hiihti todella hienosti, mutta h\u00e4nen matkarepertoaarinsa muihin verrattuna on niin pieni. On vain perinteisen sprintti. H\u00e4nelt\u00e4 pit\u00e4\u00e4 tulla todella kova n\u00e4ytt\u00f6 Val di Fiemmen sprintiss\u00e4, Saarinen perkaa.<\/p>\n<p class=\"aw-1gybjub aw-1p7kakr kEtdKx cEmitX yle__article__paragraph\">Moilasen olympiakohtaloon vaikuttaakin paljon, valitaanko Suomen joukkueeseen yksi puhdas sprintteri.<\/p>\n<p><img decoding=\"async\" alt=\"Niilo Moilanen hiiht\u00e4m\u00e4ss\u00e4.\" src=\"https:\/\/www.europesays.com\/fi\/wp-content\/uploads\/2025\/12\/39-1561619692abdd289218.jpeg\" loading=\"lazy\" class=\"aw-1l9m598 hKVVvP\"\/><\/p>\n<p>Avaa kuvien katselu<\/p>\n<p>Niilo Moilanen ei ole t\u00e4ll\u00e4 kaudella ylt\u00e4nyt viel\u00e4 v\u00e4lieriin sprintiss\u00e4. H\u00e4nelle ensi viikonlopun perinteisen sprintti olympialaduilla Val di Fiemmess\u00e4 on valtava n\u00e4yt\u00f6npaikka. Kuva: Tomi H\u00e4nninen<\/p>\n<p class=\"aw-1gybjub aw-1p7kakr kEtdKx cEmitX yle__article__paragraph\">Joni M\u00e4elt\u00e4 Saarinen per\u00e4\u00e4nkuuluttaa itseluottamusta. Sprintin j\u00e4lkeen M\u00e4ki harmitteli rohkeuden puutetta.<\/p>\n<p class=\"aw-1gybjub aw-1p7kakr kEtdKx cEmitX yle__article__paragraph\">\u2013 Kuten t\u00e4n\u00e4\u00e4n n\u00e4htiin, on siell\u00e4 kuntopohjaa. Nyt vain rohkeutta hy\u00f6k\u00e4t\u00e4 alusta l\u00e4htien ja luottoa, ett\u00e4 kyll\u00e4 kunto riitt\u00e4\u00e4.<\/p>\n<p class=\"aw-1gybjub aw-1p7kakr kEtdKx cEmitX yle__article__paragraph\">Hyv\u00e4risenkin pit\u00e4\u00e4 viel\u00e4 pysty\u00e4 n\u00e4ytt\u00e4m\u00e4\u00e4n, ettei kyse ollut yksitt\u00e4isest\u00e4 onnistumisesta.<\/p>\n<p class=\"aw-1gybjub aw-1p7kakr kEtdKx cEmitX yle__article__paragraph\">\u2013 T\u00e4n\u00e4\u00e4n oli kauden ensimm\u00e4inen kerta, kun h\u00e4n p\u00e4\u00e4si tiukille. Pit\u00e4\u00e4 p\u00e4\u00e4st\u00e4 jatkossakin ja l\u00f6yt\u00e4\u00e4 kovan hiiht\u00e4misen helppous.<\/p>\n<p class=\"aw-1gybjub aw-1p7kakr kEtdKx cEmitX yle__article__paragraph\">Hakolan kannalta vaikuttaa nyt paljon, mink\u00e4lainen on h\u00e4nen sairautensa ja onko taustalla pidemp\u00e4\u00e4 alavireisyytt\u00e4.<\/p>\n<p class=\"aw-1gybjub aw-1p7kakr kEtdKx cEmitX yle__article__paragraph\">\u2013 Ei t\u00e4m\u00e4 soppaan ainakaan selkeytt\u00e4 tuonut. Mutta ehk\u00e4 t\u00e4ll\u00e4 hetkell\u00e4 Moilasella on kovin paikka n\u00e4ytt\u00e4\u00e4, Saarinen summaa olympiataiston.<\/p>\n<p class=\"aw-1gybjub aw-1p7kakr kEtdKx cEmitX yle__article__paragraph\">Niko Anttola jatkoi vankkaa menoaan, kun h\u00e4n oli 14:s (+47,2).<\/p>\n<p class=\"aw-1gybjub aw-1p7kakr kEtdKx cEmitX yle__article__paragraph\">\u2013 H\u00e4n on saanut perustasonsa top15:n sakkiin. Nytkin, vaikka sanoi, ett\u00e4 tuntui tosi vaikealta. Mutta tied\u00e4n, ett\u00e4 Toblachissa tuntuu aina pahalta.<\/p>\n<p><img decoding=\"async\" alt=\"Nikoa Anttola Tour de Skill\u00e4 sprintiss\u00e4 28.12.2025.\" src=\"https:\/\/www.europesays.com\/fi\/wp-content\/uploads\/2025\/12\/39-15753106952c15c07209.jpeg\" loading=\"lazy\" class=\"aw-1l9m598 hKVVvP\"\/><\/p>\n<p>Avaa kuvien katselu<\/p>\n<p>Kun Niko Anttola pystyy hiiht\u00e4m\u00e4\u00e4n hyv\u00e4ll\u00e4 perustekemisell\u00e4 jatkuvasti 15 parhaan sakkiin, siit\u00e4 on helpompi tehd\u00e4 olympialaisiin pient\u00e4 nostoa, Aino-Kaisa Saarinen kehuu. Kuva: Action Press \/ Pierre Teyssot \/ AOP<\/p>\n<p class=\"aw-1gybjub aw-1p7kakr kEtdKx cEmitX yle__article__paragraph\">Toblachista raskaan tekee etenkin ilmanala. Kisakorkeus 1\u00a0200 metri\u00e4 hieman huijaa, asiantuntija sanoo.<\/p>\n<p class=\"aw-1gybjub aw-1p7kakr kEtdKx cEmitX yle__article__paragraph\">\u2013 Se on sellainen sumppu, kun siin\u00e4 ovat vuoret ymp\u00e4rill\u00e4. Sanoisin, ett\u00e4 se tuntuu hiiht\u00e4ess\u00e4 1\u00a0400 metrilt\u00e4, kun olen siell\u00e4 paljon ollut. Se on yll\u00e4tt\u00e4v\u00e4n vaikeaa. Se alkaa l\u00e4hennell\u00e4 Davosin korkeuksia.<\/p>\n<p class=\"aw-1gybjub aw-1p7kakr kEtdKx cEmitX yle__article__paragraph\">\u2013 On se toki ratanakin tosi haastava. Kaksi pitk\u00e4\u00e4 nousup\u00e4tk\u00e4\u00e4 ja loppu, jossa n\u00e4hd\u00e4\u00e4n paljon eroja. Viimeiset kaksi kilometri\u00e4 pit\u00e4\u00e4 pysty\u00e4 tulemaan tosi kovalla tempolla.<\/p>\n<p><img decoding=\"async\" alt=\"Aino-Kaisa Saarinen haluaa voittamisen takaisin kunniaan.\" src=\"https:\/\/www.europesays.com\/fi\/wp-content\/uploads\/2025\/12\/39-125558865ece7a2454fc.jpeg\" loading=\"lazy\" class=\"aw-1l9m598 hKVVvP\"\/><\/p>\n<p>Avaa kuvien katselu<\/p>\n<p>Aino-Kaisa Saarinen pit\u00e4\u00e4 Toblachia petollisena kisapaikkana. Kuva: Tomi H\u00e4nninen\/ChilipicturesKerttu Niskanen jys\u00e4ytti pakkoraossa<\/p>\n<p class=\"aw-1gybjub aw-1p7kakr kEtdKx cEmitX yle__article__paragraph\"><a class=\"aw-iao6s4 iHOxEa yle__article__link\" href=\"https:\/\/yle.fi\/a\/74-20201791\" role=\"link\" rel=\"nofollow noopener\" target=\"_blank\">Naisten puolella Kerttu Niskanen oli nelj\u00e4s<\/a>, ero voittajaan <strong class=\"aw-ak79eh KyCXm yle__article__strong\">Astrid \u00d6yre Slindiin<\/strong> 33,2 sekuntia. Se oli selv\u00e4sti Niskasen kauden parasta menoa.<\/p>\n<p class=\"aw-1gybjub aw-1p7kakr kEtdKx cEmitX yle__article__paragraph\">\u2013 Ihan loistava veto t\u00e4h\u00e4n paikkaan. H\u00e4n oli oikeasti veitsi kurkulla. Nyt oli se paikka, ett\u00e4 jos ei l\u00e4hde kulkemaan, olisi ollut oikeasti mietinn\u00e4n paikka, mit\u00e4 tehd\u00e4\u00e4n, Saarinen lataa.<\/p>\n<p>\u2013 Silloin, kun kulkee hyvin, ei hiihdon aikana mieti mit\u00e4\u00e4n eik\u00e4 tarvitse k\u00e4skytt\u00e4\u00e4, Kerttu Niskanen kertoi.<\/p>\n<p class=\"aw-1gybjub aw-1p7kakr kEtdKx cEmitX yle__article__paragraph\">Niskanen itse koki, ett\u00e4 hiihto oli viel\u00e4 melkoista k\u00e4skytt\u00e4mist\u00e4. T\u00e4m\u00e4n asiantuntija allekirjoittaa.<\/p>\n<p class=\"aw-1gybjub aw-1p7kakr kEtdKx cEmitX yle__article__paragraph\">\u2013 Nyt h\u00e4n p\u00e4\u00e4si iskuet\u00e4isyydelle. Voin kertoa, ett\u00e4 kun l\u00e4hdet veitsi kurkulla kisaan, tied\u00e4t tilanteen ja on pakkorako onnistua&#8230; H\u00e4n pystyi sen hiihdon kaivamaan.<\/p>\n<p class=\"aw-1gybjub aw-1p7kakr kEtdKx cEmitX yle__article__paragraph\">\u2013 Nyt Kertun on paljon helpompi hengitt\u00e4\u00e4. N\u00e4ki kisan j\u00e4lkeen, kuinka helpottunut h\u00e4n oli. Helpotuksen n\u00e4ki my\u00f6s <strong class=\"aw-ak79eh KyCXm yle__article__strong\">Reijosta<\/strong> (valmentaja <strong class=\"aw-ak79eh KyCXm yle__article__strong\">Jylh\u00e4<\/strong>). Kaikki siell\u00e4 ovat olleet aikamoisessa paineessa Kertun alkukauden takia.<\/p>\n<p class=\"aw-1gybjub aw-1p7kakr kEtdKx cEmitX yle__article__paragraph\">T\u00e4m\u00e4 ei tarkoita, ett\u00e4 Niskasen hiihto olisi valmista. Asiantuntijan mukaan se oli riitt\u00e4v\u00e4\u00e4, jotta voidaan huokaista, jatkaa Touria ja luottaa, ett\u00e4 hiihto my\u00f6s vie kuntoa eteenp\u00e4in.<\/p>\n<p class=\"aw-1gybjub aw-1p7kakr kEtdKx cEmitX yle__article__paragraph\">\u2013 Nyt h\u00e4n heng\u00e4styi ja sai itsens\u00e4 tiukille, vaikka se v\u00e4kisin hiihtoa viel\u00e4 olikin.<\/p>\n<p class=\"aw-1gybjub aw-1p7kakr kEtdKx cEmitX yle__article__paragraph\"><strong class=\"aw-ak79eh KyCXm yle__article__strong\">Johanna Matintalon<\/strong> seitsem\u00e4s sija saa my\u00f6s hehkutusta. Saarinen kehuu, ettei ole ikin\u00e4 n\u00e4hnyt Matintalolta yht\u00e4 hyv\u00e4\u00e4 vapaan hiihtotavan menoa kuin aiemmin joulukuussa Trondheimin yhdistelm\u00e4kisassa (14:s sija).<\/p>\n<p class=\"aw-1gybjub aw-1p7kakr kEtdKx cEmitX yle__article__paragraph\">\u2013 Kun hiiht\u00e4j\u00e4 on kunnossa, h\u00e4n pystyy my\u00f6s huonommalla tekniikallaan tekem\u00e4\u00e4n hyv\u00e4n tuloksen.<\/p>\n<p class=\"aw-1gybjub aw-1p7kakr kEtdKx cEmitX yle__article__paragraph\">Matintalo oli pettynyt maanantaina vauhdinjakoonsa. Saarisen mukaan pieni kyykk\u00e4ys viimeisill\u00e4 kilometreill\u00e4 ei t\u00e4ss\u00e4 tapauksessa haittaa yht\u00e4\u00e4n.<\/p>\n<p class=\"aw-1gybjub aw-1p7kakr kEtdKx cEmitX yle__article__paragraph\">\u2013 Todella rohkea aloitus. H\u00e4n hy\u00f6kk\u00e4si ladulle taistelemaan kunnon sijoituksista. T\u00e4m\u00e4 on hyv\u00e4 merkki.<\/p>\n<p>Johanna Matintalo ei ollut t\u00e4ysin tyytyv\u00e4inen, vaikka sijoittui Toblachissa kymmenen parhaan joukkoon.<\/p>\n<p class=\"aw-1gybjub aw-1p7kakr kEtdKx cEmitX yle__article__paragraph\">Samat sanat p\u00e4tev\u00e4t <strong class=\"aw-ak79eh KyCXm yle__article__strong\">Jasmi Joensuuhun<\/strong>, joka kiri sijalle 13 (+57,2). My\u00f6s <strong class=\"aw-ak79eh KyCXm yle__article__strong\">Vilmat Ryytty<\/strong> (28:s) ja <strong class=\"aw-ak79eh KyCXm yle__article__strong\">Nissinen<\/strong> (32:s) tekiv\u00e4t mainiot suoritukset, sanoo asiantuntija.<\/p>\n<p class=\"aw-1gybjub aw-1p7kakr kEtdKx cEmitX yle__article__paragraph\">\u2013 T\u00e4n\u00e4\u00e4n oli paljon positiivisia merkkej\u00e4.<\/p>\n<p class=\"aw-1gybjub aw-1p7kakr kEtdKx cEmitX yle__article__paragraph\"><strong class=\"aw-ak79eh KyCXm yle__article__strong\">Krista P\u00e4rm\u00e4koski<\/strong> ei lukeudu niihin. Koronan sairastanut P\u00e4rm\u00e4koski romahti sijalle 38 (+1.50,5).<\/p>\n<p class=\"aw-1gybjub aw-1p7kakr kEtdKx cEmitX yle__article__paragraph\">\u2013 Yll\u00e4tyin, ett\u00e4 noin pahasti romahti. Toki eilenkin n\u00e4ytti, ett\u00e4 Kristan hiihto oli verkkaista, mutta odotin, ett\u00e4 se olisi v\u00e4h\u00e4n aukaissut. Onko nyt n\u00e4in, ett\u00e4 tauti vaikuttaa taustalla varsinkin lihaksistoon?<\/p>\n<p class=\"aw-1gybjub aw-1p7kakr kEtdKx cEmitX yle__article__paragraph\">\u2013 Aika n\u00e4ytt\u00e4\u00e4, mink\u00e4laisia ratkaisuja h\u00e4n jatkon suhteen tekee. Kysymysmerkkej\u00e4 ja huolestuttava juttu.<\/p>\n<p>Krista P\u00e4rm\u00e4koski uskoo perinteisen kympin kyykk\u00e4yksens\u00e4 olevan sairastelun peruja.Tour de Skin ohjelma ja tv-tiedot<\/p>\n<p class=\"aw-1gybjub aw-1p7kakr kEtdKx cEmitX yle__article__paragraph\"><strong class=\"aw-ak79eh KyCXm yle__article__strong\">TOBLACH:<\/strong><\/p>\n<p class=\"aw-1gybjub aw-1p7kakr kEtdKx cEmitX yle__article__paragraph\"><strong class=\"aw-ak79eh KyCXm yle__article__strong\">Sunnuntai 28.12.<\/strong><br \/>Kello 12.45 Sprintin (v) karsinta<br \/>Kello 15.15 Sprintin (v) er\u00e4vaihe<\/p>\n<p class=\"aw-1gybjub aw-1p7kakr kEtdKx cEmitX yle__article__paragraph\"><strong class=\"aw-ak79eh KyCXm yle__article__strong\">Maanantai 29.12.<\/strong><br \/>Kello 12.45 Miehet, 10 km (p) v\u00e4liaikal\u00e4ht\u00f6<br \/>Kello 15.45 Naiset, 10 km (p) v\u00e4liaikal\u00e4ht\u00f6<\/p>\n<p class=\"aw-1gybjub aw-1p7kakr kEtdKx cEmitX yle__article__paragraph\"><strong class=\"aw-ak79eh KyCXm yle__article__strong\">Keskiviikko 31.12.<\/strong><br \/>Kello 12.30 Miehet, 5 km (v) er\u00e4yhteisl\u00e4ht\u00f6<br \/>Kello 15.30 Naiset, 5 km (v) er\u00e4yhteisl\u00e4ht\u00f6<\/p>\n<p class=\"aw-1gybjub aw-1p7kakr kEtdKx cEmitX yle__article__paragraph\"><strong class=\"aw-ak79eh KyCXm yle__article__strong\">Torstai 1.1.<\/strong><br \/>Kello 11.30 M 20 km (p) takaa-ajo<br \/>Kello 13.30 N 20 km (p) takaa-ajo<\/p>\n<p class=\"aw-1gybjub aw-1p7kakr kEtdKx cEmitX yle__article__paragraph\">Ylell\u00e4 ei ole tv-l\u00e4hetysoikeuksia Toblachin kisoihin, koska ne ovat vain Viaplay Groupilla. Yle Urheilu seuraa kisoja verkkosivuillaan ja Yle-sovelluksessa, Urheiluruudussa ja Urheiluradioissa.<\/p>\n<p class=\"aw-1gybjub aw-1p7kakr kEtdKx cEmitX yle__article__paragraph\"><strong class=\"aw-ak79eh KyCXm yle__article__strong\">VAL DI FIEMME:<\/strong><\/p>\n<p class=\"aw-1gybjub aw-1p7kakr kEtdKx cEmitX yle__article__paragraph\"><strong class=\"aw-ak79eh KyCXm yle__article__strong\">Lauantai 3.1.<\/strong><br \/>Kello 13.15 Sprintin (p) karsinta<br \/>Kello 15.45 Sprintin (p) er\u00e4vaihe<\/p>\n<p class=\"aw-1gybjub aw-1p7kakr kEtdKx cEmitX yle__article__paragraph\"><strong class=\"aw-ak79eh KyCXm yle__article__strong\">Sunnuntai 4.1.<\/strong><br \/>Kello 12.30 Miehet, 10 km (v) yhteisl\u00e4ht\u00f6, loppunousu<br \/>Kello 16.30 Naiset, 10 km (v) yhteisl\u00e4ht\u00f6, loppunousu<\/p>\n<p class=\"aw-1gybjub aw-1p7kakr kEtdKx cEmitX yle__article__paragraph\">Val di Fiemmen kilpailut <a class=\"aw-iao6s4 iHOxEa yle__article__link\" href=\"https:\/\/areena.yle.fi\/1-4329207?t=tulevat-jaksot\" role=\"link\" rel=\"nofollow noopener\" target=\"_blank\">suorina l\u00e4hetyksin\u00e4 TV2:ssa ja Yle Areenassa<\/a>. Lis\u00e4ksi Yle Urheilu seuraa kisoja verkkosivuillaan ja Yle-sovelluksessa, Urheiluruudussa ja Urheiluradioissa.<\/p>\n","protected":false},"excerpt":{"rendered":"Yle Urheilu seurasi Tour de Skin toista kisap\u00e4iv\u00e4\u00e4 eli 10 kilometrin (p) v\u00e4liaikal\u00e4ht\u00f6kisoja t\u00e4ss\u00e4 artikkelissa. Jos Tour de&hellip;\n","protected":false},"author":2,"featured_media":128466,"comment_status":"","ping_status":"","sticky":false,"template":"","format":"standard","meta":{"footnotes":""},"categories":[5],"tags":[15355,22,23,26,27,33,31,30,17,2095,2096,12269,12224,9932,24,25,28,29,15,18,21,2668,32,19,20,22116,160,16],"class_list":{"0":"post-128465","1":"post","2":"type-post","3":"status-publish","4":"format-standard","5":"has-post-thumbnail","7":"category-otsikot","8":"tag-aino-kaisa-saarinen","9":"tag-breaking-news","10":"tag-breakingnews","11":"tag-featured-news","12":"tag-featurednews","13":"tag-fi","14":"tag-finland","15":"tag-finnish","16":"tag-headlines","17":"tag-hiihto","18":"tag-hiihtolajit","19":"tag-iivo-niskanen","20":"tag-kerttu-niskanen","21":"tag-krista-parmakoski","22":"tag-latest-news","23":"tag-latestnews","24":"tag-main-news","25":"tag-mainnews","26":"tag-news","27":"tag-otsikot","28":"tag-paauutiset","29":"tag-pohjoismaiset-hiihtolajit","30":"tag-suomi","31":"tag-top-stories","32":"tag-topstories","33":"tag-tour-de-ski","34":"tag-urheilu","35":"tag-uutiset"},"share_on_mastodon":{"url":"https:\/\/pubeurope.com\/@fi\/115805088889252794","error":""},"_links":{"self":[{"href":"https:\/\/www.europesays.com\/fi\/wp-json\/wp\/v2\/posts\/128465","targetHints":{"allow":["GET"]}}],"collection":[{"href":"https:\/\/www.europesays.com\/fi\/wp-json\/wp\/v2\/posts"}],"about":[{"href":"https:\/\/www.europesays.com\/fi\/wp-json\/wp\/v2\/types\/post"}],"author":[{"embeddable":true,"href":"https:\/\/www.europesays.com\/fi\/wp-json\/wp\/v2\/users\/2"}],"replies":[{"embeddable":true,"href":"https:\/\/www.europesays.com\/fi\/wp-json\/wp\/v2\/comments?post=128465"}],"version-history":[{"count":0,"href":"https:\/\/www.europesays.com\/fi\/wp-json\/wp\/v2\/posts\/128465\/revisions"}],"wp:featuredmedia":[{"embeddable":true,"href":"https:\/\/www.europesays.com\/fi\/wp-json\/wp\/v2\/media\/128466"}],"wp:attachment":[{"href":"https:\/\/www.europesays.com\/fi\/wp-json\/wp\/v2\/media?parent=128465"}],"wp:term":[{"taxonomy":"category","embeddable":true,"href":"https:\/\/www.europesays.com\/fi\/wp-json\/wp\/v2\/categories?post=128465"},{"taxonomy":"post_tag","embeddable":true,"href":"https:\/\/www.europesays.com\/fi\/wp-json\/wp\/v2\/tags?post=128465"}],"curies":[{"name":"wp","href":"https:\/\/api.w.org\/{rel}","templated":true}]}}