{"id":128479,"date":"2025-12-29T22:20:09","date_gmt":"2025-12-29T22:20:09","guid":{"rendered":"https:\/\/www.europesays.com\/fi\/128479\/"},"modified":"2025-12-29T22:20:09","modified_gmt":"2025-12-29T22:20:09","slug":"ano-turtiainen-kertoo-saaneensa-turvapaikan-venajalta-politiikka","status":"publish","type":"post","link":"https:\/\/www.europesays.com\/fi\/128479\/","title":{"rendered":"Ano Turtiainen kertoo saaneensa turvapaikan Ven\u00e4j\u00e4lt\u00e4 | Politiikka"},"content":{"rendered":"<p class=\"aw-1gybjub aw-5vja16 kEtdKx kmuxyA yle__article__paragraph\">Ven\u00e4j\u00e4-mielinen entinen kansanedustaja on her\u00e4tt\u00e4nyt huomiota puheillaan, ett\u00e4 h\u00e4n olisi valmis sotimaan tarpeen tullen suomalaisia vastaan.<\/p>\n<p><img decoding=\"async\" alt=\"Valta kuuluu kansalle -puolueen puoluekokous pidettiin Mikkeliss\u00e4. Ano Turtiainen pit\u00e4m\u00e4ss\u00e4 puhetta.\" src=\"https:\/\/www.europesays.com\/fi\/wp-content\/uploads\/2025\/12\/39-97192562adb1a2a51f4.jpeg\" class=\"aw-1l9m598 hKVVvP\"\/><\/p>\n<p>Avaa kuvien katselu<\/p>\n<p>Ano Turtiainen piti vuonna 2022 puhetta Valta kuuluu kansalle -puolueen kokouksessa, jossa kuultiin my\u00f6s tervehdys Ven\u00e4j\u00e4lt\u00e4. Kuva: Juho Liukkonen \/ Yle<\/p>\n<p>29.12. 18:31\u2022P\u00e4ivitetty 29.12. 18:40<\/p>\n<p class=\"aw-1gybjub aw-1p7kakr kEtdKx cEmitX yle__article__paragraph\">Entinen kansanedustaja <strong class=\"aw-ak79eh KyCXm yle__article__strong\">Ano Turtiainen<\/strong> sanoo saaneensa poliittisen turvapaikan Ven\u00e4j\u00e4lt\u00e4. Turtiainen kertoo asiasta <a class=\"aw-iao6s4 iHOxEa yle__article__link\" href=\"https:\/\/www.youtube.com\/watch?v=KT0tmMXtwZQ\" role=\"link\" rel=\"nofollow noopener\" target=\"_blank\">Youtube-videollaan<\/a>.<\/p>\n<p class=\"aw-1gybjub aw-1p7kakr kEtdKx cEmitX yle__article__paragraph\">Turtiainen sanoo yll\u00e4ttyneens\u00e4, ett\u00e4 kutsu maahanmuuttovirastoon Moskovaan tuli \u201dn\u00e4in aikaisin\u201d. Paikalla oli h\u00e4nen mukaansa my\u00f6s mediaa.<\/p>\n<p class=\"aw-1gybjub aw-1p7kakr kEtdKx cEmitX yle__article__paragraph\">Turtiainen sanoo tapausta historialliseksi. H\u00e4n l\u00e4hti Ven\u00e4j\u00e4lle <a class=\"aw-iao6s4 iHOxEa yle__article__link\" href=\"https:\/\/yle.fi\/a\/74-20192322\" role=\"link\" rel=\"nofollow noopener\" target=\"_blank\">syksyll\u00e4<\/a>.<\/p>\n<p class=\"aw-1gybjub aw-1p7kakr kEtdKx cEmitX yle__article__paragraph\">Turtiainen oli aiemmin <a class=\"aw-iao6s4 iHOxEa yle__article__link\" href=\"https:\/\/www.is.fi\/kotimaa\/art-2000011707552.html?utm_source=ampparit\" role=\"link\" rel=\"nofollow noopener\" target=\"_blank\">t\u00e4ss\u00e4 kuussa julkisuudessa<\/a>, kun h\u00e4n oli kertonut videollaan olevansa valmis taistelemaan Ven\u00e4j\u00e4n riveiss\u00e4 vaikka suomalaisia vastaan.<\/p>\n<p class=\"aw-1gybjub aw-1p7kakr kEtdKx cEmitX yle__article__paragraph\">Turtiainen ehti istua eduskunnassa hetken perussuomalaisten kansanedustajana ennen kuin sai <a class=\"aw-iao6s4 iHOxEa yle__article__link\" href=\"https:\/\/yle.fi\/a\/3-11813107\" role=\"link\" rel=\"nofollow noopener\" target=\"_blank\">potkut puolueesta<\/a>. V\u00e4lit viileniv\u00e4t vuonna 2020, kun Turtiainen oli julkaissut pilkkaavan tviitin poliisiv\u00e4kivallan uhrina Yhdysvalloissa kuolleesta <strong class=\"aw-ak79eh KyCXm yle__article__strong\">George Floydista<\/strong>.<\/p>\n<p class=\"aw-1gybjub aw-1p7kakr kEtdKx cEmitX yle__article__paragraph\">Sen j\u00e4lkeen Turtiainen perusti Valta kuuluu kansalle -puolueen, jonka johdosta <a class=\"aw-iao6s4 iHOxEa yle__article__link\" href=\"https:\/\/yle.fi\/a\/74-20080739\" role=\"link\" rel=\"nofollow noopener\" target=\"_blank\">h\u00e4n sai my\u00f6s l\u00e4ht\u00f6passit<\/a>.<\/p>\n<p class=\"aw-1gybjub aw-1p7kakr kEtdKx cEmitX yle__article__paragraph\">Eduskunta on perim\u00e4ss\u00e4 Turtiaiselta kansanedustajakauden velkoja. Eduskunta koettaa saada Turtiaiselta takaisin vuosien 2022\u20132023 ryhm\u00e4avustuksia, koska Turtiainen ei ole pyynn\u00f6ist\u00e4 huolimatta selvitt\u00e4nyt, mihin h\u00e4n on rahoja k\u00e4ytt\u00e4nyt.<\/p>\n<p class=\"aw-1gybjub aw-1p7kakr kEtdKx cEmitX yle__article__paragraph\">Videollaan h\u00e4n sanoo nyt, ett\u00e4 olisi viel\u00e4 j\u00e4\u00e4nyt Suomeen, mutta \u201dyst\u00e4v\u00e4t Ven\u00e4j\u00e4n puolelta\u201d kehottivat l\u00e4htem\u00e4\u00e4n v\u00e4litt\u00f6m\u00e4sti viranomaistoiminnan takia.<\/p>\n<p class=\"aw-1gybjub aw-1p7kakr kEtdKx cEmitX yle__article__paragraph\">Turtiaisen saamasta turvapaikasta kertoi ensimm\u00e4isen\u00e4 Suomessa <a class=\"aw-iao6s4 iHOxEa yle__article__link\" href=\"https:\/\/www.iltalehti.fi\/ulkomaat\/a\/c5365374-38c6-4a93-aebf-bf62d7adbbeb\" role=\"link\" rel=\"nofollow noopener\" target=\"_blank\">Iltalehti<\/a>.<\/p>\n","protected":false},"excerpt":{"rendered":"Ven\u00e4j\u00e4-mielinen entinen kansanedustaja on her\u00e4tt\u00e4nyt huomiota puheillaan, ett\u00e4 h\u00e4n olisi valmis sotimaan tarpeen tullen suomalaisia vastaan. Avaa kuvien&hellip;\n","protected":false},"author":2,"featured_media":128480,"comment_status":"","ping_status":"","sticky":false,"template":"","format":"standard","meta":{"footnotes":""},"categories":[12],"tags":[22786,22,23,26,27,33,31,30,17,24,25,28,29,15,18,21,637,32,19,20,16],"class_list":{"0":"post-128479","1":"post","2":"type-post","3":"status-publish","4":"format-standard","5":"has-post-thumbnail","7":"category-suomi","8":"tag-ano-turtiainen","9":"tag-breaking-news","10":"tag-breakingnews","11":"tag-featured-news","12":"tag-featurednews","13":"tag-fi","14":"tag-finland","15":"tag-finnish","16":"tag-headlines","17":"tag-latest-news","18":"tag-latestnews","19":"tag-main-news","20":"tag-mainnews","21":"tag-news","22":"tag-otsikot","23":"tag-paauutiset","24":"tag-politiikka","25":"tag-suomi","26":"tag-top-stories","27":"tag-topstories","28":"tag-uutiset"},"share_on_mastodon":{"url":"https:\/\/pubeurope.com\/@fi\/115805187327864246","error":""},"_links":{"self":[{"href":"https:\/\/www.europesays.com\/fi\/wp-json\/wp\/v2\/posts\/128479","targetHints":{"allow":["GET"]}}],"collection":[{"href":"https:\/\/www.europesays.com\/fi\/wp-json\/wp\/v2\/posts"}],"about":[{"href":"https:\/\/www.europesays.com\/fi\/wp-json\/wp\/v2\/types\/post"}],"author":[{"embeddable":true,"href":"https:\/\/www.europesays.com\/fi\/wp-json\/wp\/v2\/users\/2"}],"replies":[{"embeddable":true,"href":"https:\/\/www.europesays.com\/fi\/wp-json\/wp\/v2\/comments?post=128479"}],"version-history":[{"count":0,"href":"https:\/\/www.europesays.com\/fi\/wp-json\/wp\/v2\/posts\/128479\/revisions"}],"wp:featuredmedia":[{"embeddable":true,"href":"https:\/\/www.europesays.com\/fi\/wp-json\/wp\/v2\/media\/128480"}],"wp:attachment":[{"href":"https:\/\/www.europesays.com\/fi\/wp-json\/wp\/v2\/media?parent=128479"}],"wp:term":[{"taxonomy":"category","embeddable":true,"href":"https:\/\/www.europesays.com\/fi\/wp-json\/wp\/v2\/categories?post=128479"},{"taxonomy":"post_tag","embeddable":true,"href":"https:\/\/www.europesays.com\/fi\/wp-json\/wp\/v2\/tags?post=128479"}],"curies":[{"name":"wp","href":"https:\/\/api.w.org\/{rel}","templated":true}]}}