{"id":128483,"date":"2025-12-29T22:33:09","date_gmt":"2025-12-29T22:33:09","guid":{"rendered":"https:\/\/www.europesays.com\/fi\/128483\/"},"modified":"2025-12-29T22:33:09","modified_gmt":"2025-12-29T22:33:09","slug":"suomalaisrappari-nimesi-kappaleensa-ex-kumppaninsa-mukaan-nain-ex-rakas-puhui-erosta-podcastissa","status":"publish","type":"post","link":"https:\/\/www.europesays.com\/fi\/128483\/","title":{"rendered":"Suomalaisr\u00e4pp\u00e4ri nimesi kappaleensa ex-kumppaninsa mukaan \u2013 N\u00e4in ex-rakas puhui erosta podcastissa"},"content":{"rendered":"<p>Cledoksen uusi kappale ilmestyy 2. tammikuuta.<\/p>\n<p><img decoding=\"async\" class=\"image image-show image-preview\" src=\"https:\/\/www.europesays.com\/fi\/wp-content\/uploads\/2025\/12\/aee3478c412b63cfe78f6ccc6d8e1508d7472abbaeace36f4cf0b4767cb171c1.jpg\" alt=\"\"\/><img decoding=\"async\" class=\"image image-show\" src=\"https:\/\/www.europesays.com\/fi\/wp-content\/uploads\/2025\/12\/1767047589_227_aee3478c412b63cfe78f6ccc6d8e1508d7472abbaeace36f4cf0b4767cb171c1.jpg\" alt=\"\"\/><\/p>\n<p>Cledos julkaisee uutta musiikkia vuoden alussa. VALOKUVAAJA MINNA JALOVAARA<\/p>\n<p class=\"paragraph\">Hiljaiseloa pit\u00e4nyt suomalaisr\u00e4pp\u00e4ri <a href=\"https:\/\/www.iltalehti.fi\/henkilot\/Cledos\" class=\"article-link-person-page\" rel=\"nofollow noopener\" target=\"_blank\">Cledos<\/a> eli <a href=\"https:\/\/www.iltalehti.fi\/henkilot\/Cledos\" class=\"article-link-person-page\" rel=\"nofollow noopener\" target=\"_blank\">Vladis Heponen<\/a> julkaisee uuden kappaleen perjantaina 2. tammikuuta. Nene-niminen kappale p\u00e4\u00e4tt\u00e4\u00e4 Cledoksen julkaisutauon. Edellisen kappaleen h\u00e4n on julkaissut hein\u00e4kuussa 2024.<\/p>\n<p class=\"paragraph\">Cledos on jakanut tulevasta kappaleesta makupaloja sosiaalisessa mediassa. Cledos ei ole kertonut kappaleesta tai sen taustoista enemp\u00e4\u00e4, mutta sosiaalisessa mediassa on kiinnitetty jo huomiota kappaleen nimeen. Cledoksen ex-kumppani on malli <strong>Nene Tanninen<\/strong>.<\/p>\n<p class=\"paragraph\">Kappaletta ennakoivissa klipeiss\u00e4 kuuluvat sanoitukset antavat viitteit\u00e4 erokappaleesta.<\/p>\n<p class=\"paragraph\">Sori koko sotkust, jonka m\u00e4 sain aikaan<\/p>\n<p class=\"paragraph\">Must tuntuu et sun kandee olla vaan ton toisen kaa<\/p>\n<p class=\"paragraph\">Toivon et se ei oo niin ku m\u00e4<\/p>\n<p class=\"paragraph\">Kohtelee sua paremmin ku m\u00e4<\/p>\n<p class=\"paragraph\">Tanninen vahvisti joulukuun alussa <a href=\"https:\/\/podimo.com\/fi\/shows\/bff-podi?episode=a9f126eb-8d65-4cef-ab4a-75002a86ca80&amp;utm_shared=true\" rel=\"noopener nofollow\" target=\"_blank\">BFF-podcastissa<\/a> olevansa sinkku. H\u00e4n ja Cledos alkoivat seurustella, kun Tanninen oli 16-vuotias. Nyt 24-vuotias Tanninen oli 23-vuotias vuoden alussa, kun he erosivat.<\/p>\n<p class=\"paragraph\">\u2013 Ehk\u00e4 se oli alussa rankkaa, mutta kyll\u00e4 se oli voimaannuttavaa. Se on kasvattanut minua paljon, Tanninen kuvasi eroaan podcastissa.<\/p>\n<p class=\"paragraph\">Tanninen totesi podcastissa, ett\u00e4 h\u00e4nen \u201dkehonsa kertoi\u201d, ett\u00e4 on pakko erota.<\/p>\n<p class=\"paragraph\">\u2013 Mun keho ainakin kertoi, kaikki paniikkikohtaukset ja kaikki. Keho vain hylkii toista ihmist\u00e4 kaikin tavoin.<\/p>\n<p class=\"paragraph\">Tanninen kertoi my\u00f6s, ett\u00e4 parisuhteessa tapahtui pett\u00e4mist\u00e4.<\/p>\n<p class=\"paragraph\">\u2013 Kun tajuaa sen, ett\u00e4 vittu oikeesti sua petet\u00e4\u00e4n, se on rankkaa, Tanninen totesi.<\/p>\n<p class=\"paragraph\">Tanninen kuitenkin kertoi, ett\u00e4 kokemus kasvatti ja opetti h\u00e4nt\u00e4.<\/p>\n<p class=\"paragraph\">\u2013 Tied\u00e4n, mit\u00e4 haluan ja en halua. En kanna mist\u00e4\u00e4n kaunaa tai ole vihainen. Ei se ole vaikuttanut itsetuntooni.<\/p>\n<p class=\"paragraph\">Cledos nousi tunnetuksi vuonna 2017 T\u00f6is-hitill\u00e4\u00e4n. H\u00e4n on julkaissut urallaan kaksi albumia, joista molemmat ovat nousseet Suomen virallisen albumilistan k\u00e4rkeen.<\/p>\n<p class=\"paragraph\">Cledos on pit\u00e4nyt hiljaiseloa alkuvuodesta 2025 l\u00e4htien. Kes\u00e4ll\u00e4 h\u00e4n <a href=\"https:\/\/www.iltalehti.fi\/musiikki\/694d5926-b9be-46d4-b994-69a4c2d0ffda\" rel=\"nofollow noopener\" target=\"_blank\">esiintyi yll\u00e4tt\u00e4en<\/a> Parolannummen panssariprikaatissa Hattulassa.<\/p>\n","protected":false},"excerpt":{"rendered":"Cledoksen uusi kappale ilmestyy 2. tammikuuta. Cledos julkaisee uutta musiikkia vuoden alussa. VALOKUVAAJA MINNA JALOVAARA Hiljaiseloa pit\u00e4nyt suomalaisr\u00e4pp\u00e4ri&hellip;\n","protected":false},"author":2,"featured_media":128484,"comment_status":"","ping_status":"","sticky":false,"template":"","format":"standard","meta":{"footnotes":""},"categories":[136],"tags":[35,138,1074,407,137,33,31,30,408,47,141,32,484,109],"class_list":{"0":"post-128483","1":"post","2":"type-post","3":"status-publish","4":"format-standard","5":"has-post-thumbnail","7":"category-julkkikset","8":"tag-24h","9":"tag-audio","10":"tag-avioliitto-ja-parisuhde","11":"tag-celebrities","12":"tag-entertainment","13":"tag-fi","14":"tag-finland","15":"tag-finnish","16":"tag-julkkikset","17":"tag-musiikki","18":"tag-muusikot-bandit","19":"tag-suomi","20":"tag-taiteellinen-ilmaisu-ja-mediat","21":"tag-viihde"},"share_on_mastodon":{"url":"https:\/\/pubeurope.com\/@fi\/115805238283528716","error":""},"_links":{"self":[{"href":"https:\/\/www.europesays.com\/fi\/wp-json\/wp\/v2\/posts\/128483","targetHints":{"allow":["GET"]}}],"collection":[{"href":"https:\/\/www.europesays.com\/fi\/wp-json\/wp\/v2\/posts"}],"about":[{"href":"https:\/\/www.europesays.com\/fi\/wp-json\/wp\/v2\/types\/post"}],"author":[{"embeddable":true,"href":"https:\/\/www.europesays.com\/fi\/wp-json\/wp\/v2\/users\/2"}],"replies":[{"embeddable":true,"href":"https:\/\/www.europesays.com\/fi\/wp-json\/wp\/v2\/comments?post=128483"}],"version-history":[{"count":0,"href":"https:\/\/www.europesays.com\/fi\/wp-json\/wp\/v2\/posts\/128483\/revisions"}],"wp:featuredmedia":[{"embeddable":true,"href":"https:\/\/www.europesays.com\/fi\/wp-json\/wp\/v2\/media\/128484"}],"wp:attachment":[{"href":"https:\/\/www.europesays.com\/fi\/wp-json\/wp\/v2\/media?parent=128483"}],"wp:term":[{"taxonomy":"category","embeddable":true,"href":"https:\/\/www.europesays.com\/fi\/wp-json\/wp\/v2\/categories?post=128483"},{"taxonomy":"post_tag","embeddable":true,"href":"https:\/\/www.europesays.com\/fi\/wp-json\/wp\/v2\/tags?post=128483"}],"curies":[{"name":"wp","href":"https:\/\/api.w.org\/{rel}","templated":true}]}}