{"id":128505,"date":"2025-12-29T23:12:08","date_gmt":"2025-12-29T23:12:08","guid":{"rendered":"https:\/\/www.europesays.com\/fi\/128505\/"},"modified":"2025-12-29T23:12:08","modified_gmt":"2025-12-29T23:12:08","slug":"tarkea-talouden-mittari-heikkeni-taas-tama-on-huolestuttavaa","status":"publish","type":"post","link":"https:\/\/www.europesays.com\/fi\/128505\/","title":{"rendered":"T\u00e4rke\u00e4 talouden mittari heikkeni taas \u2013 &#8221;T\u00e4m\u00e4 on huolestuttavaa&#8221;"},"content":{"rendered":"<p>Yliaktuaari Tilastokeskuksesta: \u201dT\u00e4m\u00e4 on kovasti kaivatun talouskasvun kannalta huolestuttavaa, kun tosiasia on, ett\u00e4 BKT:sta noin puolet tulee yksityisest\u00e4 kulutuksesta.\u201d<\/p>\n<p><img decoding=\"async\" class=\"image image-show image-preview\" src=\"https:\/\/www.europesays.com\/fi\/wp-content\/uploads\/2025\/12\/2a84f1fd9ae2277bb3e8207a36e65376fa760fa0c6fb6782e331406304cab214.jpg\" alt=\"\"\/><img decoding=\"async\" class=\"image image-show\" src=\"https:\/\/www.europesays.com\/fi\/wp-content\/uploads\/2025\/12\/1767049928_932_2a84f1fd9ae2277bb3e8207a36e65376fa760fa0c6fb6782e331406304cab214.jpg\" alt=\"\"\/><\/p>\n<p>T\u00e4lt\u00e4 n\u00e4ytti Helsingin Aleksanterinkadulla 10.12.2025. TIINA SOMERPURO<\/p>\n<p class=\"paragraph\">Kuluttajien luottamusta mittaavaa luottamusindikaattori heikkeni joulukuussa saldolukuun \u20137,3, kun se oli marraskuussa \u20136,5, kertoo Tilastokeskus.<\/p>\n<p class=\"paragraph\">T\u00e4m\u00e4n vuoden lokakuussa saldoluku oli \u20137,6 ja vuosi sitten joulukuussa \u20138,6.<\/p>\n<p class=\"paragraph\">Joulukuussa 2025 arviot oman talouden nykytilasta paranivat sek\u00e4 marraskuuhun ett\u00e4 vuodentakaisiin verrattuna, mutta olivat edelleen melko heikot.<\/p>\n<p class=\"paragraph\">Kuluttajien luottamus on ollut heikkoa ja sen vaihtelu v\u00e4h\u00e4ist\u00e4 jo pitk\u00e4\u00e4n.<\/p>\n<p class=\"paragraph\">Varsinainen romahdus luottamuksessa tapahtui jo alkuvuodesta 2022, kun Ven\u00e4j\u00e4 hy\u00f6kk\u00e4si Ukrainaan.<\/p>\n<p class=\"paragraph\">\u2013 Siit\u00e4 luottamus pian hieman nousi, mutta j\u00e4i sitten h\u00e4mm\u00e4stytt\u00e4v\u00e4n pysyv\u00e4sti nykyiselle heikolle tasolleen, Tilastokeskuksen yliaktuaari <strong>Pertti Kangassalo<\/strong> kuvaa kehityst\u00e4 Tilastokeskuksen kotisivuilla.<\/p>\n<p class=\"paragraph\">Juttu jatkuu graafin j\u00e4lkeen.<\/p>\n<p>Varsinainen romahdus luottamuksessa tapahtui jo alkuvuodesta 2022, kun Ven\u00e4j\u00e4 hy\u00f6kk\u00e4si Ukrainaan. <\/p>\n<p>Aikeita k\u00e4ytt\u00e4\u00e4 rahaa suuriin hankintoihin oli yh\u00e4 niukasti<\/p>\n<p class=\"paragraph\">Joulukuussa ajankohtaa pidettiin edelleen eritt\u00e4in ep\u00e4edullisena kestotavaroiden ostamiselle.<\/p>\n<p class=\"paragraph\">My\u00f6s aikeet k\u00e4ytt\u00e4\u00e4 rahaa seuraavan vuoden aikana kestotavaroiden hankintaan olivat joulukuussa entist\u00e4kin niukemmat. Vain 10 prosenttia kuluttajista ennakoi lis\u00e4\u00e4v\u00e4ns\u00e4 ja jopa 42 prosenttia v\u00e4hent\u00e4v\u00e4ns\u00e4 rahank\u00e4ytt\u00f6\u00e4\u00e4n kestokulutukseen vuoden sis\u00e4ll\u00e4.<\/p>\n<p class=\"paragraph\">\u2013 T\u00e4m\u00e4 on kovasti kaivatun talouskasvun kannalta huolestuttavaa, kun tosiasia on, ett\u00e4 BKT:sta noin puolet tulee yksityisest\u00e4 kulutuksesta, Kangassalo toteaa.<\/p>\n<p class=\"paragraph\">Odotukset yleisest\u00e4 ty\u00f6tt\u00f6myyskehityksest\u00e4 jatkuivat synk\u00e4hk\u00f6in\u00e4, ja ty\u00f6tt\u00f6myyden uhka koettiin omalla kohdalla hyvin suureksi.<\/p>\n<p>Asunnon osto ja rakentaminen eiv\u00e4t kiinnosta<\/p>\n<p class=\"paragraph\">Asunnon ostoa tai talon rakentamista harkitsi vain 11 prosenttia kuluttajista. Kodin peruskorjaamiseen suunnitteli k\u00e4ytt\u00e4v\u00e4ns\u00e4 rahaa seuraavan vuoden aikana 16 prosenttia kuluttajista.<\/p>\n<p class=\"paragraph\">Auton ostoa vuoden sis\u00e4ll\u00e4 harkitsi kuitenkin yht\u00e4 moni kuluttaja kuin pitk\u00e4ll\u00e4 ajalla keskim\u00e4\u00e4rin.<\/p>\n<p class=\"paragraph\">Odotukset omasta taloudesta vuoden kuluttua heikkeniv\u00e4t hieman edelliskuusta, mutta pysyiv\u00e4t kuitenkin pitk\u00e4n ajan keskim\u00e4\u00e4r\u00e4isell\u00e4 tasolla. Oman taloutensa kohentumiseen luotti joulukuussa 29 prosenttia kuluttajista ja 17 prosenttia pelk\u00e4si taloutensa heikkenev\u00e4n vuoden kuluessa.<\/p>\n<p class=\"paragraph\">Kangassalon mukaan oman talouden osalta on alkanut virit\u00e4 hieman optimismiakin.<\/p>\n<p class=\"paragraph\">\u2013 Sen nykytilaa toki pidet\u00e4\u00e4n yh\u00e4 melko heikkona aiempaan verrattuna, mutta odotusten ohella my\u00f6s oman rahatilanteen katsotaan olevan pitk\u00e4n ajan normaalilla tasolla. S\u00e4\u00e4st\u00f6j\u00e4 on monille kertynyt, kun kuluttamisesta ja my\u00f6s lainanotosta on pit\u00e4ydytty, Kangassalo kertoo.<\/p>\n<p class=\"paragraph\">Odotukset Suomen taloudesta olivat joulukuussa ennallaan ja vaisut. 21 prosenttia kuluttajista uskoi, ett\u00e4 Suomen taloustilanne paranee seuraavan vuoden aikana. 38 prosenttia puolestaan otaksui, ett\u00e4 maamme talous taantuu.<\/p>\n<p>EK: Teollisuuden luottamusin\u00addi\u00adkaattori keskiarvotasolla<\/p>\n<p class=\"paragraph\">Suomen elinkeinoel\u00e4m\u00e4n yhteenlaskettu talousluottamus koheni aavistuksen joulukuussa, kertoo puolestaan EK. Toimialojen v\u00e4linen vaihtelu oli kuitenkin edelleen merkitt\u00e4v\u00e4\u00e4.<\/p>\n<p class=\"paragraph\">\u2013 Teollisuuden luottamusindikaattorin k\u00e4\u00e4ntyminen nousuun on my\u00f6nteist\u00e4, ja l\u00e4hikuukausien tuotanto-odotukset ovat suotuisat, EK:n p\u00e4\u00e4ekonomisti <strong>Penna Urrila<\/strong> kertoo EK:n kotisivuilla.<\/p>\n<p class=\"paragraph\">Teollisuuden luottamusindikaattori vahvistui joulukuussa saldolukuun 0, kun marraskuun lukema\u00a0oli -6. Luottamus on pitk\u00e4n aikav\u00e4lin keskiarvotasolla (0).<\/p>\n<p class=\"paragraph\">\u2013 EK:n joulukuussa tekem\u00e4n tiedustelun mukaan elpyminen on kuitenkin varsin verkkaista, ja erityisesti rakentamisen suhdanteet ovat pysyneet huomattavasti keskim\u00e4\u00e4r\u00e4ist\u00e4 heikompina, Urrila jatkaa.<\/p>\n<p class=\"paragraph\">Rakentamisen luottamus pysyi heikkona joulukuussa. Luottamusindikaattori painui \u201328 pisteeseen, kun marraskuun saldoluku oli -23. Luottamus on alle pitk\u00e4n aikav\u00e4lin keskiarvon (-9).<\/p>\n<p class=\"paragraph\">Palveluiden luottamus vaimeni joulukuussa. Luottamusindikaattori laski saldolukuun 0, kun marraskuun lukema oli +6. Luottamus on heikompi kuin pitk\u00e4n aikav\u00e4lin keskiarvo (+11).<\/p>\n<p class=\"paragraph\"><strong>V\u00e4hitt\u00e4iskaupan luottamusindikaattori<\/strong> heikkeni hieman. Sen uusin lukema on 0, kun edelliskuussa se oli viel\u00e4 tasolla +4. Luottamus on silti v\u00e4h\u00e4n parempaa kuin pitk\u00e4aikainen keskiarvo (-2).<\/p>\n","protected":false},"excerpt":{"rendered":"Yliaktuaari Tilastokeskuksesta: \u201dT\u00e4m\u00e4 on kovasti kaivatun talouskasvun kannalta huolestuttavaa, kun tosiasia on, ett\u00e4 BKT:sta noin puolet tulee yksityisest\u00e4&hellip;\n","protected":false},"author":2,"featured_media":128506,"comment_status":"","ping_status":"","sticky":false,"template":"","format":"standard","meta":{"footnotes":""},"categories":[12],"tags":[35,22,23,26,27,33,31,30,2346,2168,17,24,25,28,29,2619,15,18,21,32,7915,3248,19,20,16],"class_list":{"0":"post-128505","1":"post","2":"type-post","3":"status-publish","4":"format-standard","5":"has-post-thumbnail","7":"category-suomi","8":"tag-24h","9":"tag-breaking-news","10":"tag-breakingnews","11":"tag-featured-news","12":"tag-featurednews","13":"tag-fi","14":"tag-finland","15":"tag-finnish","16":"tag-hallituksen-talouspolitiikka","17":"tag-hallituspolitiikka","18":"tag-headlines","19":"tag-latest-news","20":"tag-latestnews","21":"tag-main-news","22":"tag-mainnews","23":"tag-makrotalous-ja-talouspolitiikka","24":"tag-news","25":"tag-otsikot","26":"tag-paauutiset","27":"tag-suomi","28":"tag-taloussuhdanteet","29":"tag-taloustieteilijat","30":"tag-top-stories","31":"tag-topstories","32":"tag-uutiset"},"share_on_mastodon":{"url":"https:\/\/pubeurope.com\/@fi\/115805391651015188","error":""},"_links":{"self":[{"href":"https:\/\/www.europesays.com\/fi\/wp-json\/wp\/v2\/posts\/128505","targetHints":{"allow":["GET"]}}],"collection":[{"href":"https:\/\/www.europesays.com\/fi\/wp-json\/wp\/v2\/posts"}],"about":[{"href":"https:\/\/www.europesays.com\/fi\/wp-json\/wp\/v2\/types\/post"}],"author":[{"embeddable":true,"href":"https:\/\/www.europesays.com\/fi\/wp-json\/wp\/v2\/users\/2"}],"replies":[{"embeddable":true,"href":"https:\/\/www.europesays.com\/fi\/wp-json\/wp\/v2\/comments?post=128505"}],"version-history":[{"count":0,"href":"https:\/\/www.europesays.com\/fi\/wp-json\/wp\/v2\/posts\/128505\/revisions"}],"wp:featuredmedia":[{"embeddable":true,"href":"https:\/\/www.europesays.com\/fi\/wp-json\/wp\/v2\/media\/128506"}],"wp:attachment":[{"href":"https:\/\/www.europesays.com\/fi\/wp-json\/wp\/v2\/media?parent=128505"}],"wp:term":[{"taxonomy":"category","embeddable":true,"href":"https:\/\/www.europesays.com\/fi\/wp-json\/wp\/v2\/categories?post=128505"},{"taxonomy":"post_tag","embeddable":true,"href":"https:\/\/www.europesays.com\/fi\/wp-json\/wp\/v2\/tags?post=128505"}],"curies":[{"name":"wp","href":"https:\/\/api.w.org\/{rel}","templated":true}]}}