{"id":128511,"date":"2025-12-29T23:32:08","date_gmt":"2025-12-29T23:32:08","guid":{"rendered":"https:\/\/www.europesays.com\/fi\/128511\/"},"modified":"2025-12-29T23:32:08","modified_gmt":"2025-12-29T23:32:08","slug":"olen-edelleen-jarkyttynyt-jake-paulin-kihlattu-leerdam-taisteli-olympialippunsa-kaatumisen-jalkeen-urheilua-lyhyesti","status":"publish","type":"post","link":"https:\/\/www.europesays.com\/fi\/128511\/","title":{"rendered":"\u201dOlen edelleen j\u00e4rkyttynyt\u201d \u2013 Jake Paulin kihlattu Leerdam taisteli olympialippunsa kaatumisen j\u00e4lkeen | Urheilua lyhyesti"},"content":{"rendered":"<p class=\"aw-1gybjub aw-5vja16 kEtdKx kmuxyA yle__article__paragraph\">Pikaluistelun olympiamitalisti Jutta Leerdam kunnostautui kakkosmatkallaan Hollannin olympiakarsinnoissa. <\/p>\n<p><img decoding=\"async\" alt=\" Jutta Leerdam venyi hienosti 500 metrin karsintamatkalla ja tarrasi vahvasti kiinni olympiamatkaan. \" src=\"https:\/\/www.europesays.com\/fi\/wp-content\/uploads\/2025\/12\/39-15753416952f897138b4.jpeg\" class=\"aw-1l9m598 hKVVvP\"\/><\/p>\n<p>Avaa kuvien katselu<\/p>\n<p>Jutta Leerdam venyi hienosti 500 metrin karsintamatkalla ja tarrasi vahvasti kiinni olympiamatkaan. Kuva: DeFodi Images via Getty Images<\/p>\n<p class=\"aw-1gybjub aw-1p7kakr kEtdKx cEmitX yle__article__paragraph\">P\u00e4\u00e4matkallaan 1 000 metrill\u00e4 dramaattisesti kaatunut <strong class=\"aw-ak79eh KyCXm yle__article__strong\">Jutta Leerdam<\/strong>, 26, venyi 500 metrill\u00e4 ja tarrasi kiinni Milano-Cortinan kisalippuun.<\/p>\n<p class=\"aw-1gybjub aw-1p7kakr kEtdKx cEmitX yle__article__paragraph\">Maailmanmestari ja Pekingin hopealuistelija Leerdam sijoittui 500 metrill\u00e4 toiseksi <strong class=\"aw-ak79eh KyCXm yle__article__strong\">Femke Kokin<\/strong> j\u00e4lkeen ajalla 37,24.<\/p>\n<p><img decoding=\"async\" alt=\"Jutta Leerdam kaatui dramaattisesti maansa olympiakarsinnoissa 26.12.2025. \" src=\"https:\/\/www.europesays.com\/fi\/wp-content\/uploads\/2025\/12\/39-1574707694fa96a5be92.jpeg\" class=\"aw-1l9m598 hKVVvP\"\/><\/p>\n<p class=\"aw-1gybjub aw-1p7kakr kEtdKx cEmitX yle__article__paragraph\">Kok teki heti ensimm\u00e4isell\u00e4 500 metrin vedollaan huippuajan 36,87, jolla h\u00e4n paransi omissa nimiss\u00e4 ollutta rataenn\u00e4tyst\u00e4.<\/p>\n<p class=\"aw-1gybjub aw-1p7kakr kEtdKx cEmitX yle__article__paragraph\">Leerdam sai kakkossijallaan hyv\u00e4t olympiapisteet kisavalintaa ajatellen. H\u00e4n itse uskoo p\u00e4\u00e4sev\u00e4ns\u00e4 talviolympialaisiin.<\/p>\n<p class=\"aw-1gybjub aw-1p7kakr kEtdKx cEmitX yle__article__paragraph\">\u2013 N\u00e4hd\u00e4\u00e4n todenn\u00e4k\u00f6isesti Milanon olympialaisissa 500 metrill\u00e4! Nyt toivon, ett\u00e4 saan mahdollisuuden luistella sill\u00e4 matkalla, jolta olen voittanut t\u00e4ll\u00e4 kaudella useita maailmancupin kultamitaleja, Leerdam kirjoitti Instagramiin maanantaina.<\/p>\n<p class=\"aw-1gybjub aw-1p7kakr kEtdKx cEmitX yle__article__paragraph\">Huippuluistelijan 1 000 metrin kohtalo on Hollannin luisteluliiton KNSB:n kolmij\u00e4senisen valintakomitean k\u00e4siss\u00e4. Komitea tekee p\u00e4\u00e4t\u00f6ksen tiistaina p\u00e4\u00e4ttyvien karsintakilpailujen j\u00e4lkeen.<\/p>\n<p class=\"aw-1gybjub aw-1p7kakr kEtdKx cEmitX yle__article__paragraph\">\u2013 Olen edelleen j\u00e4rkyttynyt \u2013 en ole koskaan saanut n\u00e4in paljon viestej\u00e4. Tunnen kaikkien tuen niin voimakkaasti, ja olen siit\u00e4 todella kiitollinen.<br \/>Luen kaiken, ja se merkitsee minulle enemm\u00e4n kuin uskottekaan.<\/p>\n<p class=\"aw-1gybjub aw-1p7kakr kEtdKx cEmitX yle__article__paragraph\">Yksityisel\u00e4m\u00e4ss\u00e4 Leerdam on noussut otsikoihin my\u00f6s kihlauksellaan yhdysvaltalaisen some- ja nyrkkeilyt\u00e4hti <strong class=\"aw-ak79eh KyCXm yle__article__strong\">Jake Paulin<\/strong> kanssa.<\/p>\n<p>Kok kilpailee olympialaisissa kolmella matkalla<\/p>\n<p class=\"aw-1gybjub aw-1p7kakr kEtdKx cEmitX yle__article__paragraph\">Femke Kok ei ole kahden viime kauden aikana h\u00e4vinnyt yht\u00e4\u00e4n maailmancupin kisaa 500 metrill\u00e4. H\u00e4n on kyseisen matkan kolminkertainen maailmanmestari ja maailmanenn\u00e4tyksen haltija.<\/p>\n<p class=\"aw-1gybjub aw-1p7kakr kEtdKx cEmitX yle__article__paragraph\">Maanantaina Kok varmisti paikkansa jo kolmannelle olympiamatkalle, kun h\u00e4n h\u00e4visi sadasosalla 1 500 metrin karsintavoiton.<\/p>\n<p class=\"aw-1gybjub aw-1p7kakr kEtdKx cEmitX yle__article__paragraph\">Milanossa Femke Kok kilpailee ensin 1 000 metrill\u00e4, sen j\u00e4lkeen 500 metrill\u00e4 ja lopuksi viel\u00e4 bonusmatkalla 1500 metrill\u00e4.<\/p>\n<p class=\"aw-1gybjub aw-1p7kakr kEtdKx cEmitX yle__article__paragraph\">\u2013 P\u00e4\u00e4tavoitteeni on edelleen 500 metrill\u00e4, mutta aikataulu siell\u00e4 on t\u00e4ydellinen. T\u00e4\u00e4ll\u00e4 minulla oli yksi y\u00f6 valmistautua 500 metrille, Milanossa viisi p\u00e4iv\u00e4\u00e4, Kok iloitsi.<\/p>\n<p class=\"aw-1gybjub aw-1p7kakr kEtdKx cEmitX yle__article__paragraph\"><a class=\"aw-iao6s4 iHOxEa yle__article__link\" href=\"https:\/\/yle.fi\/a\/74-20186944\" role=\"link\" rel=\"nofollow noopener\" target=\"_blank\">Talviolympialaiset 2026 j\u00e4rjestet\u00e4\u00e4n Italiassa 6.\u201322. helmikuuta. Kisat n\u00e4hd\u00e4\u00e4n ja kuullaan suorina l\u00e4hetyksin\u00e4 Ylen kanavilla.<\/a><\/p>\n","protected":false},"excerpt":{"rendered":"Pikaluistelun olympiamitalisti Jutta Leerdam kunnostautui kakkosmatkallaan Hollannin olympiakarsinnoissa. Avaa kuvien katselu Jutta Leerdam venyi hienosti 500 metrin karsintamatkalla&hellip;\n","protected":false},"author":2,"featured_media":128512,"comment_status":"","ping_status":"","sticky":false,"template":"","format":"standard","meta":{"footnotes":""},"categories":[158],"tags":[33,31,30,22449,22790,22450,22791,159,32,13138,160],"class_list":{"0":"post-128511","1":"post","2":"type-post","3":"status-publish","4":"format-standard","5":"has-post-thumbnail","7":"category-urheilu","8":"tag-fi","9":"tag-finland","10":"tag-finnish","11":"tag-jutta-leerdam","12":"tag-pikaluistelijat","13":"tag-pikaluistelu","14":"tag-pikaluistelu-olympialaisissa","15":"tag-sports","16":"tag-suomi","17":"tag-talviolympialaiset-milano-cortina-2026","18":"tag-urheilu"},"share_on_mastodon":{"url":"https:\/\/pubeurope.com\/@fi\/115805470664038783","error":""},"_links":{"self":[{"href":"https:\/\/www.europesays.com\/fi\/wp-json\/wp\/v2\/posts\/128511","targetHints":{"allow":["GET"]}}],"collection":[{"href":"https:\/\/www.europesays.com\/fi\/wp-json\/wp\/v2\/posts"}],"about":[{"href":"https:\/\/www.europesays.com\/fi\/wp-json\/wp\/v2\/types\/post"}],"author":[{"embeddable":true,"href":"https:\/\/www.europesays.com\/fi\/wp-json\/wp\/v2\/users\/2"}],"replies":[{"embeddable":true,"href":"https:\/\/www.europesays.com\/fi\/wp-json\/wp\/v2\/comments?post=128511"}],"version-history":[{"count":0,"href":"https:\/\/www.europesays.com\/fi\/wp-json\/wp\/v2\/posts\/128511\/revisions"}],"wp:featuredmedia":[{"embeddable":true,"href":"https:\/\/www.europesays.com\/fi\/wp-json\/wp\/v2\/media\/128512"}],"wp:attachment":[{"href":"https:\/\/www.europesays.com\/fi\/wp-json\/wp\/v2\/media?parent=128511"}],"wp:term":[{"taxonomy":"category","embeddable":true,"href":"https:\/\/www.europesays.com\/fi\/wp-json\/wp\/v2\/categories?post=128511"},{"taxonomy":"post_tag","embeddable":true,"href":"https:\/\/www.europesays.com\/fi\/wp-json\/wp\/v2\/tags?post=128511"}],"curies":[{"name":"wp","href":"https:\/\/api.w.org\/{rel}","templated":true}]}}