{"id":128515,"date":"2025-12-29T23:36:13","date_gmt":"2025-12-29T23:36:13","guid":{"rendered":"https:\/\/www.europesays.com\/fi\/128515\/"},"modified":"2025-12-29T23:36:13","modified_gmt":"2025-12-29T23:36:13","slug":"rikalan-legendaarinen-yokerho-avataan-uudella-idealla-tallaisia-tiloja-ei-oikein-ole-salossa","status":"publish","type":"post","link":"https:\/\/www.europesays.com\/fi\/128515\/","title":{"rendered":"Rikalan legendaarinen y\u00f6kerho avataan uudella idealla: &#8221;T\u00e4llaisia tiloja ei oikein ole Salossa&#8221;"},"content":{"rendered":"<p>Pitk\u00e4\u00e4n tyhjill\u00e4\u00e4n ollut Rikalan y\u00f6kerho avataan uudella konseptilla.<\/p>\n<p>Tiloja remontoidaan parhaillaan tapahtumien j\u00e4rjest\u00e4mist\u00e4 varten. Siell\u00e4 voi j\u00e4rjest\u00e4\u00e4 jatkossa esimerkiksi konsertin, valmistujaisjuhlat tai kokouksen.<\/p>\n<p>Suur-Seudun Osuuskaupan SSO:n liikepaikkap\u00e4\u00e4llikk\u00f6 <b>Mika Tolppola<\/b> kertoo, ett\u00e4 remontin on tarkoitus valmistua helmikuussa.<\/p>\n<p>Osuuskauppa teki p\u00e4\u00e4t\u00f6ksen vanhan y\u00f6kerhon avaamisesta osittain sill\u00e4 perusteella, ett\u00e4 hotellin kokoustilat ovat aktiivisessa k\u00e4yt\u00f6ss\u00e4.<\/p>\n<p>\u2013 Ajattelimme, ettei t\u00e4llaisia tiloja oikein ole Salossa. Ja ett\u00e4 meill\u00e4h\u00e4n on valmiiksi tilat paraatipaikalla, Tolppola sanoo.<\/p>\n<p>Ravintola Rikalan katutasossa sijainnut y\u00f6kerho lakkautettiin vuonna 2021. Se sijaitsi Asemakatu 15:ss\u00e4.<\/p>\n<p>Tyhj\u00e4st\u00e4 y\u00f6kerhosta on tullut vuosien varrella Tolppolan mukaan s\u00e4\u00e4nn\u00f6llisesti kyselyit\u00e4.<\/p>\n<p>\u2013 Joku on ollut kiinnostunut siit\u00e4 toimistotilana, joku y\u00f6kerhona tai ravintolana. Kyselyt eiv\u00e4t ole johtaneet lopputulokseen. Lopulta p\u00e4\u00e4timme, ett\u00e4 teemme itse.<\/p>\n<p><img fetchpriority=\"high\" decoding=\"async\" class=\"size-full wp-image-1016545\" src=\"https:\/\/www.europesays.com\/fi\/wp-content\/uploads\/2025\/12\/11639849.JPG\" alt=\"\" width=\"1000\" height=\"628\"  \/>Jonoa lauantai-iltana Rikalan y\u00f6kerhon edess\u00e4 vuonna 2002. Kuva: SSS-arkisto\/Minna Passi<\/p>\n<p>Vanhan y\u00f6kerhon j\u00e4lki\u00e4 ei en\u00e4\u00e4 Rikalassa n\u00e4y.<\/p>\n<p>Yli 800:n neli\u00f6metrin tilassa oli aiemmin kiinteit\u00e4 v\u00e4liseini\u00e4 ja muita rakenteita. Siell\u00e4 on ollut erikseen karaoke ja hotellin aamiaistiloja.<\/p>\n<p>Jatkossa vanha y\u00f6kerho on yhten\u00e4inen ja avara. Siten se muuntautuu monenlaiseen k\u00e4ytt\u00f6\u00f6n.<\/p>\n<p>Tiloihin rakennetaan kiinte\u00e4 baaritiski, narikka ja kokoustekniikkaa. Uutta y\u00f6kerhoa ei ole Tolppolan mukaan tarkoitus avata.<\/p>\n<p>\u2013 Suunnittelemme puhtaasti tapahtumapaikkaa, jossa voisi hy\u00f6dynt\u00e4\u00e4 Rikalan ravintolapalveluita. Tila on auki vain varauksesta.<\/p>\n<p><img loading=\"lazy\" decoding=\"async\" class=\"size-full wp-image-1016546\" src=\"https:\/\/www.europesays.com\/fi\/wp-content\/uploads\/2025\/12\/11639847.JPG\" alt=\"\" width=\"1000\" height=\"676\"  \/>Toimialajohtaja Kosti Talala esitteli uutta y\u00f6kerhoa vuonna 2011. Kuva: SSS-arkisto\/Kirsi-Maarit Venetpalo<\/p>\n<p>T\u00e4ll\u00e4 hetkell\u00e4 remonttity\u00f6maalla viimeistell\u00e4\u00e4n pintoja.<\/p>\n<p>Mika Tolppola kertoo, ett\u00e4 s\u00e4hk\u00f6t on jo uusittu, samoin lattia. Y\u00f6kerhon rakenteet ja pinnat olivat per\u00e4isin 1990-luvulta.<\/p>\n<p>\u2013 Kaikki alkuper\u00e4inen on purettu kalusteita my\u00f6den.<\/p>\n<p>Y\u00f6kerho on varattavissa tapahtumiin helmikuun puoliv\u00e4lin j\u00e4lkeen.<\/p>\n<p><strong>Parhaimmillaan kolme baaritiski\u00e4<\/strong><\/p>\n<p>Legendaarinen y\u00f6kerho Rikala Night Club perustettiin vuonna 1991.<\/p>\n<p>Y\u00f6kerho siirtyi katutasosta kellariin vuonna 2003. Rikalan monttuna tunnettuun tilaan tuotiin ruletti- ja blackjack -p\u00f6yti\u00e4. Suositussa ravintolassa oli parhaimmillaan kolme baaritiski\u00e4.<\/p>\n<p>Mustans\u00e4vyisess\u00e4 ja matalassa ravintolassa oli anniskelupaikkoja enimmill\u00e4\u00e4n yli 900.<\/p>\n<p>Rikala Night Club siirtyi takaisin katutasoon vuonna 2012. Y\u00f6kerhon ja ruokaravintolan v\u00e4lill\u00e4 oli vapaa kulku.<\/p>\n<p>Y\u00f6kerho remontoitiin ja eriytettiin Asemakadun laitaan omaksi tilakseen vuonna 2019. Sielt\u00e4 ei ollut kulkua ruokaravintolaan.<\/p>\n<p>Y\u00f6kerho sulki ovensa toistaiseksi vuonna 2020. Vuotta my\u00f6hemmin se lopetti toimintansa kokonaan.<\/p>\n<p><strong>Lue lis\u00e4\u00e4:\u00a0<\/strong><\/p>\n<p class=\"entry-title\"><a href=\"https:\/\/www.sss.fi\/2021\/03\/kun-se-oikea-loytyi-rikalan-tanssilattialta-rikala-night-clubin-tarina-paattyi-mutta-legendaarinen-menopaikka-elaa-muistoissa\/\" rel=\"nofollow noopener\" target=\"_blank\">Kun se oikea l\u00f6ytyi Rikalan tanssilattialta \u2013 Rikala Night Clubin tarina p\u00e4\u00e4ttyi, mutta legendaarinen menopaikka el\u00e4\u00e4 muistoissa<\/a><\/p>\n<p><img loading=\"lazy\" decoding=\"async\" class=\"size-full wp-image-1016547\" src=\"https:\/\/www.europesays.com\/fi\/wp-content\/uploads\/2025\/12\/11639820.jpg\" alt=\"\" width=\"1000\" height=\"613\"  \/>Rikala Night Club lopetti toimintansa vuonna 2021. Kuva: SSS\/Marko Mattila<\/p>\n","protected":false},"excerpt":{"rendered":"Pitk\u00e4\u00e4n tyhjill\u00e4\u00e4n ollut Rikalan y\u00f6kerho avataan uudella konseptilla. Tiloja remontoidaan parhaillaan tapahtumien j\u00e4rjest\u00e4mist\u00e4 varten. Siell\u00e4 voi j\u00e4rjest\u00e4\u00e4 jatkossa&hellip;\n","protected":false},"author":2,"featured_media":128516,"comment_status":"","ping_status":"","sticky":false,"template":"","format":"standard","meta":{"footnotes":""},"categories":[76],"tags":[79,77,33,31,30,3148,22792,3723,32,78],"class_list":{"0":"post-128515","1":"post","2":"type-post","3":"status-publish","4":"format-standard","5":"has-post-thumbnail","7":"category-talous","8":"tag-business","9":"tag-economy","10":"tag-fi","11":"tag-finland","12":"tag-finnish","13":"tag-hotellit","14":"tag-osuuskauppa","15":"tag-ravintolat","16":"tag-suomi","17":"tag-talous"},"share_on_mastodon":{"url":"https:\/\/pubeurope.com\/@fi\/115805486057209473","error":""},"_links":{"self":[{"href":"https:\/\/www.europesays.com\/fi\/wp-json\/wp\/v2\/posts\/128515","targetHints":{"allow":["GET"]}}],"collection":[{"href":"https:\/\/www.europesays.com\/fi\/wp-json\/wp\/v2\/posts"}],"about":[{"href":"https:\/\/www.europesays.com\/fi\/wp-json\/wp\/v2\/types\/post"}],"author":[{"embeddable":true,"href":"https:\/\/www.europesays.com\/fi\/wp-json\/wp\/v2\/users\/2"}],"replies":[{"embeddable":true,"href":"https:\/\/www.europesays.com\/fi\/wp-json\/wp\/v2\/comments?post=128515"}],"version-history":[{"count":0,"href":"https:\/\/www.europesays.com\/fi\/wp-json\/wp\/v2\/posts\/128515\/revisions"}],"wp:featuredmedia":[{"embeddable":true,"href":"https:\/\/www.europesays.com\/fi\/wp-json\/wp\/v2\/media\/128516"}],"wp:attachment":[{"href":"https:\/\/www.europesays.com\/fi\/wp-json\/wp\/v2\/media?parent=128515"}],"wp:term":[{"taxonomy":"category","embeddable":true,"href":"https:\/\/www.europesays.com\/fi\/wp-json\/wp\/v2\/categories?post=128515"},{"taxonomy":"post_tag","embeddable":true,"href":"https:\/\/www.europesays.com\/fi\/wp-json\/wp\/v2\/tags?post=128515"}],"curies":[{"name":"wp","href":"https:\/\/api.w.org\/{rel}","templated":true}]}}