{"id":128521,"date":"2025-12-29T23:39:10","date_gmt":"2025-12-29T23:39:10","guid":{"rendered":"https:\/\/www.europesays.com\/fi\/128521\/"},"modified":"2025-12-29T23:39:10","modified_gmt":"2025-12-29T23:39:10","slug":"jaakiekko-suomelle-karvas-tappio-nuorten-mm-kisoissa-adam-jiricek-taituroi-upean-ratkaisun","status":"publish","type":"post","link":"https:\/\/www.europesays.com\/fi\/128521\/","title":{"rendered":"J\u00e4\u00e4kiekko: Suomelle karvas tappio nuorten MM-kisoissa \u2013 Adam Jiricek taituroi upean ratkaisun"},"content":{"rendered":"<p>Adam Jiricek taituroi upean voittomaalin Tshekille.<\/p>\n<p>29.12. 22:16 | P\u00e4ivitetty 1:38<\/p>\n<p class=\"article-body mb-nof-24 px-nof-16\">Nuoret Leijonat k\u00e4rsi ensimm\u00e4isen tappionsa j\u00e4\u00e4kiekon alle 20-vuotiaiden MM-kisoissa, kun <a class=\"article-personlink\" href=\"https:\/\/www.is.fi\/haku\/?query=Adam%20Jiricek\" rel=\"nofollow noopener\" target=\"_blank\">Adam Jiricek<\/a> taituroi Tshekille upean jatkoaikamaalin.<\/p>\n<p class=\"article-body mb-nof-24 px-nof-16\">Tshekki voitti Jiricekin jalkakyn\u00e4n ansiosta 2\u20131.<\/p>\n<p class=\"article-body mb-nof-24 px-nof-16\">Suomi nousi jatkoajalle viime hetkill\u00e4, kun <a class=\"article-personlink\" href=\"https:\/\/www.is.fi\/haku\/?query=Emil%20Hemming\" rel=\"nofollow noopener\" target=\"_blank\">Emil Hemming<\/a> laukoi tasoituksen <a class=\"article-personlink\" href=\"https:\/\/www.is.fi\/haku\/?query=Leo%20Tuuvan\" rel=\"nofollow noopener\" target=\"_blank\">Leo Tuuvan<\/a> ja <a class=\"article-personlink\" href=\"https:\/\/www.is.fi\/haku\/?query=Heikki%20Ruohosen\" rel=\"nofollow noopener\" target=\"_blank\">Heikki Ruohosen<\/a> sy\u00f6t\u00f6st\u00e4 ajassa 59.40.<\/p>\n<p class=\"article-body mb-nof-24 px-nof-16\">\u2013 Vietiin syv\u00e4\u00e4n, ja hyvin Heikki voitti kaksinkamppailun ja antoi Leolle. Leo antoi hyv\u00e4n sy\u00f6t\u00f6n minulle. Siit\u00e4 oli kiva laittaa sis\u00e4\u00e4n, Hemming kertasi TV5:n haastattelussa.<\/p>\n<p class=\"article-body mb-nof-24 px-nof-16\">Tshekin avausmaalin iski <a class=\"article-personlink\" href=\"https:\/\/www.is.fi\/haku\/?query=Matej%20Kubiesa\" rel=\"nofollow noopener\" target=\"_blank\">Matej Kubiesa<\/a>. Osuma syntyi viiden minuutin ylivoiman aikana \u2013 <a class=\"article-personlink\" href=\"https:\/\/www.is.fi\/haku\/?query=Veeti%20V%C3%A4is%C3%A4nen\" rel=\"nofollow noopener\" target=\"_blank\">Veeti V\u00e4is\u00e4nen<\/a> sai suihkukomennuksen poikittaisesta mailasta jo ajassa 1.06.<\/p>\n<p class=\"article-body mb-nof-24 px-nof-16\">Suomen parhaana palkittiin maalivahti <a class=\"article-personlink\" href=\"https:\/\/www.is.fi\/haku\/?query=Petteri%20Rimpinen\" rel=\"nofollow noopener\" target=\"_blank\">Petteri Rimpinen<\/a>.<\/p>\n<p class=\"article-body mb-nof-24 px-nof-16\">Suomi pelaa viimeisen alkulohkon ottelunsa torstaina 1.1. kello 3.30 Kanadaa vastaan.<\/p>\n<p class=\"article-body mb-nof-24 px-nof-16\">\u2013 Se on hyv\u00e4 mittari meille: katsotaan, miss\u00e4 menn\u00e4\u00e4n. Varsinkin t\u00e4llaisen pelin j\u00e4lkeen j\u00e4\u00e4 sellainen karvas maku suuhun, ett\u00e4 haluaa parantaa. Olen varma, ett\u00e4 joka j\u00e4tk\u00e4 on latautunut siihen peliin, Hemming sanoi TV5:lle.<\/p>\n<p class=\"article-body nof-ui-body-medium mb-nof-24 px-nof-16\">IS seurasi ottelua hetki hetkelt\u00e4. Seuranta aukeaa alle.<\/p>\n","protected":false},"excerpt":{"rendered":"Adam Jiricek taituroi upean voittomaalin Tshekille. 29.12. 22:16 | P\u00e4ivitetty 1:38 Nuoret Leijonat k\u00e4rsi ensimm\u00e4isen tappionsa j\u00e4\u00e4kiekon alle&hellip;\n","protected":false},"author":2,"featured_media":128522,"comment_status":"","ping_status":"","sticky":false,"template":"","format":"standard","meta":{"footnotes":""},"categories":[5],"tags":[22,23,26,27,33,31,30,17,34,24,25,28,29,15,18,21,32,19,20,16],"class_list":{"0":"post-128521","1":"post","2":"type-post","3":"status-publish","4":"format-standard","5":"has-post-thumbnail","7":"category-otsikot","8":"tag-breaking-news","9":"tag-breakingnews","10":"tag-featured-news","11":"tag-featurednews","12":"tag-fi","13":"tag-finland","14":"tag-finnish","15":"tag-headlines","16":"tag-ilta-sanomat","17":"tag-latest-news","18":"tag-latestnews","19":"tag-main-news","20":"tag-mainnews","21":"tag-news","22":"tag-otsikot","23":"tag-paauutiset","24":"tag-suomi","25":"tag-top-stories","26":"tag-topstories","27":"tag-uutiset"},"share_on_mastodon":{"url":"https:\/\/pubeurope.com\/@fi\/115805497731286159","error":""},"_links":{"self":[{"href":"https:\/\/www.europesays.com\/fi\/wp-json\/wp\/v2\/posts\/128521","targetHints":{"allow":["GET"]}}],"collection":[{"href":"https:\/\/www.europesays.com\/fi\/wp-json\/wp\/v2\/posts"}],"about":[{"href":"https:\/\/www.europesays.com\/fi\/wp-json\/wp\/v2\/types\/post"}],"author":[{"embeddable":true,"href":"https:\/\/www.europesays.com\/fi\/wp-json\/wp\/v2\/users\/2"}],"replies":[{"embeddable":true,"href":"https:\/\/www.europesays.com\/fi\/wp-json\/wp\/v2\/comments?post=128521"}],"version-history":[{"count":0,"href":"https:\/\/www.europesays.com\/fi\/wp-json\/wp\/v2\/posts\/128521\/revisions"}],"wp:featuredmedia":[{"embeddable":true,"href":"https:\/\/www.europesays.com\/fi\/wp-json\/wp\/v2\/media\/128522"}],"wp:attachment":[{"href":"https:\/\/www.europesays.com\/fi\/wp-json\/wp\/v2\/media?parent=128521"}],"wp:term":[{"taxonomy":"category","embeddable":true,"href":"https:\/\/www.europesays.com\/fi\/wp-json\/wp\/v2\/categories?post=128521"},{"taxonomy":"post_tag","embeddable":true,"href":"https:\/\/www.europesays.com\/fi\/wp-json\/wp\/v2\/tags?post=128521"}],"curies":[{"name":"wp","href":"https:\/\/api.w.org\/{rel}","templated":true}]}}