{"id":128543,"date":"2025-12-30T00:29:07","date_gmt":"2025-12-30T00:29:07","guid":{"rendered":"https:\/\/www.europesays.com\/fi\/128543\/"},"modified":"2025-12-30T00:29:07","modified_gmt":"2025-12-30T00:29:07","slug":"yksityisen-varhaiskasvatusalan-tyoehtosopimusneuvotteluissa-saavutettiin-tulos","status":"publish","type":"post","link":"https:\/\/www.europesays.com\/fi\/128543\/","title":{"rendered":"Yksityisen varhaiskasvatusalan ty\u00f6ehtosopimusneuvotteluissa saavutettiin tulos"},"content":{"rendered":"<p class=\"teksti\">Yksityisen varhaiskasvatusalan ty\u00f6ehtosopimusneuvotteluissa on saavutettu neuvottelutulos. Kyseess\u00e4 on t\u00e4ysin uusi ty\u00f6ehtosopimus yksityiselle varhaiskasvatusalalle. Alalla ei ole aiemmin ollut omaa sopimusta, vaan toimijat ovat olleet muun muassa yksityisen sosiaalipalvelualan ty\u00f6ehtosopimuksen piiriss\u00e4, joka p\u00e4\u00e4ttyy varhaiskasvatuksen osalta 31.12.2025.  <\/p>\n<p class=\"teksti\">Sopimuksen hyv\u00e4ksyminen vaatii\u00a0viel\u00e4 kaikkien\u00a0neuvotteluosapuolten hallintojen k\u00e4sittelyn.<\/p>\n<p class=\"teksti\">Sopimuksen sis\u00e4lt\u00f6 tulee julkiseksi, jos neuvotteluosapuolten hallinnot hyv\u00e4ksyv\u00e4t sopimuksen. <\/p>\n<p class=\"teksti\">\u2013\u2009Neuvotteluissa on tehty pitk\u00e4\u00e4n ja lujasti t\u00f6it\u00e4 uuden yksityisen varhaiskasvatusalan ty\u00f6ehtosopimuksen eteen. Hienoa, ett\u00e4 neuvottelup\u00f6yd\u00e4ss\u00e4 on l\u00f6ydetty lopulta yhteisi\u00e4 ratkaisuja. Suuret kiitokset neuvotteluty\u00f6st\u00e4, sanoo tiedotteessa Sosiaalialan korkeakoulutettujen ammattij\u00e4rjest\u00f6 Talentian puheenjohtaja Jenni Karsio.<\/p>\n<p class=\"teksti\">Yksityisen varhaiskasvatusalan neuvotteluja on k\u00e4yty syksyst\u00e4 2024 alkaen.\u00a0<\/p>\n<p class=\"teksti\">Neuvotteluissa ovat olleet mukana SuPer, JHL, OAJ ja Talentia sek\u00e4 ty\u00f6nantajia edustava\u00a0Sivista.<\/p>\n<p class=\"teksti\">Yksityinen varhaiskasvatusala ty\u00f6llist\u00e4\u00e4 noin 10\u2009000 palkansaajaa. Suomessa asuvista lapsista noin 20 prosenttia on yksityisiss\u00e4 p\u00e4iv\u00e4kodeissa, eli vuosittain reilut 40\u2009000 lasta saa varhaiskasvatusta yksityisesti j\u00e4rjestetyiss\u00e4 varhaiskasvatuspalveluissa.\u00a0<\/p>\n","protected":false},"excerpt":{"rendered":"Yksityisen varhaiskasvatusalan ty\u00f6ehtosopimusneuvotteluissa on saavutettu neuvottelutulos. Kyseess\u00e4 on t\u00e4ysin uusi ty\u00f6ehtosopimus yksityiselle varhaiskasvatusalalle. Alalla ei ole aiemmin ollut&hellip;\n","protected":false},"author":2,"featured_media":2022,"comment_status":"","ping_status":"","sticky":false,"template":"","format":"standard","meta":{"footnotes":""},"categories":[14],"tags":[22,23,26,27,33,31,30,17,24,25,28,29,15,18,21,32,19,20,56,16,59,60,61],"class_list":{"0":"post-128543","1":"post","2":"type-post","3":"status-publish","4":"format-standard","5":"has-post-thumbnail","7":"category-ulkomaat","8":"tag-breaking-news","9":"tag-breakingnews","10":"tag-featured-news","11":"tag-featurednews","12":"tag-fi","13":"tag-finland","14":"tag-finnish","15":"tag-headlines","16":"tag-latest-news","17":"tag-latestnews","18":"tag-main-news","19":"tag-mainnews","20":"tag-news","21":"tag-otsikot","22":"tag-paauutiset","23":"tag-suomi","24":"tag-top-stories","25":"tag-topstories","26":"tag-ulkomaat","27":"tag-uutiset","28":"tag-world","29":"tag-world-news","30":"tag-worldnews"},"share_on_mastodon":{"url":"https:\/\/pubeurope.com\/@fi\/115805694405229234","error":""},"_links":{"self":[{"href":"https:\/\/www.europesays.com\/fi\/wp-json\/wp\/v2\/posts\/128543","targetHints":{"allow":["GET"]}}],"collection":[{"href":"https:\/\/www.europesays.com\/fi\/wp-json\/wp\/v2\/posts"}],"about":[{"href":"https:\/\/www.europesays.com\/fi\/wp-json\/wp\/v2\/types\/post"}],"author":[{"embeddable":true,"href":"https:\/\/www.europesays.com\/fi\/wp-json\/wp\/v2\/users\/2"}],"replies":[{"embeddable":true,"href":"https:\/\/www.europesays.com\/fi\/wp-json\/wp\/v2\/comments?post=128543"}],"version-history":[{"count":0,"href":"https:\/\/www.europesays.com\/fi\/wp-json\/wp\/v2\/posts\/128543\/revisions"}],"wp:featuredmedia":[{"embeddable":true,"href":"https:\/\/www.europesays.com\/fi\/wp-json\/wp\/v2\/media\/2022"}],"wp:attachment":[{"href":"https:\/\/www.europesays.com\/fi\/wp-json\/wp\/v2\/media?parent=128543"}],"wp:term":[{"taxonomy":"category","embeddable":true,"href":"https:\/\/www.europesays.com\/fi\/wp-json\/wp\/v2\/categories?post=128543"},{"taxonomy":"post_tag","embeddable":true,"href":"https:\/\/www.europesays.com\/fi\/wp-json\/wp\/v2\/tags?post=128543"}],"curies":[{"name":"wp","href":"https:\/\/api.w.org\/{rel}","templated":true}]}}