{"id":128544,"date":"2025-12-30T00:30:11","date_gmt":"2025-12-30T00:30:11","guid":{"rendered":"https:\/\/www.europesays.com\/fi\/128544\/"},"modified":"2025-12-30T00:30:11","modified_gmt":"2025-12-30T00:30:11","slug":"finavian-johtaja-rovaniemen-lentokentan-kaaoksesta-se-on-valitettavaa-ja-olen-siita-pahoillani","status":"publish","type":"post","link":"https:\/\/www.europesays.com\/fi\/128544\/","title":{"rendered":"Finavian johtaja Rovaniemen lentokent\u00e4n kaaoksesta: Se on valitettavaa ja olen siit\u00e4 pahoillani"},"content":{"rendered":"<p>    <img decoding=\"async\" class=\"responsive-image article__image-image lozad\"   src=\"https:\/\/www.europesays.com\/fi\/wp-content\/uploads\/2025\/12\/TXyFZ-UGzvb3_lz-bmZbUo1t9zjcTfCxXIi46OZj4W7NDHbtVHor-6nhNIqBcTP0Qh7DJ5gARrbK2a81dMSjRAi9C_mLCDd_bn3s.jpeg\" alt=\"Rovaniemen lentokent\u00e4ll\u00e4 oli edelleen rutkasti matkustajia Hannes-myrskyn j\u00e4lkeen maanantaina 29.12.\"\/><\/p>\n<p>\n                Rovaniemen lentokent\u00e4ll\u00e4 oli edelleen rutkasti matkustajia Hannes-myrskyn j\u00e4lkeen maanantaina 29.12.\n              <\/p>\n<p>\n                Kuva: Jussi Leinonen\n              <\/p>\n<p class=\"article__paragraph\">\n      Lauantain Hannes-myrsky sai aikaan Lapin lentokentill\u00e4 useiden lentojen perumisia ja varakentille ohjaamisia, kun Lapin kentist\u00e4 Rovaniemi, Kittil\u00e4 ja Ivalo olivat kaikki suljettuina nelj\u00e4st\u00e4 tunnista aina kuuteen ja puoleen tuntiin. Esimerkiksi Rovaniemen lentokent\u00e4lt\u00e4 peruttiin tai ohjattiin varakent\u00e4lle parisenkymment\u00e4 lentoa.\n    <\/p>\n<p class=\"article__paragraph\">\n      Lentojen perumiset ja varakentille ohjaamiset aiheuttivat niin sanotun dominoefektin, joka n\u00e4kyi kaaoksena ja v\u00e4entungoksena lentoasemarakennuksen sis\u00e4ll\u00e4 sunnuntaina.\n    <\/p>\n<p class=\"article__paragraph\">\n      Suomen lentoasemia hallinnoivan Finavian lentoasemaverkoston johtaja Henri Hansson kertoo, ett\u00e4 Rovaniemen lentoaseman liikenteess\u00e4 on k\u00e4yt\u00f6ss\u00e4 slot-koordinaatio, joka on k\u00e4yt\u00f6ss\u00e4 my\u00f6s esimerkiksi Helsingiss\u00e4.\n    <\/p>\n<p class=\"article__paragraph\">\n      \u2013\u2009Sill\u00e4 rajoitetaan liikennett\u00e4 tiettyyn m\u00e4\u00e4r\u00e4\u00e4n, jotta lentoaseman kokonaiskapasiteetti pysyy tasapainossa. Kun liikennett\u00e4 oli sunnuntaina vilkkaasti, niin haasteeksi muodostui se, ett\u00e4 lentokent\u00e4lle saapui runsaasti matkustajia.\n    <\/p>\n<p class=\"article__paragraph\">\n      Normaalin aikataulutetun liikenteen lis\u00e4ksi Rovaniemelle saapui my\u00f6s peruttuja ja muualle ohjattuja lentoja eli matkustajam\u00e4\u00e4r\u00e4t kent\u00e4ll\u00e4 olivat normaalista poikkeavia. Hansson kertoo, ett\u00e4 lentoasemalle tuli my\u00f6s sellaisia matkustajia, jotka pyrkiv\u00e4t vain saamaan tietoa lennoistaan. Ihmism\u00e4\u00e4r\u00e4 kent\u00e4ll\u00e4 aiheutti silloin haasteita.\n    <\/p>\n<p class=\"article__paragraph\">\n      \u2013\u2009Sit\u00e4 haastetta on sunnuntaina ratkottu Rovaniemell\u00e4. Se on tietenkin valitettavaa ja olen siit\u00e4 pahoillani.\n    <\/p>\n<p>      Kapasiteetti riitt\u00e4\u00e4 normaalissa tilanteessa<\/p>\n<p class=\"article__paragraph\">\n      Finavia avasi kaaoksen alettua my\u00f6s Rovaniemen lentoaseman vanhan terminaalirakennuksen k\u00e4ytt\u00f6\u00f6n v\u00e4ist\u00f6tilaksi.\n    <\/p>\n<p class=\"article__paragraph\">\n      \u2013\u2009Lentoasemayhti\u00f6n\u00e4 vastaamme kentt\u00e4infrastruktuurin toimimisesta ja turvallisuudesta. Me muiden sidosryhmien kanssa haluamme, ett\u00e4 asiakkailla on mahdollisimman turvallinen olo, jos lentoasemalla joudutaan viipym\u00e4\u00e4n pitk\u00e4\u00e4n. Osa asiakkaista halusi j\u00e4\u00e4d\u00e4 lentoasemalle.\n    <\/p>\n<p class=\"article__paragraph\">\n      V\u00e4ist\u00e4m\u00e4tt\u00e4 viikonlopun tapahtumat ovat her\u00e4tt\u00e4neet ajatuksen, onko Rovaniemen lentokent\u00e4n kapasiteetti riitt\u00e4v\u00e4.\n    <\/p>\n<p class=\"article__paragraph\">\n      \u2013\u2009Se on riitt\u00e4v\u00e4 silloin, kun on normaali tilanne. On toinen asia, ett\u00e4 mink\u00e4laisiin poikkeusolosuhteisiin pit\u00e4\u00e4 ja ylip\u00e4\u00e4t\u00e4ns\u00e4 voi varautua infrastruktuurin n\u00e4k\u00f6kulmasta.\n    <\/p>\n<p class=\"article__paragraph\">\n      Rovaniemen lentokent\u00e4lle on Hanssonin mukaan viime kes\u00e4n\u00e4 tehty lukuisia toimenpiteit\u00e4 ja yhten\u00e4 niist\u00e4 oli terminaalien laajentaminen kuluvan vuoden aikana kolmella miljoonalla eurolla.\n    <\/p>\n<p class=\"article__paragraph\">\n      \u2013\u2009Sill\u00e4 haettiin nimenomaan lis\u00e4tilaa, jotta jonottaminen tapahtuisi sis\u00e4tiloissa. Mutta nyt kun tapahtui t\u00e4m\u00e4 dominoefekti, niin muutaman tunnin aikana jonot venyiv\u00e4t ulos.\n    <\/p>\n<p>      Kauden p\u00e4\u00e4tytty\u00e4 johtop\u00e4\u00e4t\u00f6sten aika<\/p>\n<p class=\"article__paragraph\">\n      Hansson kertoo, ett\u00e4 Finavia aikoo k\u00e4yd\u00e4 matkailukauden p\u00e4\u00e4tytty\u00e4 asiat l\u00e4pi, kuten tapana on ollut ja sen j\u00e4lkeen on johtop\u00e4\u00e4t\u00f6sten aika.\n    <\/p>\n<p class=\"article__paragraph\">\n      \u2013\u2009Yksi keskeinen asia on se, ett\u00e4 tietoa pystyt\u00e4\u00e4n jakamaan asiakkaille.\n    <\/p>\n<p class=\"article__paragraph\">\n      Hansson huomauttaa, ett\u00e4 lentoyhti\u00f6iden olisi pystytt\u00e4v\u00e4 jakamaan tietoa siit\u00e4, ett\u00e4 mik\u00e4li lentoa ei ole, niin silloin ei kannata tulla lentoasemalle.\n    <\/p>\n<p class=\"article__paragraph\">\n      Rovaniemen alueen matkailumarkkinointiin keskittyv\u00e4n Visit Rovaniemen toimitusjohtaja Sanna K\u00e4rkk\u00e4inen kertoo, ett\u00e4 viikonlopun tilanne oli haastava, sill\u00e4 se osui yhteen p\u00e4\u00e4sesonkiin ja yhteen sen kovimmista viikonlopuista.\n    <\/p>\n<p class=\"article__paragraph\">\n      \u2013\u2009T\u00e4llaiset poikkeukselliset s\u00e4\u00e4n \u00e4\u00e4ri-ilmi\u00f6t valitettavasti varmasti toistuvat. Huono talvis\u00e4\u00e4 ei yll\u00e4t\u00e4, mutta tuossa laajuudessa myrsky oli ennakoimattoman suuri.\n    <\/p>\n<p class=\"article__paragraph\">\n      K\u00e4rkk\u00e4inen kertoo, ett\u00e4 viikonlopun majoituskapasiteetti oli Rovaniemell\u00e4 hyvin pitk\u00e4lti t\u00e4ynn\u00e4.\n    <\/p>\n<p class=\"article__paragraph\">\n      \u2013\u2009On tyypillist\u00e4, ett\u00e4 meid\u00e4n k\u00e4ytt\u00f6aste on tuohon aikaan yli 90 prosenttia. Uutta kapasiteettia on rakennettu, mutta kyll\u00e4 se 6\u2009600 vuodepaikkaa on ollut aika t\u00e4yteen varattu silloin.\n    <\/p>\n<p>      Vastuu lentoyhti\u00f6ill\u00e4 ja matkanj\u00e4rjest\u00e4jill\u00e4<\/p>\n<p class=\"article__paragraph\">\n      Mahdolliseen mainehaittaan K\u00e4rkk\u00e4inen sanoo, ett\u00e4 aina t\u00e4llaiset tilanteet ovat harmillisia.\n    <\/p>\n<p class=\"article__paragraph\">\n      \u2013\u2009Olemme \u00e4\u00e4rimm\u00e4isen pahoillaan, ett\u00e4 n\u00e4in tapahtui. Toisaalta s\u00e4\u00e4n ilmi\u00f6t ovat ennustamattomia.\n    <\/p>\n<p class=\"article__paragraph\">\n      Sek\u00e4 K\u00e4rkk\u00e4isen ett\u00e4 Hanssonin viesti on selke\u00e4 siit\u00e4, kenelle kuuluu vastuu poikkeustilanteissa: lentoyhti\u00f6ille ja matkanj\u00e4rjest\u00e4jille.\n    <\/p>\n<p class=\"article__paragraph\">\n      \u2013\u2009P\u00e4\u00e4s\u00e4\u00e4nt\u00f6isesti lentoyhti\u00f6n tulee informoida siit\u00e4, miten asiakkaan tulee toimia, miss\u00e4 vaiheessa matkustus jatkuu, mik\u00e4 on v\u00e4liaikaisen majoittumisen muoto tai ratkaisu sille, miten asiakas tulee toimeen sin\u00e4 aikana. Heill\u00e4 on erilaisia k\u00e4yt\u00e4nt\u00f6j\u00e4 ja osa hoitaa hyvin eri tavoin viestint\u00e4\u00e4, K\u00e4rkk\u00e4inen sanoo ja lis\u00e4\u00e4:\n    <\/p>\n<p class=\"article__paragraph\">\n      \u2013\u2009T\u00e4ss\u00e4 tilanteessa ehk\u00e4 se suurin haaste on ollut se, ettei ole ollut yht\u00e4 tiedottavaa tahoa.\n    <\/p>\n","protected":false},"excerpt":{"rendered":"Rovaniemen lentokent\u00e4ll\u00e4 oli edelleen rutkasti matkustajia Hannes-myrskyn j\u00e4lkeen maanantaina 29.12. Kuva: Jussi Leinonen Lauantain Hannes-myrsky sai aikaan Lapin&hellip;\n","protected":false},"author":2,"featured_media":128545,"comment_status":"","ping_status":"","sticky":false,"template":"","format":"standard","meta":{"footnotes":""},"categories":[12],"tags":[22,23,26,27,33,31,30,17,24,25,28,29,15,18,21,32,19,20,16],"class_list":{"0":"post-128544","1":"post","2":"type-post","3":"status-publish","4":"format-standard","5":"has-post-thumbnail","7":"category-suomi","8":"tag-breaking-news","9":"tag-breakingnews","10":"tag-featured-news","11":"tag-featurednews","12":"tag-fi","13":"tag-finland","14":"tag-finnish","15":"tag-headlines","16":"tag-latest-news","17":"tag-latestnews","18":"tag-main-news","19":"tag-mainnews","20":"tag-news","21":"tag-otsikot","22":"tag-paauutiset","23":"tag-suomi","24":"tag-top-stories","25":"tag-topstories","26":"tag-uutiset"},"share_on_mastodon":{"url":"https:\/\/pubeurope.com\/@fi\/115805698392081264","error":""},"_links":{"self":[{"href":"https:\/\/www.europesays.com\/fi\/wp-json\/wp\/v2\/posts\/128544","targetHints":{"allow":["GET"]}}],"collection":[{"href":"https:\/\/www.europesays.com\/fi\/wp-json\/wp\/v2\/posts"}],"about":[{"href":"https:\/\/www.europesays.com\/fi\/wp-json\/wp\/v2\/types\/post"}],"author":[{"embeddable":true,"href":"https:\/\/www.europesays.com\/fi\/wp-json\/wp\/v2\/users\/2"}],"replies":[{"embeddable":true,"href":"https:\/\/www.europesays.com\/fi\/wp-json\/wp\/v2\/comments?post=128544"}],"version-history":[{"count":0,"href":"https:\/\/www.europesays.com\/fi\/wp-json\/wp\/v2\/posts\/128544\/revisions"}],"wp:featuredmedia":[{"embeddable":true,"href":"https:\/\/www.europesays.com\/fi\/wp-json\/wp\/v2\/media\/128545"}],"wp:attachment":[{"href":"https:\/\/www.europesays.com\/fi\/wp-json\/wp\/v2\/media?parent=128544"}],"wp:term":[{"taxonomy":"category","embeddable":true,"href":"https:\/\/www.europesays.com\/fi\/wp-json\/wp\/v2\/categories?post=128544"},{"taxonomy":"post_tag","embeddable":true,"href":"https:\/\/www.europesays.com\/fi\/wp-json\/wp\/v2\/tags?post=128544"}],"curies":[{"name":"wp","href":"https:\/\/api.w.org\/{rel}","templated":true}]}}