{"id":128546,"date":"2025-12-30T00:31:07","date_gmt":"2025-12-30T00:31:07","guid":{"rendered":"https:\/\/www.europesays.com\/fi\/128546\/"},"modified":"2025-12-30T00:31:07","modified_gmt":"2025-12-30T00:31:07","slug":"yhdysvallat-tilaa-kaksi-jaanmurtajaa-suomesta-valmistetaan-raumalla","status":"publish","type":"post","link":"https:\/\/www.europesays.com\/fi\/128546\/","title":{"rendered":"Yhdysvallat tilaa kaksi j\u00e4\u00e4nmurtajaa Suomesta \u2013 valmistetaan Raumalla"},"content":{"rendered":"<p>Alusten rakentaminen k\u00e4ynnistyy v\u00e4litt\u00f6m\u00e4sti.<\/p>\n<p>29.12. 23:12<\/p>\n<p class=\"article-body mb-nof-24 px-nof-16\">Rauman telakan omistaja Rauma Marine Constructions ja Yhdysvaltain rannikkovartiosto ovat solmineet sopimuksen kahden keskikokoisen j\u00e4\u00e4nmurtajan rakentamisesta Rauman telakalla.<\/p>\n<p class=\"article-body mb-nof-24 px-nof-16\">Alusten rakentaminen k\u00e4ynnistyy v\u00e4litt\u00f6m\u00e4sti, tiedotteessa kerrotaan. Ne valmistuvat vuoden 2028 aikana. Alukset rakennetaan yhteisty\u00f6ss\u00e4 yhdysvaltalaisen telakan Bollinger Shipyardsin kanssa.<\/p>\n<p class=\"article-body mb-nof-24 px-nof-16\">Rauman telakka kuvaa sopimusta historialliseksi. RMC rakentaa nyt kaksi ensimm\u00e4ist\u00e4 ASC-alusta rannikkovartiostolle osana Yhdysvaltojen ja Suomen v\u00e4list\u00e4 j\u00e4\u00e4nmurtajasopimusta.<\/p>\n<p class=\"article-body mb-nof-24 px-nof-16\">\u2013 Sopimus on historiallinen virstanpylv\u00e4s ja suuri luottamuksenosoitus RMC:lle ja Suomen meriteollisuusverkostolle. Saimme t\u00e4m\u00e4n merkitt\u00e4v\u00e4n kaupan, koska meill\u00e4 on osaamista ja kyky tehd\u00e4 alukset vaaditussa ajassa, RMC:n toimitusjohtaja <a class=\"article-personlink\" href=\"https:\/\/www.is.fi\/haku\/?query=Mika%20Nieminen\" rel=\"nofollow noopener\" target=\"_blank\">Mika Nieminen<\/a> kuvailee.<\/p>\n<p class=\"article-body mb-nof-24 px-nof-16\">\u2013 Meill\u00e4 ja verkostolla on nyt n\u00e4yt\u00f6n paikka; meid\u00e4n on todistettava, ett\u00e4 olemme luottamuksen arvoisia, h\u00e4n jatkaa.<\/p>\n<p class=\"article-body mb-nof-24 px-nof-16\">Elinkeinoministeri <a class=\"article-personlink\" href=\"https:\/\/www.is.fi\/haku\/?query=Sakari%20Puisto\" rel=\"nofollow noopener\" target=\"_blank\">Sakari Puisto<\/a> (ps) kuvaa tilauksen varmistumista Raumalle \u201derinomaisena asiana Suomelle ja koko meriteollisuudellemme\u201d.<\/p>\n<p class=\"article-body mb-nof-24 px-nof-16\">\u2013 Tilaus vahvistaa suomalaisten yritysten asemaa globaalissa arvoketjussa, lis\u00e4\u00e4 Suomen kilpailukyky\u00e4 ja kasvattaa vientituloja, ministeri listaa tiedotteessa.<\/p>\n<p class=\"article-body mb-nof-24 px-nof-16\">Lokakuussa tasavallan presidentti <a class=\"article-personlink\" href=\"https:\/\/www.is.fi\/haku\/?query=Alexander%20Stubb\" rel=\"nofollow noopener\" target=\"_blank\">Alexander Stubb<\/a> ja p\u00e4\u00e4ministeri <a class=\"article-personlink\" href=\"https:\/\/www.is.fi\/haku\/?query=Petteri%20Orpo\" rel=\"nofollow noopener\" target=\"_blank\">Petteri Orpo<\/a> (kok) solmivat aiesopimuksen yhdentoista j\u00e4\u00e4nmurtajan rakentamisesta Yhdysvaltain rannikkovartiostolle.<\/p>\n<p class=\"article-body mb-nof-24 px-nof-16\">Nelj\u00e4 j\u00e4\u00e4nmurtajista on m\u00e4\u00e4r\u00e4 rakentaa Suomessa. Loput seitsem\u00e4n rakennettaisiin Yhdysvalloissa.<\/p>\n","protected":false},"excerpt":{"rendered":"Alusten rakentaminen k\u00e4ynnistyy v\u00e4litt\u00f6m\u00e4sti. 29.12. 23:12 Rauman telakan omistaja Rauma Marine Constructions ja Yhdysvaltain rannikkovartiosto ovat solmineet sopimuksen&hellip;\n","protected":false},"author":2,"featured_media":128547,"comment_status":"","ping_status":"","sticky":false,"template":"","format":"standard","meta":{"footnotes":""},"categories":[5],"tags":[22,23,26,27,33,31,30,17,34,24,25,28,29,15,18,21,32,19,20,16],"class_list":{"0":"post-128546","1":"post","2":"type-post","3":"status-publish","4":"format-standard","5":"has-post-thumbnail","7":"category-otsikot","8":"tag-breaking-news","9":"tag-breakingnews","10":"tag-featured-news","11":"tag-featurednews","12":"tag-fi","13":"tag-finland","14":"tag-finnish","15":"tag-headlines","16":"tag-ilta-sanomat","17":"tag-latest-news","18":"tag-latestnews","19":"tag-main-news","20":"tag-mainnews","21":"tag-news","22":"tag-otsikot","23":"tag-paauutiset","24":"tag-suomi","25":"tag-top-stories","26":"tag-topstories","27":"tag-uutiset"},"share_on_mastodon":{"url":"https:\/\/pubeurope.com\/@fi\/115805702246488395","error":""},"_links":{"self":[{"href":"https:\/\/www.europesays.com\/fi\/wp-json\/wp\/v2\/posts\/128546","targetHints":{"allow":["GET"]}}],"collection":[{"href":"https:\/\/www.europesays.com\/fi\/wp-json\/wp\/v2\/posts"}],"about":[{"href":"https:\/\/www.europesays.com\/fi\/wp-json\/wp\/v2\/types\/post"}],"author":[{"embeddable":true,"href":"https:\/\/www.europesays.com\/fi\/wp-json\/wp\/v2\/users\/2"}],"replies":[{"embeddable":true,"href":"https:\/\/www.europesays.com\/fi\/wp-json\/wp\/v2\/comments?post=128546"}],"version-history":[{"count":0,"href":"https:\/\/www.europesays.com\/fi\/wp-json\/wp\/v2\/posts\/128546\/revisions"}],"wp:featuredmedia":[{"embeddable":true,"href":"https:\/\/www.europesays.com\/fi\/wp-json\/wp\/v2\/media\/128547"}],"wp:attachment":[{"href":"https:\/\/www.europesays.com\/fi\/wp-json\/wp\/v2\/media?parent=128546"}],"wp:term":[{"taxonomy":"category","embeddable":true,"href":"https:\/\/www.europesays.com\/fi\/wp-json\/wp\/v2\/categories?post=128546"},{"taxonomy":"post_tag","embeddable":true,"href":"https:\/\/www.europesays.com\/fi\/wp-json\/wp\/v2\/tags?post=128546"}],"curies":[{"name":"wp","href":"https:\/\/api.w.org\/{rel}","templated":true}]}}