{"id":128572,"date":"2025-12-30T01:22:08","date_gmt":"2025-12-30T01:22:08","guid":{"rendered":"https:\/\/www.europesays.com\/fi\/128572\/"},"modified":"2025-12-30T01:22:08","modified_gmt":"2025-12-30T01:22:08","slug":"karsimysta-asua-naissa-taloissa-juuri-nyt-sanoo-taina-torvela-asunnostaan-rovaniemen-keskustassa","status":"publish","type":"post","link":"https:\/\/www.europesays.com\/fi\/128572\/","title":{"rendered":"\u201dK\u00e4rsimyst\u00e4 asua n\u00e4iss\u00e4 taloissa juuri nyt\u201d, sanoo Taina Torvela asunnostaan Rovaniemen keskustassa"},"content":{"rendered":"<p>Lyhytvuokraus|Rovaniemen asukasaktiivit kampanjoivat lyhytvuokrausta vastaan. Alan puolustajat pit\u00e4v\u00e4t sit\u00e4 elint\u00e4rke\u00e4n\u00e4 Suomen taloudelle.<\/p>\n<p class=\"article-body mb-nof-24 px-nof-16\">\u201dK\u00e4rsimyst\u00e4 asua n\u00e4iss\u00e4 taloissa juuri nyt\u201d, sanoo rovaniemel\u00e4inen <a class=\"article-personlink\" href=\"https:\/\/www.hs.fi\/haku\/?query=Taina%20Torvela\" rel=\"nofollow noopener\" target=\"_blank\">Taina Torvela<\/a>.<\/p>\n<p class=\"article-body mb-nof-24 px-nof-16\">H\u00e4nen el\u00e4kep\u00e4ivikseen ostamansa asunto sijaitsee yhdess\u00e4 Rovaniemen keskustan kerrostaloista, joissa turistit majoittuvat. Joulukuussa k\u00e4sill\u00e4 on huippusesonki, ja kaupunki tupaten t\u00e4ynn\u00e4.<\/p>\n","protected":false},"excerpt":{"rendered":"Lyhytvuokraus|Rovaniemen asukasaktiivit kampanjoivat lyhytvuokrausta vastaan. Alan puolustajat pit\u00e4v\u00e4t sit\u00e4 elint\u00e4rke\u00e4n\u00e4 Suomen taloudelle. \u201dK\u00e4rsimyst\u00e4 asua n\u00e4iss\u00e4 taloissa juuri nyt\u201d,&hellip;\n","protected":false},"author":2,"featured_media":128573,"comment_status":"","ping_status":"","sticky":false,"template":"","format":"standard","meta":{"footnotes":""},"categories":[12],"tags":[22,23,26,27,33,31,30,17,46,24,25,28,29,15,18,21,32,19,20,16],"class_list":{"0":"post-128572","1":"post","2":"type-post","3":"status-publish","4":"format-standard","5":"has-post-thumbnail","7":"category-suomi","8":"tag-breaking-news","9":"tag-breakingnews","10":"tag-featured-news","11":"tag-featurednews","12":"tag-fi","13":"tag-finland","14":"tag-finnish","15":"tag-headlines","16":"tag-helsingin-sanomat","17":"tag-latest-news","18":"tag-latestnews","19":"tag-main-news","20":"tag-mainnews","21":"tag-news","22":"tag-otsikot","23":"tag-paauutiset","24":"tag-suomi","25":"tag-top-stories","26":"tag-topstories","27":"tag-uutiset"},"share_on_mastodon":{"url":"https:\/\/pubeurope.com\/@fi\/115805902775683999","error":""},"_links":{"self":[{"href":"https:\/\/www.europesays.com\/fi\/wp-json\/wp\/v2\/posts\/128572","targetHints":{"allow":["GET"]}}],"collection":[{"href":"https:\/\/www.europesays.com\/fi\/wp-json\/wp\/v2\/posts"}],"about":[{"href":"https:\/\/www.europesays.com\/fi\/wp-json\/wp\/v2\/types\/post"}],"author":[{"embeddable":true,"href":"https:\/\/www.europesays.com\/fi\/wp-json\/wp\/v2\/users\/2"}],"replies":[{"embeddable":true,"href":"https:\/\/www.europesays.com\/fi\/wp-json\/wp\/v2\/comments?post=128572"}],"version-history":[{"count":0,"href":"https:\/\/www.europesays.com\/fi\/wp-json\/wp\/v2\/posts\/128572\/revisions"}],"wp:featuredmedia":[{"embeddable":true,"href":"https:\/\/www.europesays.com\/fi\/wp-json\/wp\/v2\/media\/128573"}],"wp:attachment":[{"href":"https:\/\/www.europesays.com\/fi\/wp-json\/wp\/v2\/media?parent=128572"}],"wp:term":[{"taxonomy":"category","embeddable":true,"href":"https:\/\/www.europesays.com\/fi\/wp-json\/wp\/v2\/categories?post=128572"},{"taxonomy":"post_tag","embeddable":true,"href":"https:\/\/www.europesays.com\/fi\/wp-json\/wp\/v2\/tags?post=128572"}],"curies":[{"name":"wp","href":"https:\/\/api.w.org\/{rel}","templated":true}]}}