{"id":128584,"date":"2025-12-30T01:47:07","date_gmt":"2025-12-30T01:47:07","guid":{"rendered":"https:\/\/www.europesays.com\/fi\/128584\/"},"modified":"2025-12-30T01:47:07","modified_gmt":"2025-12-30T01:47:07","slug":"yhdysvalloilta-jalleen-isku-vaitettyyn-huumeveneeseen-tyynellamerella-uutissuomalainen","status":"publish","type":"post","link":"https:\/\/www.europesays.com\/fi\/128584\/","title":{"rendered":"Yhdysvalloilta j\u00e4lleen isku v\u00e4itettyyn huumeveneeseen Tyynell\u00e4merell\u00e4 | Uutissuomalainen"},"content":{"rendered":"<p>Yhdysvaltain asevoimat <a href=\"https:\/\/x.com\/Southcom\/status\/2005776276100207032?s=20\" rel=\"nofollow\">kertoo<\/a> tehneens\u00e4 j\u00e4lleen uuden iskun veneeseen, jota v\u00e4itetysti k\u00e4ytettiin huumeiden salakuljetukseen.<\/p>\n<p>Asevoimien mukaan maanantaina Tyynell\u00e4merell\u00e4 tehty isku tapahtui kansainv\u00e4lisell\u00e4 merialueella. Iskussa kuoli kaksi ihmist\u00e4.<\/p>\n<p>Yhdysvaltain asevoimat on tehnyt kymmeni\u00e4 vastaavanlaisia iskuja v\u00e4itettyihin huumeveneisiin Tyynell\u00e4merell\u00e4 ja Karibialla. Iskuissa on kuollut yli sata ihmist\u00e4.<\/p>\n<p>Yhdysvaltain hallinto ei ole esitt\u00e4nyt todisteita v\u00e4itteilleen, ett\u00e4 iskujen kohteina olleita veneit\u00e4 olisi k\u00e4ytetty huumeiden salakuljettamiseen.<\/p>\n<p>Yhdysvaltain hallinto on pyrkinyt perustelemaan iskuja sill\u00e4, ett\u00e4 se k\u00e4y huumeiden vastaista sotaa eik\u00e4 aseellisissa konflikteissa vihollistaistelijoilla ole samoja oikeuksia kuin siviileill\u00e4.<\/p>\n<p>Useat kansainv\u00e4lisen oikeuden asiantuntijat ja ihmisoikeusj\u00e4rjest\u00f6t ovat pit\u00e4neet iskuja ilman oikeudenk\u00e4ynti\u00e4 tapahtuvina teloituksina, jotka ovat kansainv\u00e4lisen oikeuden ja kansainv\u00e4listen sopimusten vastaisia.<\/p>\n<p>Maanantaina Yhdysvaltain presidentti Donald Trump vahvisti, ett\u00e4 Yhdysvallat oli tehnyt iskun Venezuelassa satama-alueelle. Isku on mahdollisesti ensimm\u00e4inen Yhdysvaltojen huumeiden vastaiseen kampanjaan liittyv\u00e4 isku maalla olevaan kohteeseen Latinalaisessa Amerikassa.<\/p>\n","protected":false},"excerpt":{"rendered":"Yhdysvaltain asevoimat kertoo tehneens\u00e4 j\u00e4lleen uuden iskun veneeseen, jota v\u00e4itetysti k\u00e4ytettiin huumeiden salakuljetukseen. Asevoimien mukaan maanantaina Tyynell\u00e4merell\u00e4 tehty&hellip;\n","protected":false},"author":2,"featured_media":128585,"comment_status":"","ping_status":"","sticky":false,"template":"","format":"standard","meta":{"footnotes":""},"categories":[14],"tags":[22,23,585,26,27,33,31,30,17,2455,683,24,25,28,29,15,18,21,637,32,19,20,56,16,2569,2568,59,60,61,143],"class_list":{"0":"post-128584","1":"post","2":"type-post","3":"status-publish","4":"format-standard","5":"has-post-thumbnail","7":"category-ulkomaat","8":"tag-breaking-news","9":"tag-breakingnews","10":"tag-donald-trump","11":"tag-featured-news","12":"tag-featurednews","13":"tag-fi","14":"tag-finland","15":"tag-finnish","16":"tag-headlines","17":"tag-hengenvaara-ja-loukkaantuminen","18":"tag-kuolema","19":"tag-latest-news","20":"tag-latestnews","21":"tag-main-news","22":"tag-mainnews","23":"tag-news","24":"tag-otsikot","25":"tag-paauutiset","26":"tag-politiikka","27":"tag-suomi","28":"tag-top-stories","29":"tag-topstories","30":"tag-ulkomaat","31":"tag-uutiset","32":"tag-vesikulkuneuvot","33":"tag-vesiliikenne","34":"tag-world","35":"tag-world-news","36":"tag-worldnews","37":"tag-yhdysvaltain-politiikka"},"share_on_mastodon":{"url":"https:\/\/pubeurope.com\/@fi\/115806001097752503","error":""},"_links":{"self":[{"href":"https:\/\/www.europesays.com\/fi\/wp-json\/wp\/v2\/posts\/128584","targetHints":{"allow":["GET"]}}],"collection":[{"href":"https:\/\/www.europesays.com\/fi\/wp-json\/wp\/v2\/posts"}],"about":[{"href":"https:\/\/www.europesays.com\/fi\/wp-json\/wp\/v2\/types\/post"}],"author":[{"embeddable":true,"href":"https:\/\/www.europesays.com\/fi\/wp-json\/wp\/v2\/users\/2"}],"replies":[{"embeddable":true,"href":"https:\/\/www.europesays.com\/fi\/wp-json\/wp\/v2\/comments?post=128584"}],"version-history":[{"count":0,"href":"https:\/\/www.europesays.com\/fi\/wp-json\/wp\/v2\/posts\/128584\/revisions"}],"wp:featuredmedia":[{"embeddable":true,"href":"https:\/\/www.europesays.com\/fi\/wp-json\/wp\/v2\/media\/128585"}],"wp:attachment":[{"href":"https:\/\/www.europesays.com\/fi\/wp-json\/wp\/v2\/media?parent=128584"}],"wp:term":[{"taxonomy":"category","embeddable":true,"href":"https:\/\/www.europesays.com\/fi\/wp-json\/wp\/v2\/categories?post=128584"},{"taxonomy":"post_tag","embeddable":true,"href":"https:\/\/www.europesays.com\/fi\/wp-json\/wp\/v2\/tags?post=128584"}],"curies":[{"name":"wp","href":"https:\/\/api.w.org\/{rel}","templated":true}]}}