{"id":128589,"date":"2025-12-30T02:01:09","date_gmt":"2025-12-30T02:01:09","guid":{"rendered":"https:\/\/www.europesays.com\/fi\/128589\/"},"modified":"2025-12-30T02:01:09","modified_gmt":"2025-12-30T02:01:09","slug":"han-on-risto-kaskilahden-ja-sari-rakkaan-kaunis-tytar-katso-kuvat","status":"publish","type":"post","link":"https:\/\/www.europesays.com\/fi\/128589\/","title":{"rendered":"H\u00e4n on Risto Kaskilahden ja Sari-rakkaan kaunis tyt\u00e4r \u2013 katso kuvat"},"content":{"rendered":"<p>N\u00e4yttelij\u00e4 <strong>Risto Kaskilahti<\/strong> on esiintynyt lukuisissa elokuvissa ja tv-sarjoissa. H\u00e4n on ty\u00f6skennellyt Helsingin kaupunginteatterissa vuodesta 2001 l\u00e4htien. H\u00e4nen vaimonsa <strong>Sari Puumalainen<\/strong> on my\u00f6s n\u00e4yttelij\u00e4.<\/p>\n<p>Ei ole ihme, kuinka n\u00e4yttelij\u00e4pariskunnan tyt\u00e4rkin on n\u00e4yttelij\u00e4. Parilla on kaksi tyt\u00e4rt\u00e4, joista <strong>Saara<\/strong> on n\u00e4ytellyt jo lapsuudesta l\u00e4htien. Saara on syntynyt vuonna 1998 ja h\u00e4n esiintyi vuonna 2004 ensi-iltansa saaneessa elokuvassa Uuno Turhapuro \u2013 This Is My Life.<\/p>\n<p>Saaran sukunimi on nyky\u00e4\u00e4n <strong>Geitel<\/strong>. H\u00e4n meni vuonna 2023 naimisiin n\u00e4yttelij\u00e4 ja laulaja <strong>Jon-Jon Geitelin<\/strong> kanssa. T\u00e4ss\u00e4 alla on Saaran sometililt\u00e4 l\u00f6ytyvi\u00e4 julkaisuja. Niist\u00e4 n\u00e4kee, kuinka kaunis nainen n\u00e4yttelij\u00e4t\u00e4r on.<\/p>\n<p>\u2013 50 p\u00e4iv\u00e4\u00e4 jouluun. Ai ett\u00e4 oon innoissaan! Jouluvihaajasta on tullu t\u00e4ll\u00e4nen ujosti fiilistelev\u00e4, on Saara kirjoittanut yhteen julkaisuunsa.<\/p>\n<p>N\u00e4et kuvia Saarasta my\u00f6s <a href=\"https:\/\/www.instagram.com\/p\/DSW785JDLp8\/?utm_source=ig_web_copy_link&amp;igsh=MzRlODBiNWFlZA==\" target=\"_blank\" rel=\"noreferrer noopener nofollow\">t\u00e4\u00e4lt\u00e4<\/a>.<\/p>\n<p>N\u00e4et kuvan Saarasta my\u00f6s <a href=\"https:\/\/www.instagram.com\/p\/DQobDc5jGq1\/?utm_source=ig_web_copy_link&amp;igsh=MzRlODBiNWFlZA==\" target=\"_blank\" rel=\"noreferrer noopener nofollow\">t\u00e4\u00e4lt\u00e4<\/a>.<\/p>\n<p>Lue my\u00f6s: <a href=\"https:\/\/www.como.fi\/tilaa-comon-uutiskirje\/\" title=\"Tilaa Comon uutiskirje ja tied\u00e4t mist\u00e4 kahvitauolla puhutaan! Nappaa kotimaan tv-vinkit ja puheenaiheet suoraan s\u00e4hk\u00f6postiin t\u00e4st\u00e4.\" class=\"underline-custom !font-montserrat !font-bold !underline-offset-4 !decoration-4 !decoration-red-600 !text-md\" rel=\"nofollow noopener\" target=\"_blank\">Tilaa Comon uutiskirje ja tied\u00e4t mist\u00e4 kahvitauolla puhutaan! Nappaa kotimaan tv-vinkit ja puheenaiheet suoraan s\u00e4hk\u00f6postiin t\u00e4st\u00e4.<\/a><\/p>\n<p>\t\t\t<script async src=\"\/\/www.instagram.com\/embed.js\"><\/script><\/p>\n","protected":false},"excerpt":{"rendered":"N\u00e4yttelij\u00e4 Risto Kaskilahti on esiintynyt lukuisissa elokuvissa ja tv-sarjoissa. H\u00e4n on ty\u00f6skennellyt Helsingin kaupunginteatterissa vuodesta 2001 l\u00e4htien. H\u00e4nen&hellip;\n","protected":false},"author":2,"featured_media":128590,"comment_status":"","ping_status":"","sticky":false,"template":"","format":"standard","meta":{"footnotes":""},"categories":[136],"tags":[407,137,33,31,30,408,6840,32,109],"class_list":{"0":"post-128589","1":"post","2":"type-post","3":"status-publish","4":"format-standard","5":"has-post-thumbnail","7":"category-julkkikset","8":"tag-celebrities","9":"tag-entertainment","10":"tag-fi","11":"tag-finland","12":"tag-finnish","13":"tag-julkkikset","14":"tag-risto-kaskilahti","15":"tag-suomi","16":"tag-viihde"},"share_on_mastodon":{"url":"https:\/\/pubeurope.com\/@fi\/115806056138482128","error":""},"_links":{"self":[{"href":"https:\/\/www.europesays.com\/fi\/wp-json\/wp\/v2\/posts\/128589","targetHints":{"allow":["GET"]}}],"collection":[{"href":"https:\/\/www.europesays.com\/fi\/wp-json\/wp\/v2\/posts"}],"about":[{"href":"https:\/\/www.europesays.com\/fi\/wp-json\/wp\/v2\/types\/post"}],"author":[{"embeddable":true,"href":"https:\/\/www.europesays.com\/fi\/wp-json\/wp\/v2\/users\/2"}],"replies":[{"embeddable":true,"href":"https:\/\/www.europesays.com\/fi\/wp-json\/wp\/v2\/comments?post=128589"}],"version-history":[{"count":0,"href":"https:\/\/www.europesays.com\/fi\/wp-json\/wp\/v2\/posts\/128589\/revisions"}],"wp:featuredmedia":[{"embeddable":true,"href":"https:\/\/www.europesays.com\/fi\/wp-json\/wp\/v2\/media\/128590"}],"wp:attachment":[{"href":"https:\/\/www.europesays.com\/fi\/wp-json\/wp\/v2\/media?parent=128589"}],"wp:term":[{"taxonomy":"category","embeddable":true,"href":"https:\/\/www.europesays.com\/fi\/wp-json\/wp\/v2\/categories?post=128589"},{"taxonomy":"post_tag","embeddable":true,"href":"https:\/\/www.europesays.com\/fi\/wp-json\/wp\/v2\/tags?post=128589"}],"curies":[{"name":"wp","href":"https:\/\/api.w.org\/{rel}","templated":true}]}}