{"id":128597,"date":"2025-12-30T02:13:08","date_gmt":"2025-12-30T02:13:08","guid":{"rendered":"https:\/\/www.europesays.com\/fi\/128597\/"},"modified":"2025-12-30T02:13:08","modified_gmt":"2025-12-30T02:13:08","slug":"mika-aaltola-kommentoi-rauhanneuvotteluja-jani-makelalta-itkunauruvastaus","status":"publish","type":"post","link":"https:\/\/www.europesays.com\/fi\/128597\/","title":{"rendered":"Mika Aaltola kommentoi rauhanneuvotteluja \u2013 Jani M\u00e4kel\u00e4lt\u00e4 itkunauruvastaus"},"content":{"rendered":"<p>Mika Aaltola (kok) on Donald Trumpia kriittisempi rauhanneuvottelujen etenemisest\u00e4. Jani M\u00e4kel\u00e4n (ps) mukaan neuvotteluissa ei oltaisi edes t\u00e4ss\u00e4 tilanteessa ilman Yhdysvaltoja.<\/p>\n<p><img decoding=\"async\" class=\"image image-show image-preview\" src=\"https:\/\/www.europesays.com\/fi\/wp-content\/uploads\/2025\/12\/9ca19f4ce0a2a7549be3ed70620cee53129c8bd2ee26667e2e60a237b8ee97d8.jpg\" alt=\"\"\/><img decoding=\"async\" class=\"image image-show\" src=\"https:\/\/www.europesays.com\/fi\/wp-content\/uploads\/2025\/12\/1767060788_27_9ca19f4ce0a2a7549be3ed70620cee53129c8bd2ee26667e2e60a237b8ee97d8.jpg\" alt=\"\"\/><\/p>\n<p>Kokoomuksen europarlamentaarikko Mika Aaltola ilmaisi skeptisyytens\u00e4 Donald Trumpin ja Volodymyr Zelenskyin rauhanneuvotteluiden etenemist\u00e4 viestipalvelu X:ss\u00e4. Elle Laitila<\/p>\n<p class=\"paragraph\">Kokoomuksen europarlamentaarikko <a href=\"https:\/\/www.iltalehti.fi\/henkilot\/Mika Aaltola\" class=\"article-link-person-page\" rel=\"nofollow noopener\" target=\"_blank\">Mika Aaltola<\/a> ja perussuomalaisten eduskuntaryhm\u00e4n puheenjohtaja <a href=\"https:\/\/www.iltalehti.fi\/henkilot\/Jani M\u00e4kel\u00e4\" class=\"article-link-person-page\" rel=\"nofollow noopener\" target=\"_blank\">Jani M\u00e4kel\u00e4<\/a> kommentoivat <a href=\"https:\/\/www.iltalehti.fi\/henkilot\/Donald Trumpin\" class=\"article-link-person-page\" rel=\"nofollow noopener\" target=\"_blank\">Donald Trumpin<\/a> ja <a href=\"https:\/\/www.iltalehti.fi\/henkilot\/Volodymyr Zelenskyi\" class=\"article-link-person-page\" rel=\"nofollow noopener\" target=\"_blank\">Volodymyr Zelenskyin<\/a> <a href=\"https:\/\/www.iltalehti.fi\/ulkomaat\/3363d545-8442-4ab6-9e5e-42442dc8f22c\" rel=\"nofollow noopener\" target=\"_blank\">rauhanneuvotteluiden<\/a> etenemist\u00e4 viestipalvelu X:ss\u00e4.<\/p>\n<p class=\"paragraph\">Zelenskyi tapasi Trumpin Floridassa sunnuntaina.<\/p>\n<p class=\"paragraph\">Presidenttien mukaan neuvottelut ovat edenneet hyvin ja 20-kohtaisesta rauhansuunnitelmaluonnoksesta on p\u00e4\u00e4sty l\u00e4hes t\u00e4yteen yhteisymm\u00e4rrykseen.<\/p>\n<p class=\"paragraph\">Aaltola on kuitenkin Trumpia varauksellisempi.<\/p>\n<p class=\"paragraph\">\u2013 Mihin t\u00e4m\u00e4 on menossa? Sodassa aikomuksilla ei ole arvoa ilman voimaa. Trump toistaa <a href=\"https:\/\/www.iltalehti.fi\/henkilot\/Vladimir Putin\" class=\"article-link-person-page\" rel=\"nofollow noopener\" target=\"_blank\">Putinin<\/a> \u201chalua Ukrainan menestykseen\u201d, mutta ilman turvatakuita, pelotetta tai pakottamista. Ven\u00e4j\u00e4n suostuminen rauhaan yh\u00e4 kaukana: Kremlin ydinehdot, koko Donbas ja Ukrainan alistettu puolueettomuus, eiv\u00e4t t\u00e4yty nykyisess\u00e4 20 kohdan ehdotuksessa. Trumpin ja Zelenskyin tapaaminen eteni optimistisena teatterina, mutta aluelinjaukset ovat jumissa.<\/p>\n<p class=\"paragraph\">\u2013 Oletko miettinyt, miksi rauhasta ylip\u00e4\u00e4t\u00e4\u00e4n joudutaan keskustelemaan noilla ehdoilla? Onko sill\u00e4 jotain tekemist\u00e4 esimerkiksi sen kanssa, ett\u00e4 EU olisi hanurista? kysyy Aaltolalta perussuomalaisten eduskuntaryhm\u00e4n puheenjohtaja <a href=\"https:\/\/www.iltalehti.fi\/henkilot\/Jani M\u00e4kel\u00e4\" class=\"article-link-person-page\" rel=\"nofollow noopener\" target=\"_blank\">Jani M\u00e4kel\u00e4<\/a>.<\/p>\n<p class=\"paragraph\">Aaltola my\u00f6nt\u00e4\u00e4, ett\u00e4 EU:n suoritus on ollut \u201dsodan alussa heikkoa\u201d Yhdysvaltojakin heikompi:<\/p>\n<p class=\"paragraph\">\u2013 Yhdysvallat Ven\u00e4j\u00e4n suhteen nyt antautuvainen, hakee siit\u00e4 kumppania. Euroopan maat, kuten Britannia, taasen jyrkempi\u00e4 Ven\u00e4j\u00e4n uhan paremmin ymm\u00e4rt\u00e4vin\u00e4.<\/p>\n<p class=\"paragraph\">T\u00e4h\u00e4n M\u00e4kel\u00e4 reagoi itkunauruhymi\u00f6ll\u00e4:<\/p>\n<p class=\"paragraph\">\u2013 \u00c4l\u00e4 nyt saakeli iso mies kehtaa naurattaa! EU on koko ajan ollut kuin hampaaton vuohi. Ilman jenkkej\u00e4 homma olisi h\u00e4vitty jo l\u00e4ht\u00f6ruudussa, Euroopassa olisi ollut uusi neukkula eik\u00e4 meill\u00e4 ikin\u00e4 asiaa Natoon. Puheilla ei ole mit\u00e4\u00e4n v\u00e4li\u00e4, t\u00e4ss\u00e4 ovat teot ja niiden saldo.<\/p>\n<p>Perussuomalaisten eduskuntaryhm\u00e4n puheenjohtaja Jani M\u00e4kel\u00e4n mukaan EU on \u201dkoko ajan ollut kuin hampaaton vuohi\u201d ja ilman Yhdysvaltoja \u201dhomma olisi h\u00e4vitty jo l\u00e4ht\u00f6ruudussa\u201d. TIINA SOMERPURO<\/p>\n<p>Alueluovutukset<\/p>\n<p class=\"paragraph\">My\u00f6s Trumpin ja Zelenskyin mukaan juuri alueluovutukset, erityisesti Donbasin alueen osalta, ovat hankalin kysymys rauhanneuvotteluissa.<\/p>\n<p class=\"paragraph\">Zelenskyin mukaan Ukrainalla on asiaan selke\u00e4 kanta, joka \u201dtietenkin eroaa Ven\u00e4j\u00e4n n\u00e4kemyksest\u00e4\u201d. Zelenskyi on pyrkinyt pehment\u00e4m\u00e4\u00e4n Yhdysvaltojen ehdotusta Ukrainan joukkojen t\u00e4ydellisest\u00e4 vet\u00e4ytymisest\u00e4 Donbasista.<\/p>\n<p class=\"paragraph\">Kremlin tiedottaja <a href=\"https:\/\/www.iltalehti.fi\/henkilot\/Dmitri Peskov\" class=\"article-link-person-page\" rel=\"nofollow noopener\" target=\"_blank\">Dmitri Peskov<\/a> <a href=\"https:\/\/www.iltalehti.fi\/ulkomaat\/758b4ebc-823a-4c47-9079-e5f67b44633b\" rel=\"nofollow noopener\" target=\"_blank\">kommentoi<\/a> maanantaina, ett\u00e4 Ukraina menett\u00e4\u00e4 viel\u00e4 enemm\u00e4n alueita, jos se ei ved\u00e4 joukkojaan hallitsemiltaan alueilta Donbasissa.<\/p>\n<p class=\"paragraph\">Aaltola <a href=\"https:\/\/x.com\/MikaAaltola\/status\/2005595549135745067\" rel=\"noopener nofollow\">kirjoitti<\/a> aiempien viestien j\u00e4lkeen, ett\u00e4 diili\u00e4 tavoitteleva Trump \u201dsaattaakin pitkitt\u00e4\u00e4 sotaa\u201d.<\/p>\n<p class=\"paragraph\">\u2013 1. Pelotteen puute: Pelk\u00e4t sanat eiv\u00e4t pys\u00e4yt\u00e4 Kremli\u00e4. 2. Ep\u00e4realistiset ehdot: Vaatimus luovuttaa alueita, joita Ven\u00e4j\u00e4 ei edes hallitse, on mahdoton. 3. L\u00e4nnen rakoilu: Jos Eurooppa ja USA eriytyv\u00e4t, Putin kiitt\u00e4\u00e4 ja jatkaa. Diili hinnalla mill\u00e4 hyv\u00e4ns\u00e4 on vain resepti pitk\u00e4\u00e4n sotaan.<\/p>\n","protected":false},"excerpt":{"rendered":"Mika Aaltola (kok) on Donald Trumpia kriittisempi rauhanneuvottelujen etenemisest\u00e4. Jani M\u00e4kel\u00e4n (ps) mukaan neuvotteluissa ei oltaisi edes t\u00e4ss\u00e4&hellip;\n","protected":false},"author":2,"featured_media":128598,"comment_status":"","ping_status":"","sticky":false,"template":"","format":"standard","meta":{"footnotes":""},"categories":[14],"tags":[35,22,23,26,27,33,31,30,17,24,25,28,29,15,18,21,142,637,144,886,32,19,20,56,16,638,59,60,61],"class_list":{"0":"post-128597","1":"post","2":"type-post","3":"status-publish","4":"format-standard","5":"has-post-thumbnail","7":"category-ulkomaat","8":"tag-24h","9":"tag-breaking-news","10":"tag-breakingnews","11":"tag-featured-news","12":"tag-featurednews","13":"tag-fi","14":"tag-finland","15":"tag-finnish","16":"tag-headlines","17":"tag-latest-news","18":"tag-latestnews","19":"tag-main-news","20":"tag-mainnews","21":"tag-news","22":"tag-otsikot","23":"tag-paauutiset","24":"tag-poliitikot","25":"tag-politiikka","26":"tag-presidentti","27":"tag-puolueet","28":"tag-suomi","29":"tag-top-stories","30":"tag-topstories","31":"tag-ulkomaat","32":"tag-uutiset","33":"tag-valtiovalta","34":"tag-world","35":"tag-world-news","36":"tag-worldnews"},"share_on_mastodon":{"url":"https:\/\/pubeurope.com\/@fi\/115806103365017217","error":""},"_links":{"self":[{"href":"https:\/\/www.europesays.com\/fi\/wp-json\/wp\/v2\/posts\/128597","targetHints":{"allow":["GET"]}}],"collection":[{"href":"https:\/\/www.europesays.com\/fi\/wp-json\/wp\/v2\/posts"}],"about":[{"href":"https:\/\/www.europesays.com\/fi\/wp-json\/wp\/v2\/types\/post"}],"author":[{"embeddable":true,"href":"https:\/\/www.europesays.com\/fi\/wp-json\/wp\/v2\/users\/2"}],"replies":[{"embeddable":true,"href":"https:\/\/www.europesays.com\/fi\/wp-json\/wp\/v2\/comments?post=128597"}],"version-history":[{"count":0,"href":"https:\/\/www.europesays.com\/fi\/wp-json\/wp\/v2\/posts\/128597\/revisions"}],"wp:featuredmedia":[{"embeddable":true,"href":"https:\/\/www.europesays.com\/fi\/wp-json\/wp\/v2\/media\/128598"}],"wp:attachment":[{"href":"https:\/\/www.europesays.com\/fi\/wp-json\/wp\/v2\/media?parent=128597"}],"wp:term":[{"taxonomy":"category","embeddable":true,"href":"https:\/\/www.europesays.com\/fi\/wp-json\/wp\/v2\/categories?post=128597"},{"taxonomy":"post_tag","embeddable":true,"href":"https:\/\/www.europesays.com\/fi\/wp-json\/wp\/v2\/tags?post=128597"}],"curies":[{"name":"wp","href":"https:\/\/api.w.org\/{rel}","templated":true}]}}