{"id":128603,"date":"2025-12-30T02:27:07","date_gmt":"2025-12-30T02:27:07","guid":{"rendered":"https:\/\/www.europesays.com\/fi\/128603\/"},"modified":"2025-12-30T02:27:07","modified_gmt":"2025-12-30T02:27:07","slug":"paula-koivuniemi-palasi-someen-laittoi-viestin-kuolleelle-pate-mustajarvelle","status":"publish","type":"post","link":"https:\/\/www.europesays.com\/fi\/128603\/","title":{"rendered":"Paula Koivuniemi palasi someen \u2013 laittoi viestin kuolleelle Pate Mustaj\u00e4rvelle"},"content":{"rendered":"<p>Laulajanuransa vuosia sitten p\u00e4\u00e4tt\u00e4nyt <strong>Paula Koivuniemi<\/strong> on pit\u00e4nyt pitk\u00e4\u00e4n hiljaiseloa. H\u00e4nen sometilej\u00e4\u00e4nk\u00e4\u00e4n ei ole p\u00e4ivitetty, mutta nyt on. H\u00e4nen Facebook-tililleen ilmestyi juuri pari rivi\u00e4 teksti\u00e4 sek\u00e4 video.<\/p>\n<p>Lue my\u00f6s: <a href=\"https:\/\/www.como.fi\/uutiset\/paula-koivuniemen-poika-tuli-julkisuuteen-aitini-pitkaaisten\/\" title=\"Paula Koivuniemen poika tuli julkisuuteen: \u201d\u00c4itini pitk\u00e4aikaisten\u2026\u201d\" class=\"underline-custom !font-montserrat !font-bold !underline-offset-4 !decoration-4 !decoration-red-600 !text-md\" rel=\"nofollow noopener\" target=\"_blank\">Paula Koivuniemen poika tuli julkisuuteen: \u201d\u00c4itini pitk\u00e4aikaisten\u2026\u201d<\/a><\/p>\n<p>Koivuniemen p\u00e4ivitys koskee <strong>Pate Mustaj\u00e4rve\u00e4,<\/strong> joka menehtyi joulun j\u00e4lkeen. Julkaisun mukana oleva video on kappale, jossa Koivuniemi ja Mustaj\u00e4rvi laulavat yhdess\u00e4 kauniin kappaleen.<\/p>\n<p>\u2013 Kiitos Pate pitk\u00e4st\u00e4 yst\u00e4vyydest\u00e4, musiikista ja muistoista. Olen kiitollinen, ett\u00e4 sain tuntea sinut. L\u00e4mpimi\u00e4 ajatuksia kaikille l\u00e4heisille, lukee Koivuniemen julkaisussa.<\/p>\n<p>Moni kuvailee julkaisussa olevaa kappaletta upeaksi. <\/p>\n<p>\u2013 Niin upea kappale, kehuu joku. <\/p>\n<p>\u2013 Ihmetell\u00e4 voi miksi ei ole soinut miss\u00e4\u00e4n. Ajankohtainen, ihmettelee er\u00e4s. <\/p>\n<p>Kappale Onni on t\u00e4ss\u00e4 tehtiin vuonna 2016. Sit\u00e4 voi kuunnella avaamalla sen auki <a href=\"https:\/\/areena.yle.fi\/1-3872242\" target=\"_blank\" rel=\"noreferrer noopener nofollow\">t\u00e4st\u00e4<\/a>. <\/p>\n<p>Lue my\u00f6s: <a href=\"https:\/\/www.como.fi\/tilaa-comon-uutiskirje\/\" title=\"Tilaa Comon uutiskirje ja tied\u00e4t mist\u00e4 kahvitauolla puhutaan! Nappaa kotimaan tv-vinkit ja puheenaiheet suoraan s\u00e4hk\u00f6postiin t\u00e4st\u00e4.\" class=\"underline-custom !font-montserrat !font-bold !underline-offset-4 !decoration-4 !decoration-red-600 !text-md\" rel=\"nofollow noopener\" target=\"_blank\">Tilaa Comon uutiskirje ja tied\u00e4t mist\u00e4 kahvitauolla puhutaan! Nappaa kotimaan tv-vinkit ja puheenaiheet suoraan s\u00e4hk\u00f6postiin t\u00e4st\u00e4.<\/a><\/p>\n","protected":false},"excerpt":{"rendered":"Laulajanuransa vuosia sitten p\u00e4\u00e4tt\u00e4nyt Paula Koivuniemi on pit\u00e4nyt pitk\u00e4\u00e4n hiljaiseloa. H\u00e4nen sometilej\u00e4\u00e4nk\u00e4\u00e4n ei ole p\u00e4ivitetty, mutta nyt on.&hellip;\n","protected":false},"author":2,"featured_media":128604,"comment_status":"","ping_status":"","sticky":false,"template":"","format":"standard","meta":{"footnotes":""},"categories":[136],"tags":[407,137,33,31,30,408,7656,32,109],"class_list":{"0":"post-128603","1":"post","2":"type-post","3":"status-publish","4":"format-standard","5":"has-post-thumbnail","7":"category-julkkikset","8":"tag-celebrities","9":"tag-entertainment","10":"tag-fi","11":"tag-finland","12":"tag-finnish","13":"tag-julkkikset","14":"tag-paula-koivuniemi","15":"tag-suomi","16":"tag-viihde"},"share_on_mastodon":{"url":"https:\/\/pubeurope.com\/@fi\/115806158299233143","error":""},"_links":{"self":[{"href":"https:\/\/www.europesays.com\/fi\/wp-json\/wp\/v2\/posts\/128603","targetHints":{"allow":["GET"]}}],"collection":[{"href":"https:\/\/www.europesays.com\/fi\/wp-json\/wp\/v2\/posts"}],"about":[{"href":"https:\/\/www.europesays.com\/fi\/wp-json\/wp\/v2\/types\/post"}],"author":[{"embeddable":true,"href":"https:\/\/www.europesays.com\/fi\/wp-json\/wp\/v2\/users\/2"}],"replies":[{"embeddable":true,"href":"https:\/\/www.europesays.com\/fi\/wp-json\/wp\/v2\/comments?post=128603"}],"version-history":[{"count":0,"href":"https:\/\/www.europesays.com\/fi\/wp-json\/wp\/v2\/posts\/128603\/revisions"}],"wp:featuredmedia":[{"embeddable":true,"href":"https:\/\/www.europesays.com\/fi\/wp-json\/wp\/v2\/media\/128604"}],"wp:attachment":[{"href":"https:\/\/www.europesays.com\/fi\/wp-json\/wp\/v2\/media?parent=128603"}],"wp:term":[{"taxonomy":"category","embeddable":true,"href":"https:\/\/www.europesays.com\/fi\/wp-json\/wp\/v2\/categories?post=128603"},{"taxonomy":"post_tag","embeddable":true,"href":"https:\/\/www.europesays.com\/fi\/wp-json\/wp\/v2\/tags?post=128603"}],"curies":[{"name":"wp","href":"https:\/\/api.w.org\/{rel}","templated":true}]}}