{"id":128611,"date":"2025-12-30T02:39:07","date_gmt":"2025-12-30T02:39:07","guid":{"rendered":"https:\/\/www.europesays.com\/fi\/128611\/"},"modified":"2025-12-30T02:39:07","modified_gmt":"2025-12-30T02:39:07","slug":"new-york-hatatilassa-yli-900-lentoa-peruttu-lumimyrskyn-vuoksi","status":"publish","type":"post","link":"https:\/\/www.europesays.com\/fi\/128611\/","title":{"rendered":"New York h\u00e4t\u00e4tilassa, yli 900 lentoa peruttu lumimyrskyn vuoksi"},"content":{"rendered":"<p class=\"ai-optimize-6 ai-optimize-introduction\">New Yorkin ja New Jerseyn osavaltiot Yhdysvalloissa on julistettu h\u00e4t\u00e4tilaan runsaiden lumisateiden takia. Asiasta kertoo muun muassa Britannian yleisradioyhti\u00f6 <a href=\"https:\/\/www.bbc.com\/news\/articles\/c0je0l55zq3o\" target=\"_blank\" rel=\"noopener nofollow\">BBC<\/a>.<\/p>\n<p class=\"ai-optimize-7\">Esimerkiksi New York Cityn keskuspuistossa lunta satoi sunnuntaina yli kymmenen senttimetri\u00e4. Se on suurin mitattu m\u00e4\u00e4r\u00e4 vuoden 2022 j\u00e4lkeen.<\/p>\n<p class=\"ai-optimize-11\">H\u00e4t\u00e4tilan on kerrottu olevan voimassa ainakin maanantai-iltaan asti paikallista aikaa.<\/p>\n<p class=\"ai-optimize-8\">Runsaat lumisateet ovat aiheuttaneet merkitt\u00e4v\u00e4\u00e4 haittaa my\u00f6s alueen matkailulle ja lentoliikenteelle. Lauantaina New Yorkin alueella peruttiin yli 900 lentoa. Lis\u00e4ksi yli 8\u00a0000 lentoa viiv\u00e4styi koko liittovaltion alueella.<\/p>\n<p class=\"ai-optimize-9\">Runsaiden lumisateiden lis\u00e4ksi alueilla on esiintynyt voimakkaita tuulenpuuskia.<\/p>\n<p class=\"ai-optimize-10\">Lumimyrskyt ovat aiheuttaneet ongelmia my\u00f6s muualla Yhdysvalloissa. Ainakin Minnesotan, Iowan, Wisconsinin ja osassa Michiganin osavaltioita on voimassa oleva lumimyrskyvaroitus. Esimerkiksi Michiganissa on mitattu paikoitellen jopa 30 senttimetrin lumikertymi\u00e4.<\/p>\n","protected":false},"excerpt":{"rendered":"New Yorkin ja New Jerseyn osavaltiot Yhdysvalloissa on julistettu h\u00e4t\u00e4tilaan runsaiden lumisateiden takia. Asiasta kertoo muun muassa Britannian&hellip;\n","protected":false},"author":2,"featured_media":128612,"comment_status":"","ping_status":"","sticky":false,"template":"","format":"standard","meta":{"footnotes":""},"categories":[14],"tags":[22,23,26,27,33,31,30,17,24,25,19592,28,29,15,18,21,710,32,19,20,56,16,59,60,61,619],"class_list":{"0":"post-128611","1":"post","2":"type-post","3":"status-publish","4":"format-standard","5":"has-post-thumbnail","7":"category-ulkomaat","8":"tag-breaking-news","9":"tag-breakingnews","10":"tag-featured-news","11":"tag-featurednews","12":"tag-fi","13":"tag-finland","14":"tag-finnish","15":"tag-headlines","16":"tag-latest-news","17":"tag-latestnews","18":"tag-luonnonilmiot","19":"tag-main-news","20":"tag-mainnews","21":"tag-news","22":"tag-otsikot","23":"tag-paauutiset","24":"tag-saa","25":"tag-suomi","26":"tag-top-stories","27":"tag-topstories","28":"tag-ulkomaat","29":"tag-uutiset","30":"tag-world","31":"tag-world-news","32":"tag-worldnews","33":"tag-yhdysvallat"},"share_on_mastodon":{"url":"https:\/\/pubeurope.com\/@fi\/115806205548653630","error":""},"_links":{"self":[{"href":"https:\/\/www.europesays.com\/fi\/wp-json\/wp\/v2\/posts\/128611","targetHints":{"allow":["GET"]}}],"collection":[{"href":"https:\/\/www.europesays.com\/fi\/wp-json\/wp\/v2\/posts"}],"about":[{"href":"https:\/\/www.europesays.com\/fi\/wp-json\/wp\/v2\/types\/post"}],"author":[{"embeddable":true,"href":"https:\/\/www.europesays.com\/fi\/wp-json\/wp\/v2\/users\/2"}],"replies":[{"embeddable":true,"href":"https:\/\/www.europesays.com\/fi\/wp-json\/wp\/v2\/comments?post=128611"}],"version-history":[{"count":0,"href":"https:\/\/www.europesays.com\/fi\/wp-json\/wp\/v2\/posts\/128611\/revisions"}],"wp:featuredmedia":[{"embeddable":true,"href":"https:\/\/www.europesays.com\/fi\/wp-json\/wp\/v2\/media\/128612"}],"wp:attachment":[{"href":"https:\/\/www.europesays.com\/fi\/wp-json\/wp\/v2\/media?parent=128611"}],"wp:term":[{"taxonomy":"category","embeddable":true,"href":"https:\/\/www.europesays.com\/fi\/wp-json\/wp\/v2\/categories?post=128611"},{"taxonomy":"post_tag","embeddable":true,"href":"https:\/\/www.europesays.com\/fi\/wp-json\/wp\/v2\/tags?post=128611"}],"curies":[{"name":"wp","href":"https:\/\/api.w.org\/{rel}","templated":true}]}}