{"id":128613,"date":"2025-12-30T02:40:13","date_gmt":"2025-12-30T02:40:13","guid":{"rendered":"https:\/\/www.europesays.com\/fi\/128613\/"},"modified":"2025-12-30T02:40:13","modified_gmt":"2025-12-30T02:40:13","slug":"joonas-hamalainen-aloittaa-1-3-oulun-k-supermarket-knuutilankankaan-kauppiaana","status":"publish","type":"post","link":"https:\/\/www.europesays.com\/fi\/128613\/","title":{"rendered":"Joonas H\u00e4m\u00e4l\u00e4inen aloittaa 1.3. Oulun K-Supermarket Knuutilankankaan kauppiaana"},"content":{"rendered":"<p>\u201dTuntuu mahtavalta p\u00e4\u00e4st\u00e4 kauppiaaksi K-Supermarket Knuutilankankaalle, sill\u00e4 asumme k\u00e4velymatkan p\u00e4\u00e4ss\u00e4 kaupalta ja se on tullut tutuksi asiakkaan roolissa\u201d, Joonas iloitsee. \u201d<strong>Samuli<\/strong> ja <strong>Viola<\/strong> ovat rakentaneet hienon t\u00e4yden palvelun ruokakaupan, joka vastaa asiakkaiden tarpeisiin niin valikoiman kuin palvelunkin osalta.\u201d<\/p>\n<p><strong>Joonas ja Oona tuovat mukanaan vahvaa ruokaosaamista<\/strong><\/p>\n<p>\u201dJatkamme edelleen panostamista valikoimiin ja palveluun\u201d, Joonas ja Oona kertovat. \u201dTuomme mukanamme vahvaa ruokaosaamista, joka tulee n\u00e4kym\u00e4\u00e4n niin kahvila Elliss\u00e4 kuin koko kaupan ruokaisuudessa.\u201d<\/p>\n<p>Hedelm\u00e4t, vihannekset ja leiv\u00e4t on saavat erityist\u00e4 huomiota: \u201dHevi ja leip\u00e4 ovat heti vastassa, kun asiakas tulee kauppaan, joten haluamme varmistaa ett\u00e4 tuoreus, sesongit ja esillepanot ovat houkuttelevia ja vastaavat asiakkaidemme tarpeisiin. Haluamme valikoimiin my\u00f6s l\u00e4hituottajien tuotteita.\u201d<\/p>\n<p>Pirkka- , Pirkka parhaat- ja K-Menu-tuotteista he kertovat suosikkinsa: \u201dPirkka parhaat Pecorinoa l\u00f6ytyy meilt\u00e4 j\u00e4\u00e4kaapista!\u201d<\/p>\n<p><strong>\u201dJotta sin\u00e4 voit keskitty\u00e4 el\u00e4m\u00e4n parhaisiin paloihin\u201d<\/strong><\/p>\n<p>Otsikko on uusien kauppiaiden slogan K-Supermarket Knuutilankankaalle. \u201dSlogan on ollut k\u00e4yt\u00f6ss\u00e4 jo K-Supermarket Ritaharjussa ja tuomme saman sloganin k\u00e4ytt\u00f6\u00f6n my\u00f6s Knuutilankankaalle\u201d, uudet kauppiaat avaavat. \u201dSlogan tarkoittaa, ett\u00e4 haluamme olla meid\u00e4n asiakkaiden luottamuksen arvoinen ruokakauppa niin arjessa kuin juhlassa. Meilt\u00e4 voi hakea nopeat v\u00e4lipalat ty\u00f6- tai treenimatkalle, esivalmistellut tuotteet helpottamaan arkea tai parhaat mahdolliset raaka-aineet juhlaan. N\u00e4in sin\u00e4 voit keskitty\u00e4 el\u00e4m\u00e4n parhaisiin paloihin eli yhteisiin hetkiin l\u00e4heisten kanssa.\u201d<\/p>\n<p>\u201dSupervoimamme on tuoda asiakkaiden ostosreissulle pieni\u00e4 positiivisia yll\u00e4tyksi\u00e4, niin palvelun, kuin valikoiman avulla.\u201d<\/p>\n<p>Joonas ja Oona lupaavat, ett\u00e4 kev\u00e4\u00e4n aikana tullaan juhlistamaan uutta alkua heid\u00e4n ja asiakkaiden yhteiselle matkalle. \u201dTutustumme ensin rauhassa henkil\u00f6kuntaan ja kaupan arkeen.\u201d<\/p>\n<p>K-Supermarket Knuutilankankaalla jatkavat K-Ruoan verkkokauppa ja verkkokaupan noutoautomaatti sek\u00e4 Woltin pikatoimitukset. Somessa kauppaa voi seurata Facebookissa \u201dK-Supermarket Knuutilankangas\u201d ja Instagramissa @Ruokamies. <\/p>\n<p>\u201dVastuullisuusty\u00f6 on meille arkip\u00e4iv\u00e4\u00e4. Kunnioitamme niin ty\u00f6ntekij\u00f6it\u00e4, asiakkaita, yhteisty\u00f6kumppaneita kuin raaka-aineita\u201d, he listaavat. \u201dHenkil\u00f6kunta on ollut meille aina t\u00e4rke\u00e4ss\u00e4 roolissa ja tuomme my\u00f6s Knuutilankankaalle johtamismallin, jossa haluamme olla varmistamassa, ett\u00e4 henkil\u00f6kuntamme voi onnistua jokaisena ty\u00f6p\u00e4iv\u00e4n\u00e4.\u201d<\/p>\n<p><strong>Joonaksella historiaa MasterChef-voittajana, kirjailijana ja kauppiaana<\/strong><\/p>\n<p>Joonaksella on monipuolinen historia ruoan parista. H\u00e4n on voittanut Suomen ensimm\u00e4isen MasterChef-kilpailun, ty\u00f6skennellyt huippuravintoloissa, kirjoittanut pari keittokirjaa sek\u00e4 ty\u00f6skennellyt my\u00f6s Kespron Foodsteri tuotekehityskeitti\u00f6ss\u00e4. Kauppiaana Joonas on toiminut vuodesta 2022 saakka (Neste K Ouluntulli, K-Market Kokkokangas, Neste K Isko, K-Supermarket Ritaharju)<\/p>\n<p>Oona on ty\u00f6skennellyt yli 10 vuotta Keskon ruokakaupoissa ja h\u00e4nell\u00e4 on vahva osaaminen erityisesti tuoreosastoiden tuloksellisesta hoitamisesta.<\/p>\n<p>Puoliso Oona j\u00e4\u00e4 vanhempainvapaalle juuri kaupan vaihdon aikaan, mutta tulee palaamaan aikanaan mukaan kaupan arkeen. Ty\u00f6lle vastapainona arki sujuu leppoisasti kotona perheen kesken ja vauhtia iltoihin ja viikonloppuihin tuo Joonaksen 10-vuotiaan pojan j\u00e4\u00e4kiekkoharrastus.<\/p>\n","protected":false},"excerpt":{"rendered":"\u201dTuntuu mahtavalta p\u00e4\u00e4st\u00e4 kauppiaaksi K-Supermarket Knuutilankankaalle, sill\u00e4 asumme k\u00e4velymatkan p\u00e4\u00e4ss\u00e4 kaupalta ja se on tullut tutuksi asiakkaan roolissa\u201d,&hellip;\n","protected":false},"author":2,"featured_media":128614,"comment_status":"","ping_status":"","sticky":false,"template":"","format":"standard","meta":{"footnotes":""},"categories":[12],"tags":[22,23,26,27,33,31,30,17,24,25,28,29,15,18,21,32,19,20,16],"class_list":{"0":"post-128613","1":"post","2":"type-post","3":"status-publish","4":"format-standard","5":"has-post-thumbnail","7":"category-suomi","8":"tag-breaking-news","9":"tag-breakingnews","10":"tag-featured-news","11":"tag-featurednews","12":"tag-fi","13":"tag-finland","14":"tag-finnish","15":"tag-headlines","16":"tag-latest-news","17":"tag-latestnews","18":"tag-main-news","19":"tag-mainnews","20":"tag-news","21":"tag-otsikot","22":"tag-paauutiset","23":"tag-suomi","24":"tag-top-stories","25":"tag-topstories","26":"tag-uutiset"},"share_on_mastodon":{"url":"https:\/\/pubeurope.com\/@fi\/115806209491180175","error":""},"_links":{"self":[{"href":"https:\/\/www.europesays.com\/fi\/wp-json\/wp\/v2\/posts\/128613","targetHints":{"allow":["GET"]}}],"collection":[{"href":"https:\/\/www.europesays.com\/fi\/wp-json\/wp\/v2\/posts"}],"about":[{"href":"https:\/\/www.europesays.com\/fi\/wp-json\/wp\/v2\/types\/post"}],"author":[{"embeddable":true,"href":"https:\/\/www.europesays.com\/fi\/wp-json\/wp\/v2\/users\/2"}],"replies":[{"embeddable":true,"href":"https:\/\/www.europesays.com\/fi\/wp-json\/wp\/v2\/comments?post=128613"}],"version-history":[{"count":0,"href":"https:\/\/www.europesays.com\/fi\/wp-json\/wp\/v2\/posts\/128613\/revisions"}],"wp:featuredmedia":[{"embeddable":true,"href":"https:\/\/www.europesays.com\/fi\/wp-json\/wp\/v2\/media\/128614"}],"wp:attachment":[{"href":"https:\/\/www.europesays.com\/fi\/wp-json\/wp\/v2\/media?parent=128613"}],"wp:term":[{"taxonomy":"category","embeddable":true,"href":"https:\/\/www.europesays.com\/fi\/wp-json\/wp\/v2\/categories?post=128613"},{"taxonomy":"post_tag","embeddable":true,"href":"https:\/\/www.europesays.com\/fi\/wp-json\/wp\/v2\/tags?post=128613"}],"curies":[{"name":"wp","href":"https:\/\/api.w.org\/{rel}","templated":true}]}}