{"id":128615,"date":"2025-12-30T02:41:07","date_gmt":"2025-12-30T02:41:07","guid":{"rendered":"https:\/\/www.europesays.com\/fi\/128615\/"},"modified":"2025-12-30T02:41:07","modified_gmt":"2025-12-30T02:41:07","slug":"laukaassa-nelostiella-pakettiauton-ulosajo-keski-suomi","status":"publish","type":"post","link":"https:\/\/www.europesays.com\/fi\/128615\/","title":{"rendered":"Laukaassa Nelostiell\u00e4 pakettiauton ulosajo | Keski-Suomi"},"content":{"rendered":"<p>Nelostiell\u00e4 sattui maanantai-iltana pakettiauton ulosajo Laukaassa.<\/p>\n<p>Ulosajo sattui Vehni\u00e4n liittym\u00e4n kohdalla puoli kymmenen j\u00e4lkeen illalla. Kyydiss\u00e4 oli vain kuljettaja, jonak ensihoito tarkasti.<\/p>\n<p>Tapauksesta ei aiheutunut liikennehaittaa. Pelastuslaitokselta kerrotaan, ett\u00e4 kuljettaja j\u00e4rjest\u00e4\u00e4 auton hinauksen tiistaina.<\/p>\n","protected":false},"excerpt":{"rendered":"Nelostiell\u00e4 sattui maanantai-iltana pakettiauton ulosajo Laukaassa. Ulosajo sattui Vehni\u00e4n liittym\u00e4n kohdalla puoli kymmenen j\u00e4lkeen illalla. Kyydiss\u00e4 oli vain&hellip;\n","protected":false},"author":2,"featured_media":128616,"comment_status":"","ping_status":"","sticky":false,"template":"","format":"standard","meta":{"footnotes":""},"categories":[5],"tags":[648,22,23,26,27,33,31,30,17,2187,24,25,2559,121,28,29,82,15,120,18,21,32,128,19,20,16],"class_list":{"0":"post-128615","1":"post","2":"type-post","3":"status-publish","4":"format-standard","5":"has-post-thumbnail","7":"category-otsikot","8":"tag-autot","9":"tag-breaking-news","10":"tag-breakingnews","11":"tag-featured-news","12":"tag-featurednews","13":"tag-fi","14":"tag-finland","15":"tag-finnish","16":"tag-headlines","17":"tag-kulkuneuvot","18":"tag-latest-news","19":"tag-latestnews","20":"tag-laukaa","21":"tag-liikenne-ja-kuljetus","22":"tag-main-news","23":"tag-mainnews","24":"tag-moottoriajoneuvot","25":"tag-news","26":"tag-onnettomuustapaus","27":"tag-otsikot","28":"tag-paauutiset","29":"tag-suomi","30":"tag-tieliikenne","31":"tag-top-stories","32":"tag-topstories","33":"tag-uutiset"},"share_on_mastodon":{"url":"https:\/\/pubeurope.com\/@fi\/115806213415052893","error":""},"_links":{"self":[{"href":"https:\/\/www.europesays.com\/fi\/wp-json\/wp\/v2\/posts\/128615","targetHints":{"allow":["GET"]}}],"collection":[{"href":"https:\/\/www.europesays.com\/fi\/wp-json\/wp\/v2\/posts"}],"about":[{"href":"https:\/\/www.europesays.com\/fi\/wp-json\/wp\/v2\/types\/post"}],"author":[{"embeddable":true,"href":"https:\/\/www.europesays.com\/fi\/wp-json\/wp\/v2\/users\/2"}],"replies":[{"embeddable":true,"href":"https:\/\/www.europesays.com\/fi\/wp-json\/wp\/v2\/comments?post=128615"}],"version-history":[{"count":0,"href":"https:\/\/www.europesays.com\/fi\/wp-json\/wp\/v2\/posts\/128615\/revisions"}],"wp:featuredmedia":[{"embeddable":true,"href":"https:\/\/www.europesays.com\/fi\/wp-json\/wp\/v2\/media\/128616"}],"wp:attachment":[{"href":"https:\/\/www.europesays.com\/fi\/wp-json\/wp\/v2\/media?parent=128615"}],"wp:term":[{"taxonomy":"category","embeddable":true,"href":"https:\/\/www.europesays.com\/fi\/wp-json\/wp\/v2\/categories?post=128615"},{"taxonomy":"post_tag","embeddable":true,"href":"https:\/\/www.europesays.com\/fi\/wp-json\/wp\/v2\/tags?post=128615"}],"curies":[{"name":"wp","href":"https:\/\/api.w.org\/{rel}","templated":true}]}}