{"id":128617,"date":"2025-12-30T02:53:09","date_gmt":"2025-12-30T02:53:09","guid":{"rendered":"https:\/\/www.europesays.com\/fi\/128617\/"},"modified":"2025-12-30T02:53:09","modified_gmt":"2025-12-30T02:53:09","slug":"sydney-sweeney-ja-urheilutahti-suhde","status":"publish","type":"post","link":"https:\/\/www.europesays.com\/fi\/128617\/","title":{"rendered":"Sydney Sweeney ja urheilut\u00e4hti: Suhde?"},"content":{"rendered":"<p>Suuret sanomalehdet kirjoittavat mahdollisesta superparista.<\/p>\n<p><img decoding=\"async\" class=\"image image-show image-preview\" src=\"https:\/\/www.europesays.com\/fi\/wp-content\/uploads\/2025\/12\/2084ccd6401f25ca368423e788188f193b1fa155e3a61e3b742ed5e809428230.jpg\" alt=\"\"\/><img decoding=\"async\" class=\"image image-show\" src=\"https:\/\/www.europesays.com\/fi\/wp-content\/uploads\/2025\/12\/1767063189_871_2084ccd6401f25ca368423e788188f193b1fa155e3a61e3b742ed5e809428230.jpg\" alt=\"\"\/><\/p>\n<p>Sydney Sweeney on tuttu valkokankailta. AOP<\/p>\n<p class=\"paragraph\">N\u00e4yttelij\u00e4 <a href=\"https:\/\/www.iltalehti.fi\/henkilot\/Sydney Sweeney\" class=\"article-link-person-page\" rel=\"nofollow noopener\" target=\"_blank\">Sydney Sweeney<\/a>, 28, ja jalkapalloilija <a href=\"https:\/\/www.iltalehti.fi\/henkilot\/Christian Pulisic\" class=\"article-link-person-page\" rel=\"nofollow noopener\" target=\"_blank\">Christian Pulisic<\/a>, 27, ovat kuumien suhdehuhujen keskell\u00e4.<\/p>\n<p class=\"paragraph\">Muun muassa eurooppalaiset j\u00e4ttilehdet <a href=\"https:\/\/www.gazzetta.it\/gossip\/25-12-2025\/pulisic-e-sydney-sweeney-insieme-il-gossip-e-cosa-c-e-di-vero.shtml?refresh_ce\" target=\"_blank\" rel=\"noopener nofollow\">Gazzetta dello Sport<\/a> ja <a href=\"https:\/\/www.marca.com\/en\/football\/serie-a\/2025\/12\/27\/69500352268e3e4b518b45a6.html\" target=\"_blank\" rel=\"noopener nofollow\">Marca<\/a> uutisoivat juoruista, jotka levi\u00e4v\u00e4t Italiassa.<\/p>\n<p class=\"paragraph\">Yhdysvaltalainen Pulisic on tunnettu nimi Italiassa, sill\u00e4 h\u00e4n pelaa maan suurseurassa AC Milanissa. Taitava hy\u00f6kk\u00e4\u00e4j\u00e4 on voittanut Mestarien liigan Chelsean paidassa 2021.<\/p>\n<p class=\"paragraph\">Gazzetta dello Sportin mukaan suhdehuhut saivat alkunsa DNA da Bomber -nimiselt\u00e4 Instagram-tililt\u00e4, jolla on yli 500\u00a0000 seuraajaa. Pian my\u00f6s perinteiset mediat alkoivat raportoida aiheesta.<\/p>\n<p class=\"paragraph\">Sek\u00e4 Sweeneyn ett\u00e4 Pulisicin uskottiin olevan tahoillaan parisuhteissa. Sweeney on yhdistetty musiikkimoguli <a href=\"https:\/\/www.iltalehti.fi\/henkilot\/Scooter Braun\" class=\"article-link-person-page\" rel=\"nofollow noopener\" target=\"_blank\">Scooter Brauniin<\/a> ja Pulisic golfari <strong>Alexa Meltoniin<\/strong>.<\/p>\n<p class=\"paragraph\">Marcan mukaan kumpikaan supert\u00e4hdist\u00e4 ei ole toistaiseksi kommentoinut suhdehuhuja, eik\u00e4 heit\u00e4 ole n\u00e4hty miss\u00e4\u00e4n yhdess\u00e4.<\/p>\n<p>Christian Pulisic on Yhdysvaltain maajoukkueen avainpelaaja. AOP<\/p>\n","protected":false},"excerpt":{"rendered":"Suuret sanomalehdet kirjoittavat mahdollisesta superparista. Sydney Sweeney on tuttu valkokankailta. AOP N\u00e4yttelij\u00e4 Sydney Sweeney, 28, ja jalkapalloilija Christian&hellip;\n","protected":false},"author":2,"featured_media":128618,"comment_status":"","ping_status":"","sticky":false,"template":"","format":"standard","meta":{"footnotes":""},"categories":[136],"tags":[35,407,137,33,31,30,43,42,1745,1984,408,41,32,109],"class_list":{"0":"post-128617","1":"post","2":"type-post","3":"status-publish","4":"format-standard","5":"has-post-thumbnail","7":"category-julkkikset","8":"tag-24h","9":"tag-celebrities","10":"tag-entertainment","11":"tag-fi","12":"tag-finland","13":"tag-finnish","14":"tag-jalkapallo","15":"tag-jalkapalloon-perustuvat-lajit","16":"tag-jalkapallopelaajat","17":"tag-jalkapallopelaajat-miehet","18":"tag-julkkikset","19":"tag-liikunta-ja-urheilu","20":"tag-suomi","21":"tag-viihde"},"share_on_mastodon":{"url":"https:\/\/pubeurope.com\/@fi\/115806260578934617","error":""},"_links":{"self":[{"href":"https:\/\/www.europesays.com\/fi\/wp-json\/wp\/v2\/posts\/128617","targetHints":{"allow":["GET"]}}],"collection":[{"href":"https:\/\/www.europesays.com\/fi\/wp-json\/wp\/v2\/posts"}],"about":[{"href":"https:\/\/www.europesays.com\/fi\/wp-json\/wp\/v2\/types\/post"}],"author":[{"embeddable":true,"href":"https:\/\/www.europesays.com\/fi\/wp-json\/wp\/v2\/users\/2"}],"replies":[{"embeddable":true,"href":"https:\/\/www.europesays.com\/fi\/wp-json\/wp\/v2\/comments?post=128617"}],"version-history":[{"count":0,"href":"https:\/\/www.europesays.com\/fi\/wp-json\/wp\/v2\/posts\/128617\/revisions"}],"wp:featuredmedia":[{"embeddable":true,"href":"https:\/\/www.europesays.com\/fi\/wp-json\/wp\/v2\/media\/128618"}],"wp:attachment":[{"href":"https:\/\/www.europesays.com\/fi\/wp-json\/wp\/v2\/media?parent=128617"}],"wp:term":[{"taxonomy":"category","embeddable":true,"href":"https:\/\/www.europesays.com\/fi\/wp-json\/wp\/v2\/categories?post=128617"},{"taxonomy":"post_tag","embeddable":true,"href":"https:\/\/www.europesays.com\/fi\/wp-json\/wp\/v2\/tags?post=128617"}],"curies":[{"name":"wp","href":"https:\/\/api.w.org\/{rel}","templated":true}]}}