{"id":128626,"date":"2025-12-30T03:06:07","date_gmt":"2025-12-30T03:06:07","guid":{"rendered":"https:\/\/www.europesays.com\/fi\/128626\/"},"modified":"2025-12-30T03:06:07","modified_gmt":"2025-12-30T03:06:07","slug":"lumisade-hankaloittaa-ajokelia-paikoin-uutisia-lyhyesti","status":"publish","type":"post","link":"https:\/\/www.europesays.com\/fi\/128626\/","title":{"rendered":"Lumisade hankaloittaa ajokeli\u00e4 paikoin | Uutisia lyhyesti"},"content":{"rendered":"<p class=\"aw-1gybjub aw-1p7kakr kEtdKx cEmitX yle__article__paragraph\">Suomessa on t\u00e4n\u00e4\u00e4n luvassa lumista s\u00e4\u00e4t\u00e4. Lumisade aiheuttaa huonoa ajokeli\u00e4 ainakin iltap\u00e4iv\u00e4\u00e4n saakka it\u00e4isess\u00e4, keskisess\u00e4 ja etel\u00e4isess\u00e4 Suomessa.<\/p>\n<p class=\"aw-1gybjub aw-1p7kakr kEtdKx cEmitX yle__article__paragraph\">Ilmatieteen laitos varoittaa mahdollisesti vaarallisesta ajokelist\u00e4 Uudellamaalla, Keski-Suomessa, Kymenlaaksossa, Pohjois- ja Etel\u00e4-Savossa, Pohjois- ja Etel\u00e4-Karjalassa, P\u00e4ij\u00e4t-H\u00e4meess\u00e4 sek\u00e4 Ahvenanmaalla.<\/p>\n<p class=\"aw-1gybjub aw-1p7kakr kEtdKx cEmitX yle__article__paragraph\">Maan etel\u00e4- ja keskiosissa l\u00e4mp\u00f6tilat vaihtelevat kahden ja kymmenen pakkasasteen v\u00e4lill\u00e4. Pohjoisessa luvassa on kylmemp\u00e4\u00e4 s\u00e4\u00e4t\u00e4. Lapissa l\u00e4mp\u00f6tilat voivat pudota 25 pakkasasteeseen.<\/p>\n","protected":false},"excerpt":{"rendered":"Suomessa on t\u00e4n\u00e4\u00e4n luvassa lumista s\u00e4\u00e4t\u00e4. Lumisade aiheuttaa huonoa ajokeli\u00e4 ainakin iltap\u00e4iv\u00e4\u00e4n saakka it\u00e4isess\u00e4, keskisess\u00e4 ja etel\u00e4isess\u00e4 Suomessa.&hellip;\n","protected":false},"author":2,"featured_media":128627,"comment_status":"","ping_status":"","sticky":false,"template":"","format":"standard","meta":{"footnotes":""},"categories":[12],"tags":[22,23,26,27,33,31,30,17,71,24,25,28,29,15,18,21,710,32,19,20,16],"class_list":{"0":"post-128626","1":"post","2":"type-post","3":"status-publish","4":"format-standard","5":"has-post-thumbnail","7":"category-suomi","8":"tag-breaking-news","9":"tag-breakingnews","10":"tag-featured-news","11":"tag-featurednews","12":"tag-fi","13":"tag-finland","14":"tag-finnish","15":"tag-headlines","16":"tag-kotimaa","17":"tag-latest-news","18":"tag-latestnews","19":"tag-main-news","20":"tag-mainnews","21":"tag-news","22":"tag-otsikot","23":"tag-paauutiset","24":"tag-saa","25":"tag-suomi","26":"tag-top-stories","27":"tag-topstories","28":"tag-uutiset"},"share_on_mastodon":{"url":"https:\/\/pubeurope.com\/@fi\/115806312052198996","error":""},"_links":{"self":[{"href":"https:\/\/www.europesays.com\/fi\/wp-json\/wp\/v2\/posts\/128626","targetHints":{"allow":["GET"]}}],"collection":[{"href":"https:\/\/www.europesays.com\/fi\/wp-json\/wp\/v2\/posts"}],"about":[{"href":"https:\/\/www.europesays.com\/fi\/wp-json\/wp\/v2\/types\/post"}],"author":[{"embeddable":true,"href":"https:\/\/www.europesays.com\/fi\/wp-json\/wp\/v2\/users\/2"}],"replies":[{"embeddable":true,"href":"https:\/\/www.europesays.com\/fi\/wp-json\/wp\/v2\/comments?post=128626"}],"version-history":[{"count":0,"href":"https:\/\/www.europesays.com\/fi\/wp-json\/wp\/v2\/posts\/128626\/revisions"}],"wp:featuredmedia":[{"embeddable":true,"href":"https:\/\/www.europesays.com\/fi\/wp-json\/wp\/v2\/media\/128627"}],"wp:attachment":[{"href":"https:\/\/www.europesays.com\/fi\/wp-json\/wp\/v2\/media?parent=128626"}],"wp:term":[{"taxonomy":"category","embeddable":true,"href":"https:\/\/www.europesays.com\/fi\/wp-json\/wp\/v2\/categories?post=128626"},{"taxonomy":"post_tag","embeddable":true,"href":"https:\/\/www.europesays.com\/fi\/wp-json\/wp\/v2\/tags?post=128626"}],"curies":[{"name":"wp","href":"https:\/\/api.w.org\/{rel}","templated":true}]}}