{"id":128630,"date":"2025-12-30T03:19:08","date_gmt":"2025-12-30T03:19:08","guid":{"rendered":"https:\/\/www.europesays.com\/fi\/128630\/"},"modified":"2025-12-30T03:19:08","modified_gmt":"2025-12-30T03:19:08","slug":"archie-cruz-julkaisi-surullisen-paivityksen","status":"publish","type":"post","link":"https:\/\/www.europesays.com\/fi\/128630\/","title":{"rendered":"Archie Cruz julkaisi surullisen p\u00e4ivityksen"},"content":{"rendered":"<p>Arttu Kuosmanen eli Archie Cruz muistetaan Santa Cruz -yhtyeest\u00e4\u00e4n, joka kiersi my\u00f6s maailmaa. Yhtye noteerattiin my\u00f6s yhdysvaltalaisen Rolling Stone -lehden \u201d10 yhtyett\u00e4 jotka tulee tiet\u00e4\u00e4 nyt\u201d -listalla.<\/p>\n<p>Sittemmin Archie on jatkanut suomen kielisell\u00e4 uralla, joskin h\u00e4n suivaantui suomalaisiin musiikkitoimijoihin, ja on my\u00f6hemmin j\u00e4lleen ryhtynyt tekem\u00e4\u00e4n my\u00f6s ulkomaista produktiota. H\u00e4n on kokoillut ymp\u00e4rilleen uutta yhtyett\u00e4.<\/p>\n<p>Lue my\u00f6s: <a href=\"https:\/\/www.como.fi\/uutiset\/archie-cruz-bongattiin-yllattavasta-paikasta-vauvan-kanssa\/\" title=\"Archie Cruz bongattiin yll\u00e4tt\u00e4v\u00e4st\u00e4 paikasta vauvan kanssa\" class=\"underline-custom !font-montserrat !font-bold !underline-offset-4 !decoration-4 !decoration-red-600 !text-md\" rel=\"nofollow noopener\" target=\"_blank\">Archie Cruz bongattiin yll\u00e4tt\u00e4v\u00e4st\u00e4 paikasta vauvan kanssa<\/a><\/p>\n<p>Lue my\u00f6s: <a href=\"https:\/\/www.como.fi\/uutiset\/archie-cruz-ja-iida-vainio-avoimina-uutuushaastattelussa-totuus-haapaivasta\/\" title=\"Archie Cruz ja Iida Vainio avoimina uutuushaastattelussa: totuus h\u00e4\u00e4p\u00e4iv\u00e4st\u00e4\" class=\"underline-custom !font-montserrat !font-bold !underline-offset-4 !decoration-4 !decoration-red-600 !text-md\" rel=\"nofollow noopener\" target=\"_blank\">Archie Cruz ja Iida Vainio avoimina uutuushaastattelussa: totuus h\u00e4\u00e4p\u00e4iv\u00e4st\u00e4<\/a><\/p>\n<p>Nyt Archie on ollut apeissa tunnelmissa, sill\u00e4 h\u00e4nelt\u00e4 on tullut surullinen p\u00e4ivitys kollegastaan, joka kuoli tasan viisi vuotta sitten.<\/p>\n<p>Kollega josta Arttu avautuu on Children of Bodom -yhtyeen perustajaj\u00e4sen Alexi Laiho.<\/p>\n<p>Arttu ja Alexi tulivat l\u00e4heisiksi<\/p>\n<p>N\u00e4in Arttu kirjoittaa:<\/p>\n<p>-Viisi vuotta sitten menetimme Alexi Laihon. Kun entinen b\u00e4ndini Santa Cruz oli vasta aloittelemassa ja soitti aikanaan paikallisia keikkoja Helsingiss\u00e4 ehk\u00e4 noin viidelle ihmiselle Alexi ilmestyi s\u00e4\u00e4nn\u00f6llisesti keikoille \u2013 se oli meille tietenkin valtava juttu! My\u00f6hemmin se, ett\u00e4 meill\u00e4 oli t\u00e4llaisen kansainv\u00e4lisen rockt\u00e4hden julkinen tuki auttoi merkitt\u00e4v\u00e4sti nostamaan meit\u00e4 esiin ja kartalle.<\/p>\n<p>-My\u00f6hemmin minut pyydettiin mukaan The Local Bandiin soittamaan bassoa ja vet\u00e4m\u00e4\u00e4n 80-luvun rockia ja metallia (eli lempimusiikkiani). (The Local Band oli suomalainen covereita soittanut yhtye, joka perustettiin vuonna 2013. Yhtye sai alkunsa, kun The 69 Eyesin Jussi 69 sek\u00e4 Children of Bodomin Alexi Laiho keksiv\u00e4t ajatuksen soittaa lempiyhtyeidens\u00e4, kuten M\u00f6tley Cr\u00fcen ja Poisonin kappaleita). En edes v\u00e4litt\u00e4nyt siit\u00e4, ett\u00e4 soitin bassoa, kunhan h\u00e4n oli kitarassa. Vuosina 2013\u20132017 olimme todella l\u00e4heisi\u00e4: teimme Locals Only -EP:n ja soitimme paljon keikkoja Helsingiss\u00e4 ja jopa Japanissa yhdess\u00e4.<\/p>\n<p>-Yksi mieleenpainuvimmista projekteista, joita teimme, oli eeppinen 100 kitaran konsertti Helsingiss\u00e4, ja se j\u00e4rjestettiin Senaatintorilla. Vuoden 2018 j\u00e4lkeen yhteydenpitoni h\u00e4neen katkesi, kun el\u00e4m\u00e4ss\u00e4ni tapahtui sin\u00e4 vuonna ammatillisia muutoksia, enk\u00e4 puhunut h\u00e4nen kanssaan en\u00e4\u00e4 ennen h\u00e4nen ennenaikaista kuolemaansa vuonna 2020.<\/p>\n<p>Lue my\u00f6s: <a href=\"https:\/\/www.como.fi\/uutiset\/il-archie-cruzilta-tuore-suhdepaljastus\/\" title=\"IL: Archie Cruzilta tuore suhdepaljastus\" class=\"underline-custom !font-montserrat !font-bold !underline-offset-4 !decoration-4 !decoration-red-600 !text-md\" rel=\"nofollow noopener\" target=\"_blank\">IL: Archie Cruzilta tuore suhdepaljastus<\/a><\/p>\n<p>Arttu sanoo muistavansa ikuisesti sen hetken, kun h\u00e4n kuuli kuolinuutisen.<\/p>\n<p>-Kuulin uutisen h\u00e4nen kuolemastaan Helsinki-Vantaan lentoasemalla, juuri astumassa koneeseen matkalla Lappiin Ville Juurikkalan kanssa kuvaamaan musiikkivideota. Lep\u00e4\u00e4 voimassa ikuisesti, veli \u2013 poissa, mutta ei koskaan unohdettu.<\/p>\n<p>Lue my\u00f6s: <a href=\"https:\/\/www.como.fi\/tilaa-comon-uutiskirje\/\" title=\"Tilaa Comon uutiskirje ja tied\u00e4t mist\u00e4 kahvitauolla puhutaan! Nappaa kotimaan tv-vinkit ja puheenaiheet suoraan s\u00e4hk\u00f6postiin t\u00e4st\u00e4.\" class=\"underline-custom !font-montserrat !font-bold !underline-offset-4 !decoration-4 !decoration-red-600 !text-md\" rel=\"nofollow noopener\" target=\"_blank\">Tilaa Comon uutiskirje ja tied\u00e4t mist\u00e4 kahvitauolla puhutaan! Nappaa kotimaan tv-vinkit ja puheenaiheet suoraan s\u00e4hk\u00f6postiin t\u00e4st\u00e4.<\/a><\/p>\n","protected":false},"excerpt":{"rendered":"Arttu Kuosmanen eli Archie Cruz muistetaan Santa Cruz -yhtyeest\u00e4\u00e4n, joka kiersi my\u00f6s maailmaa. Yhtye noteerattiin my\u00f6s yhdysvaltalaisen Rolling&hellip;\n","protected":false},"author":2,"featured_media":38279,"comment_status":"","ping_status":"","sticky":false,"template":"","format":"standard","meta":{"footnotes":""},"categories":[136],"tags":[2345,407,137,33,31,30,408,32,109],"class_list":{"0":"post-128630","1":"post","2":"type-post","3":"status-publish","4":"format-standard","5":"has-post-thumbnail","7":"category-julkkikset","8":"tag-archie-cruz","9":"tag-celebrities","10":"tag-entertainment","11":"tag-fi","12":"tag-finland","13":"tag-finnish","14":"tag-julkkikset","15":"tag-suomi","16":"tag-viihde"},"share_on_mastodon":{"url":"https:\/\/pubeurope.com\/@fi\/115806362829987031","error":""},"_links":{"self":[{"href":"https:\/\/www.europesays.com\/fi\/wp-json\/wp\/v2\/posts\/128630","targetHints":{"allow":["GET"]}}],"collection":[{"href":"https:\/\/www.europesays.com\/fi\/wp-json\/wp\/v2\/posts"}],"about":[{"href":"https:\/\/www.europesays.com\/fi\/wp-json\/wp\/v2\/types\/post"}],"author":[{"embeddable":true,"href":"https:\/\/www.europesays.com\/fi\/wp-json\/wp\/v2\/users\/2"}],"replies":[{"embeddable":true,"href":"https:\/\/www.europesays.com\/fi\/wp-json\/wp\/v2\/comments?post=128630"}],"version-history":[{"count":0,"href":"https:\/\/www.europesays.com\/fi\/wp-json\/wp\/v2\/posts\/128630\/revisions"}],"wp:featuredmedia":[{"embeddable":true,"href":"https:\/\/www.europesays.com\/fi\/wp-json\/wp\/v2\/media\/38279"}],"wp:attachment":[{"href":"https:\/\/www.europesays.com\/fi\/wp-json\/wp\/v2\/media?parent=128630"}],"wp:term":[{"taxonomy":"category","embeddable":true,"href":"https:\/\/www.europesays.com\/fi\/wp-json\/wp\/v2\/categories?post=128630"},{"taxonomy":"post_tag","embeddable":true,"href":"https:\/\/www.europesays.com\/fi\/wp-json\/wp\/v2\/tags?post=128630"}],"curies":[{"name":"wp","href":"https:\/\/api.w.org\/{rel}","templated":true}]}}