{"id":128631,"date":"2025-12-30T03:23:08","date_gmt":"2025-12-30T03:23:08","guid":{"rendered":"https:\/\/www.europesays.com\/fi\/128631\/"},"modified":"2025-12-30T03:23:08","modified_gmt":"2025-12-30T03:23:08","slug":"kesalla-suomalaisfanien-ulottuville-saapuva-vaihtoehtorockveteraani-saattaa-sittenkin-jatkaa-levyttamista-meilla-on-suunnitelmia","status":"publish","type":"post","link":"https:\/\/www.europesays.com\/fi\/128631\/","title":{"rendered":"Kes\u00e4ll\u00e4 suomalaisfanien ulottuville saapuva vaihtoehtorockveteraani saattaa sittenkin jatkaa levytt\u00e4mist\u00e4 &#8211; &#8221;Meill\u00e4 on suunnitelmia&#8230;&#8221;"},"content":{"rendered":"<p>Kun vuonna 1995 perustettu amerikkalainen vaihtoehtorockyhtye Godsmack vuonna 2023 julkaisi toistaiseksi viimeisimm\u00e4n, j\u00e4rjestyksess\u00e4\u00e4n yhdeks\u00e4nnen pitk\u00e4soittonsa Lighting Up the Sky, nokkamies Sully Erna vannoi levyn j\u00e4\u00e4v\u00e4n b\u00e4ndin viimeiseksi. Erna sanoi tuolloin <a href=\"https:\/\/consequence.net\/2023\/02\/godsmack-sully-erna-interview-2023\/\" target=\"_blank\" rel=\"noreferrer noopener nofollow\">muun muassa Heavy Consequencelle<\/a>, ett\u00e4 uusien levyjen ja biisien tekemisess\u00e4 ei ole hirve\u00e4sti mielt\u00e4, koska fanit haluavat keikoilla kuitenkin kuulla vanhoja hittej\u00e4.<\/p>\n<p>\u201dMeill\u00e4 on 26 top kymppiin noussutta sinkkua ja 12 listaykk\u00f6st\u00e4. Miss\u00e4 vaiheessa alamme kunnioittaa uraamme ja soittaa greatest hits -keikkoja? Meneek\u00f6 joku katsomaan vaikka Aerosmithi\u00e4 ilman, ett\u00e4 haluaa kuulla Dream Onin tai Same Old Song and Dancen ja muut hitit, jotka ovat osa heid\u00e4n el\u00e4m\u00e4ns\u00e4 soundtrackia?\u201d Erna pohti tuolloin.<\/p>\n<p>Mutta tuoreessa Life in Six Strings -podcastissa Erna tuumaa mielens\u00e4 muuttuneen. Asiaan on vaikuttanut muun muassa se, ett\u00e4 b\u00e4ndin pitk\u00e4aikainen kitaristi Tony Rombola sek\u00e4 vuonna 2002 mukaan liittynyt rumpali Shannon Larkin astuivat yhtyeest\u00e4 sivuun viime vuonna.<\/p>\n<p>\u201dOlen sanonut, ett\u00e4 [uutta levy\u00e4] ei tule, mutta nyt voin sanoa, ett\u00e4 uutta levy\u00e4 ei tule ainakaan alkuper\u00e4isj\u00e4senten kanssa\u201d, Erna <a href=\"https:\/\/blabbermouth.net\/news\/sully-erna-on-whether-there-will-be-a-new-godsmack-album-i-think-there-will\" target=\"_blank\" rel=\"noreferrer noopener nofollow\">toteaa <\/a>Rombolaan ja Larkiniin viitaten.<\/p>\n<p>\u201d[Shannon ja Tony] ovat virallisesti ja kunniakkaasti el\u00e4k\u00f6ityneet. Olemme yh\u00e4 yst\u00e4vi\u00e4 eik\u00e4 asiaan liity draamaa. Haen heille korvaajia ja olen viel\u00e4 testausvaiheessa, mutta meill\u00e4 on suunnitelmia ensi vuodelle, joista olen hyvin innoissani. Hyvi\u00e4 juttuja on tulossa.\u201d<\/p>\n<p>\u201dB\u00e4ndi on tulossa uransa huipulle. Kaikkien n\u00e4iden vuosien j\u00e4lkeen olemme saavuttamassa taas pisteen, miss\u00e4 keikoillamme k\u00e4y enemm\u00e4n v\u00e4ke\u00e4 kuin koskaan. Ympyr\u00e4 on sulkeutumassa.\u201d<\/p>\n<p>Kes\u00e4ll\u00e4 2026 yhtye ainakin kiert\u00e4\u00e4 j\u00e4lleen Eurooppaa ja saapuu pitk\u00e4st\u00e4 aikaa my\u00f6s ihan suomalaisfanien ulottuville. Godsmack nimitt\u00e4in esiintyy Tallinnassa hein\u00e4-elokuun taitteessa j\u00e4rjestett\u00e4v\u00e4ss\u00e4 Tallinn Rock Festivalissa, jonka <a href=\"https:\/\/www.soundi.fi\/uutiset\/scorpions-ja-sepultura-tahdittamaan-toista-kertaa-jarjestettavaa-tallinn-rock-festivalia\/\" target=\"_blank\" rel=\"noreferrer noopener nofollow\">p\u00e4\u00e4esiintyjin\u00e4 n\u00e4hd\u00e4\u00e4n<\/a> Scorpions ja Sepultura.<\/p>\n<p><img loading=\"lazy\" decoding=\"async\" alt=\"YouTube video\" width=\"480\" height=\"360\" data-pin-nopin=\"true\" nopin=\"nopin\" class=\"perfmatters-lazy\" src=\"https:\/\/www.europesays.com\/fi\/wp-content\/uploads\/2025\/12\/1767064988_95_hqdefault.jpg\"\/><\/p>\n<p>Lue my\u00f6s: <a href=\"https:\/\/www.soundi.fi\/uutiset\/godsmack-laulaja-muistelee-miten-bandi-yritti-saada-rumpalilegendan-vierailemaan-levylleen-sanoo-ymmartavansa-nyt-miksi-tama-kieltaytyi\/\" title=\"Godsmack-laulaja muistelee, miten b\u00e4ndi yritti saada rumpalilegendan vierailemaan levylleen \u2013 Sanoo ymm\u00e4rt\u00e4v\u00e4ns\u00e4 nyt, miksi t\u00e4m\u00e4 kielt\u00e4ytyi\" class=\"underline-custom !font-montserrat !font-bold !underline-offset-4 !decoration-4 !decoration-tilt-light\" rel=\"nofollow noopener\" target=\"_blank\">Godsmack-laulaja muistelee, miten b\u00e4ndi yritti saada rumpalilegendan vierailemaan levylleen \u2013 Sanoo ymm\u00e4rt\u00e4v\u00e4ns\u00e4 nyt, miksi t\u00e4m\u00e4 kielt\u00e4ytyi<\/a><\/p>\n<p>Lue my\u00f6s: <a href=\"https:\/\/www.soundi.fi\/uutiskirje\/\" title=\"Tilaa Soundin uutiskirje\" class=\"underline-custom !font-montserrat !font-bold !underline-offset-4 !decoration-4 !decoration-red-600 !text-md\" rel=\"nofollow noopener\" target=\"_blank\">Tilaa Soundin uutiskirje ja tied\u00e4t mist\u00e4 kahvitauolla puhutaan! Nappaa ajankohtaiset musiikin uutiset ja puheenaiheet suoraan s\u00e4hk\u00f6postiin t\u00e4st\u00e4.<\/a><\/p>\n","protected":false},"excerpt":{"rendered":"Kun vuonna 1995 perustettu amerikkalainen vaihtoehtorockyhtye Godsmack vuonna 2023 julkaisi toistaiseksi viimeisimm\u00e4n, j\u00e4rjestyksess\u00e4\u00e4n yhdeks\u00e4nnen pitk\u00e4soittonsa Lighting Up the&hellip;\n","protected":false},"author":2,"featured_media":128632,"comment_status":"","ping_status":"","sticky":false,"template":"","format":"standard","meta":{"footnotes":""},"categories":[132],"tags":[137,33,31,30,195,47,32,109],"class_list":{"0":"post-128631","1":"post","2":"type-post","3":"status-publish","4":"format-standard","5":"has-post-thumbnail","7":"category-musiikki","8":"tag-entertainment","9":"tag-fi","10":"tag-finland","11":"tag-finnish","12":"tag-music","13":"tag-musiikki","14":"tag-suomi","15":"tag-viihde"},"share_on_mastodon":{"url":"https:\/\/pubeurope.com\/@fi\/115806378573714535","error":""},"_links":{"self":[{"href":"https:\/\/www.europesays.com\/fi\/wp-json\/wp\/v2\/posts\/128631","targetHints":{"allow":["GET"]}}],"collection":[{"href":"https:\/\/www.europesays.com\/fi\/wp-json\/wp\/v2\/posts"}],"about":[{"href":"https:\/\/www.europesays.com\/fi\/wp-json\/wp\/v2\/types\/post"}],"author":[{"embeddable":true,"href":"https:\/\/www.europesays.com\/fi\/wp-json\/wp\/v2\/users\/2"}],"replies":[{"embeddable":true,"href":"https:\/\/www.europesays.com\/fi\/wp-json\/wp\/v2\/comments?post=128631"}],"version-history":[{"count":0,"href":"https:\/\/www.europesays.com\/fi\/wp-json\/wp\/v2\/posts\/128631\/revisions"}],"wp:featuredmedia":[{"embeddable":true,"href":"https:\/\/www.europesays.com\/fi\/wp-json\/wp\/v2\/media\/128632"}],"wp:attachment":[{"href":"https:\/\/www.europesays.com\/fi\/wp-json\/wp\/v2\/media?parent=128631"}],"wp:term":[{"taxonomy":"category","embeddable":true,"href":"https:\/\/www.europesays.com\/fi\/wp-json\/wp\/v2\/categories?post=128631"},{"taxonomy":"post_tag","embeddable":true,"href":"https:\/\/www.europesays.com\/fi\/wp-json\/wp\/v2\/tags?post=128631"}],"curies":[{"name":"wp","href":"https:\/\/api.w.org\/{rel}","templated":true}]}}