{"id":128655,"date":"2025-12-30T03:58:09","date_gmt":"2025-12-30T03:58:09","guid":{"rendered":"https:\/\/www.europesays.com\/fi\/128655\/"},"modified":"2025-12-30T03:58:09","modified_gmt":"2025-12-30T03:58:09","slug":"jyvaskylan-sairaala-novassa-silmalaakari-ei-paivysta-kun-raketteja-saa-ampua-lahetamme-kuopioon-keski-suomi","status":"publish","type":"post","link":"https:\/\/www.europesays.com\/fi\/128655\/","title":{"rendered":"Jyv\u00e4skyl\u00e4n Sairaala Novassa silm\u00e4l\u00e4\u00e4k\u00e4ri ei p\u00e4ivyst\u00e4, kun raketteja saa ampua \u2013 &#8221;L\u00e4het\u00e4mme Kuopioon&#8221; | Keski-Suomi"},"content":{"rendered":"<p>Ilotulitteiden mahdollisesti aiheuttamiin silm\u00e4vammoihin ollaan Jyv\u00e4skyl\u00e4n Sairaala Novan p\u00e4ivystyksess\u00e4 varauduttu uudenvuodenaattona &#8221;ihan normaalivalmiudella&#8221;, sanoo p\u00e4ivystyksen, ensihoidon ja osastotoiminnan palvelujohtaja <strong>Afra Prokki<\/strong> Keski-Suomen hyvinvointialueelta.<\/p>\n<p>Ilotulitteiden ampumisen saa aloittaa uudenvuodenaattona kello 18. Silm\u00e4yksik\u00f6n p\u00e4ivystys loppuu kuitenkin jo kello 14.30.<\/p>\n","protected":false},"excerpt":{"rendered":"Ilotulitteiden mahdollisesti aiheuttamiin silm\u00e4vammoihin ollaan Jyv\u00e4skyl\u00e4n Sairaala Novan p\u00e4ivystyksess\u00e4 varauduttu uudenvuodenaattona &#8221;ihan normaalivalmiudella&#8221;, sanoo p\u00e4ivystyksen, ensihoidon ja osastotoiminnan&hellip;\n","protected":false},"author":2,"featured_media":128656,"comment_status":"","ping_status":"","sticky":false,"template":"","format":"standard","meta":{"footnotes":""},"categories":[12],"tags":[22,23,26,27,33,31,30,17,7354,425,1132,24,25,28,29,15,18,21,32,502,679,503,167,19,20,16],"class_list":{"0":"post-128655","1":"post","2":"type-post","3":"status-publish","4":"format-standard","5":"has-post-thumbnail","7":"category-suomi","8":"tag-breaking-news","9":"tag-breakingnews","10":"tag-featured-news","11":"tag-featurednews","12":"tag-fi","13":"tag-finland","14":"tag-finnish","15":"tag-headlines","16":"tag-ilotulitus","17":"tag-jyvaskyla","18":"tag-kuopio","19":"tag-latest-news","20":"tag-latestnews","21":"tag-main-news","22":"tag-mainnews","23":"tag-news","24":"tag-otsikot","25":"tag-paauutiset","26":"tag-suomi","27":"tag-terveydenhoito","28":"tag-terveydenhuollon-toimintalaitokset","29":"tag-terveydenhuolto-sektori","30":"tag-terveys","31":"tag-top-stories","32":"tag-topstories","33":"tag-uutiset"},"share_on_mastodon":{"url":"https:\/\/pubeurope.com\/@fi\/115806516222128914","error":""},"_links":{"self":[{"href":"https:\/\/www.europesays.com\/fi\/wp-json\/wp\/v2\/posts\/128655","targetHints":{"allow":["GET"]}}],"collection":[{"href":"https:\/\/www.europesays.com\/fi\/wp-json\/wp\/v2\/posts"}],"about":[{"href":"https:\/\/www.europesays.com\/fi\/wp-json\/wp\/v2\/types\/post"}],"author":[{"embeddable":true,"href":"https:\/\/www.europesays.com\/fi\/wp-json\/wp\/v2\/users\/2"}],"replies":[{"embeddable":true,"href":"https:\/\/www.europesays.com\/fi\/wp-json\/wp\/v2\/comments?post=128655"}],"version-history":[{"count":0,"href":"https:\/\/www.europesays.com\/fi\/wp-json\/wp\/v2\/posts\/128655\/revisions"}],"wp:featuredmedia":[{"embeddable":true,"href":"https:\/\/www.europesays.com\/fi\/wp-json\/wp\/v2\/media\/128656"}],"wp:attachment":[{"href":"https:\/\/www.europesays.com\/fi\/wp-json\/wp\/v2\/media?parent=128655"}],"wp:term":[{"taxonomy":"category","embeddable":true,"href":"https:\/\/www.europesays.com\/fi\/wp-json\/wp\/v2\/categories?post=128655"},{"taxonomy":"post_tag","embeddable":true,"href":"https:\/\/www.europesays.com\/fi\/wp-json\/wp\/v2\/tags?post=128655"}],"curies":[{"name":"wp","href":"https:\/\/api.w.org\/{rel}","templated":true}]}}