{"id":128659,"date":"2025-12-30T04:11:11","date_gmt":"2025-12-30T04:11:11","guid":{"rendered":"https:\/\/www.europesays.com\/fi\/128659\/"},"modified":"2025-12-30T04:11:11","modified_gmt":"2025-12-30T04:11:11","slug":"mielensa-kanssa-kamppaileva-sampo-kaulanen-latoo-pelottavaa-tekstia-seiskan-erikoishaastattelussa-lapissa","status":"publish","type":"post","link":"https:\/\/www.europesays.com\/fi\/128659\/","title":{"rendered":"Mielens\u00e4 kanssa kamppaileva Sampo Kaulanen latoo pelottavaa teksti\u00e4 Seiskan erikoishaastattelussa Lapissa"},"content":{"rendered":"<p>            Timo Korhonen\n        <\/p>\n<p class=\"subtitle \">Mielens\u00e4 kanssa kamppaileva Lapin ex-kyl\u00e4kauppias tiet\u00e4\u00e4, etteiv\u00e4t miljoonat ja luksusprojektit tuo onnea.<\/p>\n<p class=\"article-content article-content-width !bg-background\">, 46, el\u00e4m\u00e4 mullistui vappup\u00e4iv\u00e4n\u00e4 2023. Tuolloin v\u00e4hitt\u00e4istavaraj\u00e4tti Kesko osti Jounin Kaupan satumaisella summalla.<\/p>\n<p class=\"font-weight-bold m-font-weight-bold article-content article-content-width !bg-background\">Sampo Kaulanen tilitt\u00e4\u00e4 tuntojaan J\u00e4nk\u00e4 Resortilla \u00c4k\u00e4slompolossa:<\/p>\n<p class=\"article-content article-content-width !bg-background\">Samalla sukupolven mittainen kauppiastarina tuli p\u00e4\u00e4t\u00f6kseens\u00e4. Sampon isois\u00e4  oli perustanut Jounin Kaupan \u00c4k\u00e4slompoloon 1950-luvulla.<\/p>\n<p class=\"article-content article-content-width !bg-background\">Pieni perhepuoti kasvoi vuosikymmenten saatossa melkoisiin mittoihin. Jounin pojanpoika Sampo tottui py\u00f6rim\u00e4\u00e4n kaupassa pienest\u00e4 pit\u00e4en.<\/p>\n<p class=\"article-content article-content-width !bg-background\">Lopulta Sampo otti kauppiasvastuun vuonna 2008. H\u00e4n ty\u00f6skenteli Jounin Kaupan kauppiaana 15 vuotta.<\/p>\n<p>        <a itemprop=\"url\" href=\"https:\/\/www.seiska.fi\/kotimaa\/mitta-tuli-tayteen-sampo-kaulanen-ei-astu-enaa-jalallaan-jounin-kauppaan\/2007909\" rel=\"nofollow noopener\" target=\"_blank\"><\/p>\n<p>\nBoikotoi Jounin Kauppaa\n<\/p>\n<p class=\"section-date\">\n        <strong class=\"article-section\" data-section=\"kotimaa\"><br \/>\n            kotimaa<br \/>\n        <\/strong><br \/>\n        1.12. 10:30\n    <\/p>\n<p>Mitta tuli t\u00e4yteen! Sampo Kaulanen ei astu en\u00e4\u00e4 jalallaan Jounin Kauppaan\n    <\/p>\n<p itemprop=\"description\" class=\"subtitle \">\n    Ex-kyl\u00e4kauppias ei ole k\u00e4ynyt yli kahteen vuoteen Jounin Kaupassa.\n<\/p>\n<p>        <\/a><\/p>\n<p>                <img decoding=\"async\" src=\"https:\/\/www.europesays.com\/fi\/wp-content\/uploads\/2025\/12\/2028498.webp.jpeg\" width=\"576\" height=\"322\" alt=\"Kyl\u00e4kauppias Sampo Kaulanen kuvattuna Jounin Kaupalla talvella 2020.\" loading=\"lazy\" \/>            <\/p>\n<p>\n            Kyl\u00e4kauppias Sampo Kaulanen kuvattuna Jounin Kaupalla talvella 2020.<br \/>\n            Pasi Murto\n        <\/p>\n<p>Miljoonat poikimaan<\/p>\n<p class=\"article-content article-content-width !bg-background\">Nyt Sampolla on tulilla uusi bisnes kotikulmillaan. Puuhakas Lapin mies on pist\u00e4nyt Keskolta saamansa rahat poikimaan.<\/p>\n<p class=\"article-content article-content-width !bg-background\">Yll\u00e4stunturin kupeessa komeileva J\u00e4nk\u00e4 Resort on massiivinen matkailuhanke, jonka kokonaiskustannukset py\u00f6riv\u00e4t 30 miljoonassa eurossa.<\/p>\n<p class=\"article-content article-content-width !bg-background\">Samposta on tullut Yll\u00e4kselle merkitt\u00e4v\u00e4 vaikuttaja ja ty\u00f6llist\u00e4j\u00e4. Melkoinen saavutus miehelt\u00e4, joka ei edes halunnut jatkaa suvun kauppiasperint\u00f6\u00e4.<\/p>\n<p>        <a itemprop=\"url\" href=\"https:\/\/www.seiska.fi\/kotimaa\/minttu-kaulaselta-suoraa-puhetta-samposta-eikohan-se-ole-kaulasen-vuoro-lahtea\/2013196\" rel=\"nofollow noopener\" target=\"_blank\"><\/p>\n<p>\nMinttu-vaimo paljastaa:\n<\/p>\n<p class=\"section-date\">\n        <strong class=\"article-section\" data-section=\"kotimaa\"><br \/>\n            kotimaa<br \/>\n        <\/strong><br \/>\n        7.12. 14:00\n    <\/p>\n<p>Minttu Kaulaselta suoraa puhetta Samposta: \u201cEik\u00f6h\u00e4n se ole Kaulasen vuoro l\u00e4hte\u00e4\u201d\n    <\/p>\n<p itemprop=\"description\" class=\"subtitle \">\n    Rajun taloudellisen riskin ottanut monimiljon\u00e4\u00e4ri vaihtaa maisemaa.\n<\/p>\n<p>        <\/a><\/p>\n<p>                <img decoding=\"async\" src=\"https:\/\/www.europesays.com\/fi\/wp-content\/uploads\/2025\/12\/2028514.webp.jpeg\" width=\"576\" height=\"720\" alt=\"Sampon J\u00e4nk\u00e4 Resort on maksanut maltaita.\" loading=\"lazy\" \/>            <\/p>\n<p>\n            Sampon J\u00e4nk\u00e4 Resort on maksanut maltaita.<br \/>\n            Timo Korhonen\n        <\/p>\n<p>\u00c4iti oli kauppias<\/p>\n<p class=\"article-content article-content-width !bg-background\">Samanlaiset tuntemukset olivat aikoinaan my\u00f6s Sampon is\u00e4ll\u00e4 , joka peri Jounin Kaupan omalta is\u00e4lt\u00e4\u00e4n.<\/p>\n<p class=\"article-content article-content-width !bg-background\">\u2013 Kun pappa luopui kaupasta, is\u00e4ni ei olisi halunnut jatkaa sit\u00e4. Is\u00e4 ei ollut l\u00e4hellek\u00e4\u00e4n asiakaspalvelijaa, Sampo hym\u00e4ht\u00e4\u00e4 Seiskalle.<\/p>\n<p class=\"article-content article-content-width !bg-background\">Sen sijaan -\u00e4idilt\u00e4 l\u00f6ytyi kauppiasluonnetta.<\/p>\n<p class=\"article-content article-content-width !bg-background\">\u2013 Vanhemmillani olikin sellainen sopimus, ett\u00e4 is\u00e4 rakennuttaa kauppaa ja hoitaa p\u00e4iv\u00e4npolttavia talkkarin hommia. \u00c4iti taas h\u00e4\u00e4r\u00e4\u00e4 kauppiaana.<\/p>\n<p>        <a itemprop=\"url\" href=\"https:\/\/www.seiska.fi\/vain-seiskassa\/sampo-kaulaselle-kavi-kopelosti-minttu-vaimo-tyrmistyi\/2008333\" rel=\"nofollow noopener\" target=\"_blank\"><\/p>\n<p>\nMinttu-vaimo tyrmistyi\n<\/p>\n<p class=\"section-date\">\n        <strong class=\"article-section\" data-section=\"vain seiskassa\"><br \/>\n            vain seiskassa<br \/>\n        <\/strong><br \/>\n        4.12. 07:00\n    <\/p>\n<p>Sampo Kaulaselle k\u00e4vi k\u00f6pel\u00f6sti \u2013 Minttu-vaimo tyrmistyi\n    <\/p>\n<p itemprop=\"description\" class=\"subtitle \">\n    \u2013 T\u00e4\u00e4 on uutta tietoa mulle, Minttu ihmettelee Seiskan reportterille.\n<\/p>\n<p>        <\/a><\/p>\n<p>                <img decoding=\"async\" src=\"https:\/\/www.europesays.com\/fi\/wp-content\/uploads\/2025\/12\/2028502.webp.jpeg\" width=\"576\" height=\"322\" alt=\"Jounin Kauppa kuvattuna marraskuun lopulla 2025.\" loading=\"lazy\" \/>            <\/p>\n<p>\n            Jounin Kauppa kuvattuna marraskuun lopulla 2025.<br \/>\n            Timo Korhonen\n        <\/p>\n<p>Avoimena is\u00e4n kohtalosta<\/p>\n<p class=\"article-content article-content-width !bg-background\">Kaulasia kohtasi kev\u00e4\u00e4ll\u00e4 2016 valtava tragedia. Sampo on puhunut avoimesti Esa-is\u00e4ns\u00e4 psykiatrisessa sairaalassa tekem\u00e4st\u00e4 itsemurhasta.<\/p>\n<p>\n            Ei h\u00e4n en\u00e4\u00e4 ollut se sama ihminen.\n            <\/p>\n<p class=\"article-content article-content-width !bg-background\">\u2013 Is\u00e4ll\u00e4 oli kaksisuuntainen mielialah\u00e4iri\u00f6. H\u00e4n sairasti sit\u00e4 koko ik\u00e4ns\u00e4, ja vointi vaihteli aika paljonkin.<\/p>\n<p class=\"article-content article-content-width !bg-background\">\u2013 I\u00e4n my\u00f6t\u00e4 sairaus paheni. Loppuvaiheessa is\u00e4n persoonaa ei en\u00e4\u00e4 oikein tunnistanutkaan. Ei h\u00e4n en\u00e4\u00e4 ollut se sama ihminen.<\/p>\n<p>                <img decoding=\"async\" src=\"https:\/\/www.europesays.com\/fi\/wp-content\/uploads\/2025\/12\/2028506.webp.jpeg\" width=\"576\" height=\"322\" alt=\"Sampo kertoo yh\u00e4 kamppailevansa mielens\u00e4 kanssa.\" loading=\"lazy\" \/>            <\/p>\n<p>\n            Sampo kertoo yh\u00e4 kamppailevansa mielens\u00e4 kanssa.<br \/>\n            Timo Korhonen\n        <\/p>\n<p>Erilainen p\u00e4\u00e4koppa?<\/p>\n<p class=\"article-content article-content-width !bg-background\">Is\u00e4n kohtalo on py\u00f6rinyt pojan mieless\u00e4. Eik\u00e4 v\u00e4hiten siksi, ett\u00e4 my\u00f6s Sampolla on ollut omassa el\u00e4m\u00e4ss\u00e4\u00e4n haasteita.<\/p>\n<p>\n            Mie tiedostan varsin hyvin, ettei minullakaan ole p\u00e4\u00e4ss\u00e4 kaikki samalla lailla kuin normaali-ihmisill\u00e4.\n            <\/p>\n<p class=\"article-content article-content-width !bg-background\">\u2013 Is\u00e4n sairaus on periytyv\u00e4\u00e4 sorttia. Olen sit\u00e4 ajatellut ja pel\u00e4nnytkin, ettei vaan itselle k\u00e4visi samalla tavalla.<\/p>\n<p class=\"article-content article-content-width !bg-background\">\u2013 Kyll\u00e4 mie tiedostan varsin hyvin, ettei minullakaan ole p\u00e4\u00e4ss\u00e4 kaikki samalla lailla kuin normaali-ihmisill\u00e4, Sampo pamauttaa.<\/p>\n<p>        <a itemprop=\"url\" href=\"https:\/\/www.seiska.fi\/kotimaa\/pysayttava-puhelu-huippukokki-hans-valimaki-sai-tarjouksen-josta-ei-voinut-kieltaytya\/2008131\" rel=\"nofollow noopener\" target=\"_blank\"><\/p>\n<p>\nTarjous, josta ei voinut kielt\u00e4yty\u00e4\n<\/p>\n<p class=\"section-date\">\n        <strong class=\"article-section\" data-section=\"kotimaa\"><br \/>\n            kotimaa<br \/>\n        <\/strong><br \/>\n        3.12. 07:00\n    <\/p>\n<p>Pys\u00e4ytt\u00e4v\u00e4 puhelu! Huippukokki Hans V\u00e4lim\u00e4ki sai tarjouksen, josta ei voinut kielt\u00e4yty\u00e4\n    <\/p>\n<p itemprop=\"description\" class=\"subtitle \">\n    Michelin-palkittu keitti\u00f6mestari loi ravintolakonseptin Sampo Kaulasen miljoonaprojektiin.\n<\/p>\n<p>        <\/a><\/p>\n<p>                <img decoding=\"async\" src=\"https:\/\/www.europesays.com\/fi\/wp-content\/uploads\/2025\/12\/2028517.webp.jpeg\" width=\"576\" height=\"648\" alt=\"Syviss\u00e4 vesiss\u00e4 uinut Lapin monimiljon\u00e4\u00e4ri avautuu tuntemuksistaan Seiskalle.\" loading=\"lazy\" \/>            <\/p>\n<p>\n            Syviss\u00e4 vesiss\u00e4 uinut Lapin monimiljon\u00e4\u00e4ri avautuu tuntemuksistaan Seiskalle.<br \/>\n            Timo Korhonen\n        <\/p>\n<p>Uinut syviss\u00e4 vesiss\u00e4<\/p>\n<p class=\"article-content article-content-width !bg-background\">Hulppeasta miljoonaprojektista huolimatta Sampon el\u00e4m\u00e4 ei ole aina ruusuilla tanssimista.<\/p>\n<p class=\"article-content article-content-width !bg-background\">H\u00e4n kuvailee itse\u00e4\u00e4n tavalliseksi ja melko vaatimattomaksi lappilaiseksi, joka ui v\u00e4lill\u00e4 syviss\u00e4 vesiss\u00e4.<\/p>\n<p class=\"article-content article-content-width !bg-background\">\u2013 En ole voinut aina hyvin. Enk\u00e4 usko, ett\u00e4 kukaan voi aina hyvin.<\/p>\n<p class=\"article-content article-content-width !bg-background\">\u2013 Onhan minulle viina maistunut ja ollut muutenkin kaikenlaista koomailua. Onneksi pahimmat h\u00e4r\u00f6ilyt ovat j\u00e4\u00e4neet i\u00e4n my\u00f6t\u00e4 v\u00e4hemm\u00e4lle.<\/p>\n<p>        <a itemprop=\"url\" href=\"https:\/\/www.seiska.fi\/kotimaa\/valikohtaus-yllaksella-sampo-ja-minttu-kaulanen-vuodattivat-kyyneleita\/2006301\" rel=\"nofollow noopener\" target=\"_blank\"><\/p>\n<p>\nSampo ja Minttu Kaulanen\n<\/p>\n<p class=\"section-date\">\n        <strong class=\"article-section\" data-section=\"kotimaa\"><br \/>\n            kotimaa<br \/>\n        <\/strong><br \/>\n        28.11. 18:00\n    <\/p>\n<p>V\u00e4likohtaus Yll\u00e4ksell\u00e4! Sampo ja Minttu Kaulanen vuodattivat kyyneleit\u00e4\n    <\/p>\n<p itemprop=\"description\" class=\"subtitle \">\n    J\u00e4nk\u00e4 Resortin avajaisissa koettiin tunteellisia hetki\u00e4.\n<\/p>\n<p>        <\/a><\/p>\n<p>                <img decoding=\"async\" src=\"https:\/\/www.europesays.com\/fi\/wp-content\/uploads\/2025\/12\/2028519.webp.jpeg\" width=\"576\" height=\"720\" alt=\"Sampo sanoo sel\u00e4tt\u00e4neens\u00e4 'aiemmat h\u00e4r\u00f6ilyns\u00e4.'\" loading=\"lazy\" \/>            <\/p>\n<p>\n            Sampo sanoo sel\u00e4tt\u00e4neens\u00e4 &#8221;aiemmat h\u00e4r\u00f6ilyns\u00e4.&#8221;<br \/>\n            Timo Korhonen\n        <\/p>\n<p>Homottelua tunturissa<\/p>\n<p class=\"article-content article-content-width !bg-background\">Maailma on muuttunut paljon ja Lappi sen mukana. Sampo sanoo kasvaneensa Lapin miehiseen \u00e4ij\u00e4kulttuuriin, jossa er\u00e4taitoja korostettiin.<\/p>\n<p class=\"article-content article-content-width !bg-background\">\u2013 Pikkupoikia pidettiin neitein\u00e4, jolleivat saaneet ulkotulia kerralla syttym\u00e4\u00e4n. Homoteltiin ja vastaavaa. Sellainen oli ihan yleist\u00e4 t\u00e4\u00e4ll\u00e4.<\/p>\n<p>\n            Me ihan tosissaan ihmeteltiin, ett\u00e4 eik\u00f6 muka saa k\u00e4ytt\u00e4\u00e4 n-sanaa.\n            <\/p>\n<p class=\"article-content article-content-width !bg-background\">Sampo muistelee hetke\u00e4, kun \u00c4k\u00e4slompolon kyl\u00e4kouluun tuli 1980-luvulla ensimm\u00e4inen tummaihoinen oppilas.<\/p>\n<p class=\"article-content article-content-width !bg-background\">\u2013 Meille pidettiin viikon mittainen valmistautumisjakso siit\u00e4, miten h\u00e4neen suhtaudutaan ja millaisilla termeill\u00e4 h\u00e4nt\u00e4 saa kutsua, Sampo muistelee.<\/p>\n<p class=\"article-content article-content-width !bg-background\">\u2013 Me ihan tosissaan ihmeteltiin, ett\u00e4 eik\u00f6 muka saa k\u00e4ytt\u00e4\u00e4 n-sanaa. Kyll\u00e4 ajat ovat muuttuneet kauhean paljon 30 vuodessa.<\/p>\n<p>        <a itemprop=\"url\" href=\"https:\/\/www.seiska.fi\/kotimaa\/sampo-kaulanen-esittelee-okylomakeskustaan-luksusvessanpontto-singaporesta\/2005459\" rel=\"nofollow noopener\" target=\"_blank\"><\/p>\n<p>\nHulppea wc-p\u00f6ntt\u00f6 Singaporesta!\n<\/p>\n<p class=\"section-date\">\n        <strong class=\"article-section\" data-section=\"kotimaa\"><br \/>\n            kotimaa<br \/>\n        <\/strong><br \/>\n        27.11. 15:26\n    <\/p>\n<p>Sampo Kaulanen esittelee \u00f6kylomakeskustaan \u2013 luksusvessanp\u00f6ntt\u00f6 Singaporesta\n    <\/p>\n<p itemprop=\"description\" class=\"subtitle \">\n    Seiska p\u00e4\u00e4si kurkistamaan, milt\u00e4 Yll\u00e4ksen miljoonaprojekti n\u00e4ytt\u00e4\u00e4.\n<\/p>\n<p>        <\/a><\/p>\n<p>                <img decoding=\"async\" src=\"https:\/\/www.europesays.com\/fi\/wp-content\/uploads\/2025\/12\/2028526.webp.jpeg\" width=\"576\" height=\"720\" alt=\"Ajat ovat muuttuneet my\u00f6s Lapissa, tiet\u00e4\u00e4 Sampo.\" loading=\"lazy\" \/>            <\/p>\n<p>\n            Ajat ovat muuttuneet my\u00f6s Lapissa, tiet\u00e4\u00e4 Sampo.<br \/>\n            Timo Korhonen\n        <\/p>\n<p>Minttu pehment\u00e4nyt<\/p>\n<p class=\"article-content article-content-width !bg-background\">Pahimmat demoninsa sel\u00e4tt\u00e4nyt Sampo sanoo oppineensa paljon amerikkalaistaustaiselta vaimoltaan .<\/p>\n<p>\n            Lapissa ei koskaan sanottu lapsille, ett\u00e4 rakastan sinua.\n            <\/p>\n<p class=\"article-content article-content-width !bg-background\">\u2013 Minttu on tuonut avointa jenkkikulttuuria t\u00e4nnekin. Se on pehment\u00e4nyt miest\u00e4. Miekin uskallan kertoa omalle perheelleni, miten paljon heist\u00e4 v\u00e4lit\u00e4n.<\/p>\n<p class=\"article-content article-content-width !bg-background\">\u2013 Lapissa ei koskaan sanottu lapsille, ett\u00e4 rakastan sinua. Korkeintaan, ett\u00e4 v\u00e4litet\u00e4\u00e4n \u2013 ja sekin pieness\u00e4 humalassa. Sellaista tunteiden n\u00e4ytt\u00e4mist\u00e4 pidettiin t\u00e4\u00e4ll\u00e4 pitk\u00e4\u00e4n heikkoutena.<\/p>\n<p>                <img decoding=\"async\" src=\"https:\/\/www.europesays.com\/fi\/wp-content\/uploads\/2025\/12\/2028529.webp.jpeg\" width=\"576\" height=\"658\" alt=\"Sampo sanoo oppineensa uudenlaista herkkyytt\u00e4 Minttu-vaimonsa ansiosta.\" loading=\"lazy\" \/>            <\/p>\n<p>\n            Sampo sanoo oppineensa uudenlaista herkkyytt\u00e4 Minttu-vaimonsa ansiosta.<br \/>\n            Timo Korhonen\n        <\/p>\n<p>        N\u00e4in haet apua<\/p>\n<p>Mik\u00e4li sinulla tai l\u00e4heisell\u00e4si on itsetuhoisia ajatuksia, on apua saatavilla.<\/p>\n<p><a href=\"https:\/\/mieli.fi\/?_gl=1%2A1wn0292%2A_gcl_aw%2AR0NMLjE3Mzg3MzAyMTQuQ2owS0NRaUFrb2U5QmhEWUFSSXNBSDg1Y0RNVndJdWJNRG02Q19JNUoyN1lyT1ZrV0t3aXBHR1UtVDgzT28xU2pBVlZrUWdnUnF6UGwxZ2FBdjV4RUFMd193Y0I.%2A_gcl_au%2AMjExNTgxNTI2Ny4xNzM4NzMwMjEz%2A_ga%2AMjAwNjA3NjEzNi4xNzM4NzMwMjEx%2A_ga_64VTH1GWLG%2AMTczODczMDIxMi4xLjEuMTczODczMDIxMy4wLjAuMA..\" target=\"_blank\" rel=\"nofollow noopener\">Suomen Mielenterveys ry:n Mieli-kriisipuhelin<\/a>\u00a0palvelee ymp\u00e4ri vuorokauden: 09\u202f2525 0111.<\/p>\n<p><a href=\"https:\/\/sekasin.fi\/\" target=\"_blank\" rel=\"nofollow noopener\">Sekaisin-chat<\/a>\u00a0nuorille palvelee arkisin klo 9\u201324 ja viikonloppuisin klo 15\u201324.<\/p>\n<p>Hengenvaarallisessa tilanteessa soita numeroon 112. Paikkakuntasi p\u00e4ivystykseen tai terveyskeskukseen voi my\u00f6s hakeutua suoraan.<\/p>\n<p>Keskusteluapua vaikeassa el\u00e4m\u00e4ntilanteessa tarjoaa my\u00f6s\u00a0<a href=\"https:\/\/mieli.fi\/tukea-ja-apua\/mieli-kriisikeskus-helsinki\/\" target=\"_blank\" rel=\"nofollow noopener\">MIELI Kriisikeskus (mieli.fi)<\/a>. Lis\u00e4ksi\u00a0<a href=\"https:\/\/tukinet.net\/\" target=\"_blank\" rel=\"nofollow noopener\">Tukinet.net<\/a>-sivusto tarjoaa tukea kahdenkeskeisill\u00e4 tai ryhm\u00e4chateill\u00e4.<\/p>\n","protected":false},"excerpt":{"rendered":"Timo Korhonen Mielens\u00e4 kanssa kamppaileva Lapin ex-kyl\u00e4kauppias tiet\u00e4\u00e4, etteiv\u00e4t miljoonat ja luksusprojektit tuo onnea. , 46, el\u00e4m\u00e4 mullistui&hellip;\n","protected":false},"author":2,"featured_media":128660,"comment_status":"","ping_status":"","sticky":false,"template":"","format":"standard","meta":{"footnotes":""},"categories":[136],"tags":[19434,22809,407,137,2783,22808,33,31,30,7184,13322,19432,22807,20165,408,7198,667,15971,1346,20167,22806,3537,2922,32,167,8989,109,7193],"class_list":{"0":"post-128659","1":"post","2":"type-post","3":"status-publish","4":"format-standard","5":"has-post-thumbnail","7":"category-julkkikset","8":"tag-akaslompolo","9":"tag-anne-kaulanen","10":"tag-celebrities","11":"tag-entertainment","12":"tag-erikoishaastattelu","13":"tag-esa-kaulanen","14":"tag-fi","15":"tag-finland","16":"tag-finnish","17":"tag-isa","18":"tag-isoisa","19":"tag-janka-resort","20":"tag-jouni-kaulanen","21":"tag-jounin-kauppa","22":"tag-julkkikset","23":"tag-lansi-lappi","24":"tag-lappi","25":"tag-michele-murphy-kaulanen","26":"tag-mielenterveys","27":"tag-minttu-kaulanen","28":"tag-pappa","29":"tag-perhetragedia","30":"tag-sampo-kaulanen","31":"tag-suomi","32":"tag-terveys","33":"tag-tragedia","34":"tag-viihde","35":"tag-yllas"},"share_on_mastodon":{"url":"https:\/\/pubeurope.com\/@fi\/115806567369518025","error":""},"_links":{"self":[{"href":"https:\/\/www.europesays.com\/fi\/wp-json\/wp\/v2\/posts\/128659","targetHints":{"allow":["GET"]}}],"collection":[{"href":"https:\/\/www.europesays.com\/fi\/wp-json\/wp\/v2\/posts"}],"about":[{"href":"https:\/\/www.europesays.com\/fi\/wp-json\/wp\/v2\/types\/post"}],"author":[{"embeddable":true,"href":"https:\/\/www.europesays.com\/fi\/wp-json\/wp\/v2\/users\/2"}],"replies":[{"embeddable":true,"href":"https:\/\/www.europesays.com\/fi\/wp-json\/wp\/v2\/comments?post=128659"}],"version-history":[{"count":0,"href":"https:\/\/www.europesays.com\/fi\/wp-json\/wp\/v2\/posts\/128659\/revisions"}],"wp:featuredmedia":[{"embeddable":true,"href":"https:\/\/www.europesays.com\/fi\/wp-json\/wp\/v2\/media\/128660"}],"wp:attachment":[{"href":"https:\/\/www.europesays.com\/fi\/wp-json\/wp\/v2\/media?parent=128659"}],"wp:term":[{"taxonomy":"category","embeddable":true,"href":"https:\/\/www.europesays.com\/fi\/wp-json\/wp\/v2\/categories?post=128659"},{"taxonomy":"post_tag","embeddable":true,"href":"https:\/\/www.europesays.com\/fi\/wp-json\/wp\/v2\/tags?post=128659"}],"curies":[{"name":"wp","href":"https:\/\/api.w.org\/{rel}","templated":true}]}}