{"id":128687,"date":"2025-12-30T05:08:07","date_gmt":"2025-12-30T05:08:07","guid":{"rendered":"https:\/\/www.europesays.com\/fi\/128687\/"},"modified":"2025-12-30T05:08:07","modified_gmt":"2025-12-30T05:08:07","slug":"hyytava-kuva-uudesta-28-vuotta-myohemmin-elokuvasta-ralph-fiennes-nayttaa-silta-etta-han-aikoo-kirota-koko-maailman","status":"publish","type":"post","link":"https:\/\/www.europesays.com\/fi\/128687\/","title":{"rendered":"Hyyt\u00e4v\u00e4 kuva uudesta 28 vuotta my\u00f6hemmin -elokuvasta &#8211; Ralph Fiennes n\u00e4ytt\u00e4\u00e4 silt\u00e4, ett\u00e4 h\u00e4n aikoo kirota koko maailman"},"content":{"rendered":"<p>ScreenRant julkaisi <a href=\"https:\/\/static0.srcdn.com\/wordpress\/wp-content\/uploads\/2025\/12\/28-years-later-bone-temple.jpg\" rel=\"nofollow noopener\" target=\"_blank\">uuden kuvan<\/a> 28 vuotta my\u00f6hemmin: luutemppeli \u2013elokuvasta.<\/p>\n<p>Kuvassa Dr. Ian Kelsonia esitt\u00e4v\u00e4 <strong>Ralph Fiennes<\/strong> on keskell\u00e4 kauhistuttavaa rituaalia.<\/p>\n<p>Hahmo on selvinnyt Rage-viruksen kynsist\u00e4 post-apokalyptisessa Britanniassa, mutta kuten naamastakin n\u00e4kyy: hinta on kova.<\/p>\n<p>Lue my\u00f6s: <a href=\"https:\/\/www.episodi.fi\/uutiset\/28-vuotta-myohemmin-saa-toisenkin-jatko-osan-oscar-voittaja-palaamassa-paaosaan\/\" title=\"28 vuotta my\u00f6hemmin saa toisenkin jatko-osan \u2013 Oscar-voittaja palaamassa p\u00e4\u00e4osaan\" class=\"underline-custom !font-montserrat !font-bold !underline-offset-4 !decoration-4 !decoration-episodi-blue !text-md\" rel=\"nofollow noopener\" target=\"_blank\">28 vuotta my\u00f6hemmin saa toisenkin jatko-osan \u2013 Oscar-voittaja palaamassa p\u00e4\u00e4osaan<\/a><\/p>\n<p>Lue my\u00f6s: <a href=\"https:\/\/www.episodi.fi\/uutiset\/seuraavan-28-vuotta-myohemmin-leffan-ensi-ilta-siirtyi-traileri-kuitenkin-julkaistiin\/\" title=\"Seuraavan 28 vuotta my\u00f6hemmin -leffan ensi-ilta siirtyi \u2013 traileri kuitenkin julkaistiin\" class=\"underline-custom !font-montserrat !font-bold !underline-offset-4 !decoration-4 !decoration-episodi-blue !text-md\" rel=\"nofollow noopener\" target=\"_blank\">Seuraavan 28 vuotta my\u00f6hemmin -leffan ensi-ilta siirtyi \u2013 traileri kuitenkin julkaistiin<\/a><\/p>\n<p><strong>Nia DaCostan <\/strong>ohjaama jatko-osa laajentaa <strong>Danny Boylen<\/strong> ja <strong>Alex Garlandin<\/strong> luomaa maailmaa. Uhka siirtyy virusinfektioista ihmiskunnan julmuuteen ja ep\u00e4toivoon.<\/p>\n<p>Leffassa n\u00e4hd\u00e4\u00e4n my\u00f6s alkuper\u00e4isest\u00e4, 28 p\u00e4iv\u00e4\u00e4 my\u00f6hemmin (2002) -elokuvasta tuttu<strong> Cillian Murphy<\/strong>.<\/p>\n<p>28 vuotta my\u00f6hemmin: luutemppeli saapuu ensi-iltaan on 16.1.2026.<\/p>\n<p><img loading=\"lazy\" decoding=\"async\" alt=\"YouTube video\" width=\"480\" height=\"360\" data-pin-nopin=\"true\" nopin=\"nopin\" class=\"perfmatters-lazy\" src=\"https:\/\/www.europesays.com\/fi\/wp-content\/uploads\/2025\/12\/1767071287_900_hqdefault.jpg\"\/><\/p>\n<p>L\u00e4hde: <a href=\"https:\/\/screenrant.com\/28-years-later-bone-temple-image-screenrant-exclusive\/\" rel=\"nofollow noopener\" target=\"_blank\">ScreenRant<\/a><\/p>\n<p>Lue my\u00f6s: <a href=\"https:\/\/www.episodi.fi\/uutiskirje\/?uutiskirjemainos=tekstilinkkimainos\" title=\"Tilaa Episodin uutiskirje ja voit voittaa leffalippuja! Nappaa tv-vinkit suoraan s\u00e4hk\u00f6postiin t\u00e4st\u00e4.\" class=\"underline-custom !font-montserrat !font-bold !underline-offset-4 !decoration-4 !decoration-episodi-blue !text-md\" rel=\"nofollow noopener\" target=\"_blank\">Tilaa Episodin uutiskirje ja voit voittaa leffalippuja! Nappaa katseluvinkit suoraan s\u00e4hk\u00f6postiin t\u00e4st\u00e4.<\/a><\/p>\n<p>\t\t\t<a href=\"https:\/\/www.facebook.com\/sharer\/sharer.php?u=https:\/\/www.episodi.fi\/uutiset\/hyytava-kuva-uudesta-28-vuotta-myohemmin-elokuvasta-ralph-fiennes-nayttaa-silta-etta-han-aikoo-kirota-koko-maailman\/\" target=\"_blank\" class=\"block px-4 py-2 text-sm text-gray-800 border-b hover:bg-gray-200\" rel=\"nofollow noopener\"><\/p>\n<p>\t\t\t\tFacebook<br \/>\n\t\t\t<\/a><br \/>\n\t\t\t<a href=\"https:\/\/twitter.com\/intent\/tweet?text=https:\/\/www.episodi.fi\/uutiset\/hyytava-kuva-uudesta-28-vuotta-myohemmin-elokuvasta-ralph-fiennes-nayttaa-silta-etta-han-aikoo-kirota-koko-maailman\/\" target=\"_blank\" class=\"block px-4 py-2 text-sm text-gray-800 border-b hover:bg-gray-200\" rel=\"nofollow noopener\"><\/p>\n<p>\t\t\t\tTwitter<br \/>\n\t\t\t<\/a><br \/>\n\t\t\t<a href=\"mailto:?subject=Hyyt\u00e4v\u00e4 kuva uudesta 28 vuotta my\u00f6hemmin -elokuvasta \u2013 Ralph Fiennes n\u00e4ytt\u00e4\u00e4 silt\u00e4, ett\u00e4 h\u00e4n aikoo kirota koko maailman&amp;body=https:\/\/www.episodi.fi\/uutiset\/hyytava-kuva-uudesta-28-vuotta-myohemmin-elokuvasta-ralph-fiennes-nayttaa-silta-etta-han-aikoo-kirota-koko-maailman\/\" target=\"_blank\" class=\"block px-4 py-2 text-sm text-gray-800 border-b hover:bg-gray-200\"><\/p>\n<p>\t\t\t\tS\u00e4hk\u00f6posti<\/a><\/p>\n<p>\t\t\t\t<script async src=\"https:\/\/platform.twitter.com\/widgets.js\" charset=\"utf-8\"><\/script><\/p>\n","protected":false},"excerpt":{"rendered":"ScreenRant julkaisi uuden kuvan 28 vuotta my\u00f6hemmin: luutemppeli \u2013elokuvasta. Kuvassa Dr. Ian Kelsonia esitt\u00e4v\u00e4 Ralph Fiennes on keskell\u00e4&hellip;\n","protected":false},"author":2,"featured_media":128688,"comment_status":"","ping_status":"","sticky":false,"template":"","format":"standard","meta":{"footnotes":""},"categories":[131],"tags":[7892,155,137,33,173,31,30,172,32,109],"class_list":{"0":"post-128687","1":"post","2":"type-post","3":"status-publish","4":"format-standard","5":"has-post-thumbnail","7":"category-elokuvat","8":"tag-28-vuotta-myohemmin-luutemppeli","9":"tag-elokuvat","10":"tag-entertainment","11":"tag-fi","12":"tag-film","13":"tag-finland","14":"tag-finnish","15":"tag-movies","16":"tag-suomi","17":"tag-viihde"},"share_on_mastodon":{"url":"https:\/\/pubeurope.com\/@fi\/115806791427958142","error":""},"_links":{"self":[{"href":"https:\/\/www.europesays.com\/fi\/wp-json\/wp\/v2\/posts\/128687","targetHints":{"allow":["GET"]}}],"collection":[{"href":"https:\/\/www.europesays.com\/fi\/wp-json\/wp\/v2\/posts"}],"about":[{"href":"https:\/\/www.europesays.com\/fi\/wp-json\/wp\/v2\/types\/post"}],"author":[{"embeddable":true,"href":"https:\/\/www.europesays.com\/fi\/wp-json\/wp\/v2\/users\/2"}],"replies":[{"embeddable":true,"href":"https:\/\/www.europesays.com\/fi\/wp-json\/wp\/v2\/comments?post=128687"}],"version-history":[{"count":0,"href":"https:\/\/www.europesays.com\/fi\/wp-json\/wp\/v2\/posts\/128687\/revisions"}],"wp:featuredmedia":[{"embeddable":true,"href":"https:\/\/www.europesays.com\/fi\/wp-json\/wp\/v2\/media\/128688"}],"wp:attachment":[{"href":"https:\/\/www.europesays.com\/fi\/wp-json\/wp\/v2\/media?parent=128687"}],"wp:term":[{"taxonomy":"category","embeddable":true,"href":"https:\/\/www.europesays.com\/fi\/wp-json\/wp\/v2\/categories?post=128687"},{"taxonomy":"post_tag","embeddable":true,"href":"https:\/\/www.europesays.com\/fi\/wp-json\/wp\/v2\/tags?post=128687"}],"curies":[{"name":"wp","href":"https:\/\/api.w.org\/{rel}","templated":true}]}}