{"id":128711,"date":"2025-12-30T05:42:09","date_gmt":"2025-12-30T05:42:09","guid":{"rendered":"https:\/\/www.europesays.com\/fi\/128711\/"},"modified":"2025-12-30T05:42:09","modified_gmt":"2025-12-30T05:42:09","slug":"eva-suomalaisten-huoli-valtionvelasta-kasvaa-useampi-haluaa-jatkoa-menoleikkauksille-ja-harvempi-veronkiristyksia","status":"publish","type":"post","link":"https:\/\/www.europesays.com\/fi\/128711\/","title":{"rendered":"Eva: Suomalaisten huoli valtionvelasta kasvaa \u2013 useampi haluaa jatkoa menoleikkauksille ja harvempi veronkiristyksi\u00e4"},"content":{"rendered":"<p>EVAn tutkimus paljastaa my\u00f6s mielenkiintoisen muutoksen Sdp:n kannattajissa.<\/p>\n<p class=\"article-body mb-nof-24 px-nof-16\">Suomalaisten huoli valtion velkaantumisesta on kasvanut, kertoo Elinkeinoel\u00e4m\u00e4n valtuuskunnan (EVA) uusi arvo- ja asennetutkimus. Enemmist\u00f6 kansalaisista on sit\u00e4 mielt\u00e4, ett\u00e4 mieluummin tulisi jatkaa menojen leikkaamista kuin kirist\u00e4\u00e4 veroja.<\/p>\n<p class=\"article-body mb-nof-24 px-nof-16\">Kansalaisista yli 60 prosenttia katsoo, ett\u00e4 Suomi el\u00e4\u00e4 nyky\u00e4\u00e4n liikaa velaksi ja ajautuu sen takia viel\u00e4 suuriin ongelmiin.<\/p>\n<p class=\"article-body mb-nof-24 px-nof-16\">Suunnilleen yht\u00e4 moni on sit\u00e4 mielt\u00e4, ett\u00e4 julkista taloutta tasapainottavia toimia pit\u00e4\u00e4 jatkaa viel\u00e4 t\u00e4m\u00e4n eduskuntavaalikauden aikana.<\/p>\n<p class=\"article-body mb-nof-24 px-nof-16\">Puolet suomalaisista ajattelee, ett\u00e4 julkista taloutta pit\u00e4\u00e4 tasapainottaa lis\u00e4\u00e4 menoja leikkaamalla. Lis\u00e4leikkaukset taas torjuu noin kolmasosa vastaajista.<\/p>\n<p class=\"article-body mb-nof-24 px-nof-16\">Veronkiristysten kannatus puolestaan laski vuodessa 7 prosenttiyksikk\u00f6\u00e4. Nyt veronkiristyksi\u00e4 tasapainottamiskeinona kannattaa reilut 30 prosenttia vastaajista. Veronkiristykset torjuu useampi vastaaja, 43 prosenttia.<\/p>\n<p><img decoding=\"async\" src=\"https:\/\/www.europesays.com\/fi\/wp-content\/uploads\/2025\/12\/1767073328_351_468.jpg\" alt=\"Valtiovarainministeri Riikka Purra (ps.) sanoi aiemmin t\u00e4n\u00e4 vuonna n\u00e4kev\u00e4ns\u00e4, ett\u00e4 Suomi voisi kevent\u00e4\u00e4 ty\u00f6n ja yritt\u00e4misen verotusta edelleen.\" class=\"_Img_1rerz_1\" style=\"aspect-ratio:1.7777777777777777\" loading=\"eager\"\/><\/p>\n<p class=\"article-picture-caption\">Valtiovarainministeri Riikka Purra (ps.) sanoi aiemmin t\u00e4n\u00e4 vuonna n\u00e4kev\u00e4ns\u00e4, ett\u00e4 Suomi voisi kevent\u00e4\u00e4 ty\u00f6n ja yritt\u00e4misen verotusta edelleen. Kuva:\u00a0Seppo K\u00e4rki \/ IS<\/p>\n<p class=\"article-body mb-nof-24 px-nof-16\">Usko p\u00e4\u00e4tt\u00e4jien kykyyn pys\u00e4ytt\u00e4\u00e4 velkalaiva on koetuksella. Reilu 60 prosenttia suomalaisista uskoo, ett\u00e4 kotimaan p\u00e4\u00e4tt\u00e4j\u00e4t eiv\u00e4t pysty saamaan valtionvelkaa kuriin ennen kuin vasta ulkopuolisen pakon edess\u00e4.<\/p>\n<p class=\"article-body mb-nof-24 px-nof-16\">Kansalaiset eiv\u00e4t hyv\u00e4ksy kyselyn perusteella mit\u00e4 tahansa leikkauksia. V\u00e4hemmist\u00f6 eli noin kolmasosa suomalaisista on sit\u00e4 mielt\u00e4, ett\u00e4 Suomen nopeasti kasvanut valtionvelka on pakko saada nopeasti kuriin riippumatta siit\u00e4, millaisia etujen ja hyvinvoinnin leikkauksia siit\u00e4 kansalaisille seuraa.<\/p>\n<p class=\"article-body mb-nof-24 px-nof-16\">Vajaa puolet taas torjuu t\u00e4llaisen avoimen valtakirjan leikkauksille.<\/p>\n<p><img decoding=\"async\" src=\"https:\/\/www.europesays.com\/fi\/wp-content\/uploads\/2025\/12\/1767073328_526_468.jpg\" alt=\"EVAn tutkimuksen mukaan yh\u00e4 useampi demareiden \u00e4\u00e4nest\u00e4j\u00e4 kannattaa menoleikkauksia. Puheenjohtaja Antti Lindtmanin mukaan Sdp ottaisi ensi vuonna noin 460 miljoonaa euroa v\u00e4hemm\u00e4n velkaa kuin Orpon hallitus.\" class=\"_Img_1rerz_1\" style=\"aspect-ratio:1.7777777777777777\" loading=\"eager\"\/><\/p>\n<p class=\"article-picture-caption\">EVAn tutkimuksen mukaan yh\u00e4 useampi demareiden \u00e4\u00e4nest\u00e4j\u00e4 kannattaa menoleikkauksia. Puheenjohtaja Antti Lindtmanin mukaan Sdp ottaisi ensi vuonna noin 460 miljoonaa euroa v\u00e4hemm\u00e4n velkaa kuin Orpon hallitus. Kuva:\u00a0Terhi Ylim\u00e4inen<\/p>\n<p class=\"article-body mb-nof-24 px-nof-16\">Tutkimus kertoo my\u00f6s muutoksesta Sdp:n kannattajissa. Aiempaa useampi demareita \u00e4\u00e4nest\u00e4vist\u00e4 (50 %) katsoo, ett\u00e4 t\u00e4ll\u00e4 vaalikaudella pit\u00e4\u00e4 jatkaa talouden tasapainotustoimia.<\/p>\n<p class=\"article-body mb-nof-24 px-nof-16\">Samalla veronkiristyksen suosio lis\u00e4sopeutuskeinona on heikentynyt selv\u00e4sti SDP:n \u00e4\u00e4nest\u00e4jien keskuudessa. Niit\u00e4 kannattaa heist\u00e4 nyt 42 prosenttia, mik\u00e4 on 13 prosenttiyksikk\u00f6\u00e4 vuotta aikaisempaa v\u00e4hemm\u00e4n.<\/p>\n<p class=\"article-body mb-nof-24 px-nof-16\">Vastaavasti menoleikkauksia kannattavien osuus on liikkunut demari\u00e4\u00e4nest\u00e4jiss\u00e4 likimain saman verran hyv\u00e4ksyv\u00e4mp\u00e4\u00e4n suuntaan.<\/p>\n<p class=\"article-body mb-nof-24 px-nof-16\">Hieman suurempi joukko demareiden kannattajista kuitenkin edelleen torjuu menoleikkaukset kuin kannattaa niit\u00e4.<\/p>\n<p><img decoding=\"async\" src=\"https:\/\/www.europesays.com\/fi\/wp-content\/uploads\/2025\/12\/1767073329_579_468.jpg\" alt=\"Vasemmistoliiton puheenjohtaja Minja Koskela puhui loppuvuodesta puolueensa haluavan Suomeen miljon\u00e4\u00e4riveron.\" class=\"_Img_1rerz_1\" style=\"aspect-ratio:1.7777777777777777\" loading=\"eager\"\/><\/p>\n<p class=\"article-picture-caption\">Vasemmistoliiton puheenjohtaja Minja Koskela puhui loppuvuodesta puolueensa haluavan Suomeen miljon\u00e4\u00e4riveron. Kuva:\u00a0Kimmo Penttinen<\/p>\n<p class=\"article-body mb-nof-24 px-nof-16\">Aineisto EVAn syksyn 2025 arvo- ja asennetutkimukseen ker\u00e4ttiin lokakuussa Taloustutkimus Oy:n internetpaneelissa.<\/p>\n<p class=\"article-body mb-nof-24 px-nof-16\">Siihen vastasi 2\u202f038 ihmist\u00e4, ja vastaajat edustavat koko maan 18\u201379-vuotiasta v\u00e4est\u00f6\u00e4 Ahvenanmaa pois suljettuna.<\/p>\n<p class=\"article-body mb-nof-24 px-nof-16\">Virhemarginaali on koko v\u00e4est\u00f6n tasolla 2\u20133 prosenttiyksikk\u00f6\u00e4 kumpaankin suuntaan.<\/p>\n","protected":false},"excerpt":{"rendered":"EVAn tutkimus paljastaa my\u00f6s mielenkiintoisen muutoksen Sdp:n kannattajissa. Suomalaisten huoli valtion velkaantumisesta on kasvanut, kertoo Elinkeinoel\u00e4m\u00e4n valtuuskunnan (EVA)&hellip;\n","protected":false},"author":2,"featured_media":128712,"comment_status":"","ping_status":"","sticky":false,"template":"","format":"standard","meta":{"footnotes":""},"categories":[12],"tags":[22,23,26,27,33,31,30,17,34,24,25,28,29,15,18,21,32,19,20,16],"class_list":{"0":"post-128711","1":"post","2":"type-post","3":"status-publish","4":"format-standard","5":"has-post-thumbnail","7":"category-suomi","8":"tag-breaking-news","9":"tag-breakingnews","10":"tag-featured-news","11":"tag-featurednews","12":"tag-fi","13":"tag-finland","14":"tag-finnish","15":"tag-headlines","16":"tag-ilta-sanomat","17":"tag-latest-news","18":"tag-latestnews","19":"tag-main-news","20":"tag-mainnews","21":"tag-news","22":"tag-otsikot","23":"tag-paauutiset","24":"tag-suomi","25":"tag-top-stories","26":"tag-topstories","27":"tag-uutiset"},"share_on_mastodon":{"url":"https:\/\/pubeurope.com\/@fi\/115806925263775254","error":""},"_links":{"self":[{"href":"https:\/\/www.europesays.com\/fi\/wp-json\/wp\/v2\/posts\/128711","targetHints":{"allow":["GET"]}}],"collection":[{"href":"https:\/\/www.europesays.com\/fi\/wp-json\/wp\/v2\/posts"}],"about":[{"href":"https:\/\/www.europesays.com\/fi\/wp-json\/wp\/v2\/types\/post"}],"author":[{"embeddable":true,"href":"https:\/\/www.europesays.com\/fi\/wp-json\/wp\/v2\/users\/2"}],"replies":[{"embeddable":true,"href":"https:\/\/www.europesays.com\/fi\/wp-json\/wp\/v2\/comments?post=128711"}],"version-history":[{"count":0,"href":"https:\/\/www.europesays.com\/fi\/wp-json\/wp\/v2\/posts\/128711\/revisions"}],"wp:featuredmedia":[{"embeddable":true,"href":"https:\/\/www.europesays.com\/fi\/wp-json\/wp\/v2\/media\/128712"}],"wp:attachment":[{"href":"https:\/\/www.europesays.com\/fi\/wp-json\/wp\/v2\/media?parent=128711"}],"wp:term":[{"taxonomy":"category","embeddable":true,"href":"https:\/\/www.europesays.com\/fi\/wp-json\/wp\/v2\/categories?post=128711"},{"taxonomy":"post_tag","embeddable":true,"href":"https:\/\/www.europesays.com\/fi\/wp-json\/wp\/v2\/tags?post=128711"}],"curies":[{"name":"wp","href":"https:\/\/api.w.org\/{rel}","templated":true}]}}