{"id":128717,"date":"2025-12-30T05:55:09","date_gmt":"2025-12-30T05:55:09","guid":{"rendered":"https:\/\/www.europesays.com\/fi\/128717\/"},"modified":"2025-12-30T05:55:09","modified_gmt":"2025-12-30T05:55:09","slug":"tapon-yritys-ja-pikkulapsen-salakatselu-rappiostriimaajan-pimea-tausta-paljastui","status":"publish","type":"post","link":"https:\/\/www.europesays.com\/fi\/128717\/","title":{"rendered":"Tapon yritys ja pikkulapsen salakatselu \u2013 rappiostriimaajan pime\u00e4 tausta paljastui"},"content":{"rendered":"<p>            Panu H\u00f6rkk\u00f6\n        <\/p>\n<p class=\"subtitle \">Rappiostriimaaja &#8221;Pullis&#8221; eli Atte Karttunen voitti transnaisen hupiottelussa.<\/p>\n<p class=\"article-content article-content-width !bg-background\">Pasilan liikuntahallissa j\u00e4rjestettiin lauantaina 20. joulukuuta kohuttu 1vs1 Fighting -tapahtuma, jossa otteli somevaikuttajia.<\/p>\n<p class=\"font-weight-bold m-font-weight-bold article-content article-content-width !bg-background\">Video: Mies vastaan nainen ottelussa kohtasivat rappiostriimaaja Pullis sek\u00e4 transnainen Claudia. Video syyskuulta, jolloin ottelupari julkaistiin.<\/p>\n<p class=\"article-content article-content-width !bg-background\">Tapahtuman taustalla oli niin ik\u00e4\u00e4n somesta tunnettu kolmikko: ,  eli \u00a0sek\u00e4  eli tubettaja .<\/p>\n<p class=\"article-content article-content-width !bg-background\">Illan p\u00e4\u00e4ottelussa kohtasivat rappiostriimaaja  ja .<\/p>\n<p class=\"article-content article-content-width !bg-background\">\u201dPulliksena\u201d tunnettu Karttunen voitti lopulta ennakkosuosikkina pidetyn transnaisen verrattain helposti.<\/p>\n<p class=\"article-content article-content-width !bg-background\">Karttunen ei ainakaan somessa ollut jakanut juuri treenej\u00e4\u00e4n valmistautumisen suhteen. Sen sijaan h\u00e4n on tehnyt Virosta k\u00e4sin l\u00e4hetyksi\u00e4, joissa juodaan alkoholia, sekoillaan ja v\u00e4lill\u00e4 kokkaillaan.<\/p>\n<p>        <a itemprop=\"url\" href=\"https:\/\/www.seiska.fi\/urheilu\/vau-mika-vaaleanpunainen-pantteri-tassa-on-kohuotteluun-osallistuvan-transnainen-claudian-kaara\/1961760\" rel=\"nofollow noopener\" target=\"_blank\"><\/p>\n<p>\nKohuotteluun osallistuvan transnainen\n<\/p>\n<p class=\"section-date\">\n        <strong class=\"article-section\" data-section=\"urheilu\"><br \/>\n            urheilu<br \/>\n        <\/strong><br \/>\n        19.10. 17:00\n    <\/p>\n<p>Vau, mik\u00e4 Vaaleanpunainen pantteri \u2013 t\u00e4ss\u00e4 on kohuotteluun osallistuvan transnainen Claudian kaara!\n    <\/p>\n<p itemprop=\"description\" class=\"subtitle \">\n    Transnaisen ja rappiostriimaajan v\u00e4linen kohuottelu on her\u00e4tt\u00e4nyt ennakkoon paljon tuohtumusta. Claudia muistuttaa er\u00e4\u00e4st\u00e4 tietyst\u00e4 faktasta.\n<\/p>\n<p>        <\/a><\/p>\n<p>                <img decoding=\"async\" src=\"https:\/\/www.europesays.com\/fi\/wp-content\/uploads\/2025\/12\/2028216.webp.jpeg\" width=\"576\" height=\"428\" alt=\"Transnainen Claudia oli kovista puheistaan huolimatta lopulta paperia Pulliksena tunnetun Atte Karttusen k\u00e4sittelyss\u00e4.\" loading=\"lazy\" \/>            <\/p>\n<p>\n            Transnainen Claudia oli kovista puheistaan huolimatta lopulta paperia Pulliksena tunnetun Atte Karttusen k\u00e4sittelyss\u00e4.<br \/>\n            Panu H\u00f6rkk\u00f6\n        <\/p>\n<p>Kuvasi seksiaktia<\/p>\n<p class=\"article-content article-content-width !bg-background\">Karttusta on pidetty koomisena ja harmittomana hahmona, mutta h\u00e4net on my\u00f6s tuomittu raskaista rikoksista, kuten muun muassa tapon yrityksest\u00e4.<\/p>\n<p class=\"article-content article-content-width !bg-background\">Helsingin k\u00e4r\u00e4j\u00e4oikeus tuomitsi vuonna 2022 Karttusen salakatselusta sek\u00e4 kahdesta sukupuolisiveellisyytt\u00e4 loukkaavan kuvan levitt\u00e4misest\u00e4.\u00a0<\/p>\n<p class=\"article-content article-content-width !bg-background\">Rikoskokonaisuus liittyi kahteen eri tilanteeseen, joissa Karttunen oli kuvannut ja jakanut Snapchat-sovelluksessa tallenteita.<\/p>\n<p class=\"article-content article-content-width !bg-background\">Ensimm\u00e4isess\u00e4 tapauksessa Karttunen oli kuvannut wc-tiloissa 17-vuotiaan asianomistajan heid\u00e4n ollessaan sukupuoliyhteydess\u00e4.<\/p>\n<p class=\"article-content article-content-width !bg-background\">Toisessa tapauksessa Karttunen oli kuvannut Linnanm\u00e4en wc-tiloissa pient\u00e4 lasta takaap\u00e4in h\u00e4nen ollessaan vy\u00f6t\u00e4r\u00f6st\u00e4 alasp\u00e4in alastomana.\u00a0<\/p>\n<p>                <img decoding=\"async\" src=\"https:\/\/www.europesays.com\/fi\/wp-content\/uploads\/2025\/12\/2028255.webp.jpeg\" width=\"576\" height=\"639\" alt=\"Syyskuisessa F2F-tapahtumassa katsojana ollut Pullis kiiruhti kiitt\u00e4m\u00e4\u00e4n p\u00e4\u00e4ottelun j\u00e4lkeen Jere Karalahtea hienosta taistosta.\" loading=\"lazy\" \/>            <\/p>\n<p>\n            Syyskuisessa F2F-tapahtumassa katsojana ollut Pullis kiiruhti kiitt\u00e4m\u00e4\u00e4n p\u00e4\u00e4ottelun j\u00e4lkeen Jere Karalahtea hienosta taistosta.<br \/>\n            Miikka Kaskinen\n        <\/p>\n<p>Vankilaa<\/p>\n<p class=\"article-content article-content-width !bg-background\">Molemmissa tilanteissa tallenteet jaettiin sovelluksen My Stories -osiossa.<\/p>\n<p class=\"article-content article-content-width !bg-background\">Karttunen tunnusti teot. K\u00e4r\u00e4j\u00e4oikeus arvioi, ett\u00e4 teot olivat kokonaisuutena sakolla sovitettavissa, mutta koska Karttunen oli saanut kahden vuoden ja yhdeks\u00e4n kuukauden ehdottoman vankeusrangaistuksen muista rikoksista, katsottiin aiempi rangaistus riitt\u00e4v\u00e4ksi seuraamukseksi my\u00f6s n\u00e4ist\u00e4 teoista.<\/p>\n<p>Puukotti rintaan<\/p>\n<p class=\"article-content article-content-width !bg-background\">Toisessa, juuri edell\u00e4 mainitussa tapauksessa Karttunen tuomittiin h\u00e4t\u00e4varjelun liioitteluna tehdyst\u00e4 tapon yrityksest\u00e4, pahoinpitelyst\u00e4, laittomasta uhkauksesta sek\u00e4 toisen vahingoittamiseen soveltuvan esineen hallussapidosta.<\/p>\n<p class=\"article-content article-content-width !bg-background\">Tapahtumat sattuivat toukokuussa 2021 Helsingin Punavuoressa. K\u00e4r\u00e4j\u00e4oikeuden mukaan Karttunen oli l\u00e4htenyt veitsell\u00e4 varustautuneena toisen miehen per\u00e4\u00e4n tappelun j\u00e4lkeen.<\/p>\n<p>                <img decoding=\"async\" src=\"https:\/\/www.europesays.com\/fi\/wp-content\/uploads\/2025\/12\/2028225.webp.jpeg\" width=\"576\" height=\"692\" alt=\"Pullis asuu t\u00e4ll\u00e4 hetkell\u00e4 p\u00e4\u00e4s\u00e4\u00e4nt\u00f6isesti Virossa.\" loading=\"lazy\" \/>            <\/p>\n<p>\n            Pullis asuu t\u00e4ll\u00e4 hetkell\u00e4 p\u00e4\u00e4s\u00e4\u00e4nt\u00f6isesti Virossa.<br \/>\n            Panu H\u00f6rkk\u00f6\n        <\/p>\n<p class=\"article-content article-content-width !bg-background\">Osapuolet ottivat yhteen, ja Karttunen viilsi toista miest\u00e4 kaulaan ja puukotti rintaan. Rintakeh\u00e4n pistohaava aiheutti kylkiluun murtuman, verenvuotoa keuhkopussiin ja repe\u00e4m\u00e4n maksaan. K\u00e4r\u00e4j\u00e4oikeus katsoi teon olleen hengenvaarallinen ja tuomitsi Karttusen syylliseksi tapon yritykseen.<\/p>\n<p>Laiton uhkaus<\/p>\n<p class=\"article-content article-content-width !bg-background\">Teko oli kuitenkin oikeuden mukaan tehty h\u00e4t\u00e4varjelun liioitteluna, mik\u00e4 otettiin huomioon rangaistusta lievent\u00e4v\u00e4n\u00e4. Lis\u00e4ksi Karttunen oli kuvannut ja julkaissut Snapchatiss\u00e4 videon, jolla uhkasi tappaa kyseisen miehen, mik\u00e4 katsottiin laittomaksi uhkaukseksi.<\/p>\n<p class=\"article-content article-content-width !bg-background\">Kokonaisuutena Karttusen katsottiin syyllistyneen tekoihin, joista h\u00e4nelle m\u00e4\u00e4r\u00e4ttiin yhteinen vankeusrangaistus.<\/p>\n<p class=\"article-content article-content-width !bg-background\">Tuomiot ovat vakavia ja osin poikkeuksellisen arkaluonteisia, mink\u00e4 vuoksi osa oikeudenk\u00e4yntiasiakirjoista m\u00e4\u00e4r\u00e4ttiin salassa pidett\u00e4viksi asianomistajien yksityisyyden suojelemiseksi.<\/p>\n","protected":false},"excerpt":{"rendered":"Panu H\u00f6rkk\u00f6 Rappiostriimaaja &#8221;Pullis&#8221; eli Atte Karttunen voitti transnaisen hupiottelussa. Pasilan liikuntahallissa j\u00e4rjestettiin lauantaina 20. joulukuuta kohuttu 1vs1&hellip;\n","protected":false},"author":2,"featured_media":128718,"comment_status":"","ping_status":"","sticky":false,"template":"","format":"standard","meta":{"footnotes":""},"categories":[136],"tags":[22828,22827,407,22826,137,33,31,30,408,22825,581,38,32,109],"class_list":{"0":"post-128717","1":"post","2":"type-post","3":"status-publish","4":"format-standard","5":"has-post-thumbnail","7":"category-julkkikset","8":"tag-1vs1-fighting","9":"tag-atte-karttunen","10":"tag-celebrities","11":"tag-claudia-barsk","12":"tag-entertainment","13":"tag-fi","14":"tag-finland","15":"tag-finnish","16":"tag-julkkikset","17":"tag-pasilan-liikuntahalli","18":"tag-rikokset","19":"tag-rikos","20":"tag-suomi","21":"tag-viihde"},"share_on_mastodon":{"url":"https:\/\/pubeurope.com\/@fi\/115806976283392099","error":""},"_links":{"self":[{"href":"https:\/\/www.europesays.com\/fi\/wp-json\/wp\/v2\/posts\/128717","targetHints":{"allow":["GET"]}}],"collection":[{"href":"https:\/\/www.europesays.com\/fi\/wp-json\/wp\/v2\/posts"}],"about":[{"href":"https:\/\/www.europesays.com\/fi\/wp-json\/wp\/v2\/types\/post"}],"author":[{"embeddable":true,"href":"https:\/\/www.europesays.com\/fi\/wp-json\/wp\/v2\/users\/2"}],"replies":[{"embeddable":true,"href":"https:\/\/www.europesays.com\/fi\/wp-json\/wp\/v2\/comments?post=128717"}],"version-history":[{"count":0,"href":"https:\/\/www.europesays.com\/fi\/wp-json\/wp\/v2\/posts\/128717\/revisions"}],"wp:featuredmedia":[{"embeddable":true,"href":"https:\/\/www.europesays.com\/fi\/wp-json\/wp\/v2\/media\/128718"}],"wp:attachment":[{"href":"https:\/\/www.europesays.com\/fi\/wp-json\/wp\/v2\/media?parent=128717"}],"wp:term":[{"taxonomy":"category","embeddable":true,"href":"https:\/\/www.europesays.com\/fi\/wp-json\/wp\/v2\/categories?post=128717"},{"taxonomy":"post_tag","embeddable":true,"href":"https:\/\/www.europesays.com\/fi\/wp-json\/wp\/v2\/tags?post=128717"}],"curies":[{"name":"wp","href":"https:\/\/api.w.org\/{rel}","templated":true}]}}