{"id":128722,"date":"2025-12-30T06:03:08","date_gmt":"2025-12-30T06:03:08","guid":{"rendered":"https:\/\/www.europesays.com\/fi\/128722\/"},"modified":"2025-12-30T06:03:08","modified_gmt":"2025-12-30T06:03:08","slug":"tanaan-tvssa-kotimainen-kulttileffa-40-vuoden-takaa-mukana-suomalaisen-elokuvan-ehka-legendaarisin-kohtaus","status":"publish","type":"post","link":"https:\/\/www.europesays.com\/fi\/128722\/","title":{"rendered":"T\u00e4n\u00e4\u00e4n tv:ss\u00e4: Kotimainen kulttileffa 40 vuoden takaa \u2013 Mukana suomalaisen elokuvan ehk\u00e4 legendaarisin kohtaus"},"content":{"rendered":"<p><strong>Mika Kaurism\u00e4en<\/strong> hieno kokeellinen elokuva Rosso (1985) avasi h\u00e4nelle v\u00e4yl\u00e4n kansainv\u00e4lisille markkinoille. Rosso on outo sek\u00e4 sis\u00e4ll\u00f6lt\u00e4\u00e4n ett\u00e4 tekotavaltaan.<\/p>\n<p>Road movien tarina on yksinkertainen: <strong>Kari V\u00e4\u00e4n\u00e4sen<\/strong> n\u00e4yttelem\u00e4 sisilialainen palkkamurhaaja tulee Suomeen etsim\u00e4\u00e4n entist\u00e4 rakastettuaan.<\/p>\n<p>Matkakumppanikseen h\u00e4n saa suomalaisen Martin, jota n\u00e4yttelee Eppu Normaalin laulusolisti ja p\u00e4\u00e4sanoittaja <strong>Martti Syrj\u00e4<\/strong>.<\/p>\n<p>Yhdeksi suomalaisen elokuvan legendaarisimmista kohtauksista on noussut tuokio autosta, jossa V\u00e4\u00e4n\u00e4nen ja Syrj\u00e4 laulavat kappaleen L\u2019Italiano \/ Olen suomalainen. Oli v\u00e4h\u00e4ll\u00e4, ettei Syrj\u00e4 olisi pystynyt ottamaan vastaan rooliaan levytyskiireiden takia. Sit\u00e4 varten oli jo varalle otettu <strong>Matti Pellonp\u00e4\u00e4<\/strong>.<\/p>\n<p>Rosso on hieno kokonaisuus, jonka onnistumisen takeena on hieno n\u00e4yttelij\u00e4ty\u00f6. Se on etenkin Kari V\u00e4\u00e4n\u00e4sen taidonn\u00e4yte. Viimeist\u00e4\u00e4n t\u00e4ss\u00e4 elokuvassa h\u00e4n osoitti olevansa yksi oman aikakautensa parhaimmista n\u00e4yttelij\u00f6ist\u00e4.<\/p>\n<p>Lue my\u00f6s: <a href=\"https:\/\/www.episodi.fi\/uutiset\/mika-kaurismaki-uudesta-mielensapahoittajasta-minusta-tama-on-paatepiste\/\" title=\"Mika Kaurism\u00e4ki uudesta Mielens\u00e4pahoittajasta: \u201dMinusta t\u00e4m\u00e4 on p\u00e4\u00e4tepiste\u201d\" class=\"underline-custom !font-montserrat !font-bold !underline-offset-4 !decoration-4 !decoration-episodi-blue !text-md\" rel=\"nofollow noopener\" target=\"_blank\">Mika Kaurism\u00e4ki uudesta Mielens\u00e4pahoittajasta: \u201dMinusta t\u00e4m\u00e4 on p\u00e4\u00e4tepiste\u201d<\/a><\/p>\n<p>V\u00e4\u00e4n\u00e4nen opetteli rooliaan varten puhumaan italiaa ja teki sen niin uskottavasti, ett\u00e4 ohjaajalta kyseltiin ulkomaalaisilla festivaaleilla, miksi sardinialainen n\u00e4yttelee sisilialaista.<\/p>\n<p>Rosso kuvattiin muutamassa viikossa alle kahden miljoonan markan budjetilla. Kaurism\u00e4ki oli l\u00f6yt\u00e4nyt j\u00e4\u00e4kaapista aikaisempien elokuvien j\u00e4ljilt\u00e4 eri laatuisia filminj\u00e4mi\u00e4, joille p\u00e4\u00e4tettiin tehd\u00e4 jotakin. Ohjaaja ja p\u00e4\u00e4osanesitt\u00e4j\u00e4 suunnittelivat tarinan, mutta varsinaista k\u00e4sikirjoitusta ei tehty, vaan kuvauspaikalla improvisoitiin paljon.<\/p>\n<p>Kertoja\u00e4\u00e4nen kirjoitti my\u00f6hemmin ohjaajan nuorempi veli <strong>Aki Kaurism\u00e4ki<\/strong>. Kohtaukset tehtiin usein yhdell\u00e4 otolla, eik\u00e4 mit\u00e4\u00e4n uusittu. Otoksen pituuden saneli rullassa oleva filmin m\u00e4\u00e4r\u00e4. Italiassa kuvattuja kohtauksia jouduttiin tekem\u00e4\u00e4n piilokameralla kuvauslupien puuttuessa, ja samaa tapaa k\u00e4ytettiin my\u00f6s Suomessa, jotta ihmiset eiv\u00e4t reagoisi kameran paikallaoloon.<\/p>\n<p>Rosso esitet\u00e4\u00e4n TV2-kanavalla tiistaina 30.12.2025 klo 21.00. My\u00f6s Areenassa. Katso traileri alta.<\/p>\n<p><img loading=\"lazy\" decoding=\"async\" alt=\"YouTube video\" width=\"480\" height=\"360\" data-pin-nopin=\"true\" nopin=\"nopin\" class=\"perfmatters-lazy\" src=\"https:\/\/www.europesays.com\/fi\/wp-content\/uploads\/2025\/12\/1767074588_402_hqdefault.jpg\"\/><\/p>\n<p>Lue my\u00f6s: <a href=\"https:\/\/www.episodi.fi\/uutiskirje\/?uutiskirjemainos=tekstilinkkimainos\" title=\"Tilaa Episodin uutiskirje ja voit voittaa leffalippuja! Nappaa tv-vinkit suoraan s\u00e4hk\u00f6postiin t\u00e4st\u00e4.\" class=\"underline-custom !font-montserrat !font-bold !underline-offset-4 !decoration-4 !decoration-episodi-blue !text-md\" rel=\"nofollow noopener\" target=\"_blank\">Tilaa Episodin uutiskirje ja voit voittaa leffalippuja! Nappaa katseluvinkit suoraan s\u00e4hk\u00f6postiin t\u00e4st\u00e4.<\/a><\/p>\n","protected":false},"excerpt":{"rendered":"Mika Kaurism\u00e4en hieno kokeellinen elokuva Rosso (1985) avasi h\u00e4nelle v\u00e4yl\u00e4n kansainv\u00e4lisille markkinoille. Rosso on outo sek\u00e4 sis\u00e4ll\u00f6lt\u00e4\u00e4n ett\u00e4&hellip;\n","protected":false},"author":2,"featured_media":128723,"comment_status":"","ping_status":"","sticky":false,"template":"","format":"standard","meta":{"footnotes":""},"categories":[130],"tags":[137,33,31,30,32,139,109],"class_list":{"0":"post-128722","1":"post","2":"type-post","3":"status-publish","4":"format-standard","5":"has-post-thumbnail","7":"category-viihde","8":"tag-entertainment","9":"tag-fi","10":"tag-finland","11":"tag-finnish","12":"tag-suomi","13":"tag-tv-ohjelmat","14":"tag-viihde"},"share_on_mastodon":{"url":"https:\/\/pubeurope.com\/@fi\/115807007726810513","error":""},"_links":{"self":[{"href":"https:\/\/www.europesays.com\/fi\/wp-json\/wp\/v2\/posts\/128722","targetHints":{"allow":["GET"]}}],"collection":[{"href":"https:\/\/www.europesays.com\/fi\/wp-json\/wp\/v2\/posts"}],"about":[{"href":"https:\/\/www.europesays.com\/fi\/wp-json\/wp\/v2\/types\/post"}],"author":[{"embeddable":true,"href":"https:\/\/www.europesays.com\/fi\/wp-json\/wp\/v2\/users\/2"}],"replies":[{"embeddable":true,"href":"https:\/\/www.europesays.com\/fi\/wp-json\/wp\/v2\/comments?post=128722"}],"version-history":[{"count":0,"href":"https:\/\/www.europesays.com\/fi\/wp-json\/wp\/v2\/posts\/128722\/revisions"}],"wp:featuredmedia":[{"embeddable":true,"href":"https:\/\/www.europesays.com\/fi\/wp-json\/wp\/v2\/media\/128723"}],"wp:attachment":[{"href":"https:\/\/www.europesays.com\/fi\/wp-json\/wp\/v2\/media?parent=128722"}],"wp:term":[{"taxonomy":"category","embeddable":true,"href":"https:\/\/www.europesays.com\/fi\/wp-json\/wp\/v2\/categories?post=128722"},{"taxonomy":"post_tag","embeddable":true,"href":"https:\/\/www.europesays.com\/fi\/wp-json\/wp\/v2\/tags?post=128722"}],"curies":[{"name":"wp","href":"https:\/\/api.w.org\/{rel}","templated":true}]}}