{"id":128732,"date":"2025-12-30T06:21:07","date_gmt":"2025-12-30T06:21:07","guid":{"rendered":"https:\/\/www.europesays.com\/fi\/128732\/"},"modified":"2025-12-30T06:21:07","modified_gmt":"2025-12-30T06:21:07","slug":"spice-girls-tahti-melanie-brown-vietti-joulun-lapissa-hurjat-kokemukset","status":"publish","type":"post","link":"https:\/\/www.europesays.com\/fi\/128732\/","title":{"rendered":"Spice Girls -t\u00e4hti Melanie Brown vietti joulun Lapissa \u2013 hurjat kokemukset"},"content":{"rendered":"<p>            Alamy \/ AOP\n        <\/p>\n<p class=\"subtitle \">Spaissarit\u00e4hti nautti Lapin tarjoamista el\u00e4myksist\u00e4.<\/p>\n<p class=\"article-content article-content-width !bg-background\">Spice Girls -t\u00e4hti, 50, vietti joulunsa Suomen Lapissa. Asia selvi\u00e4\u00e4 h\u00e4nen Instagram-p\u00e4ivityksist\u00e4\u00e4n.<\/p>\n<p class=\"font-weight-bold m-font-weight-bold article-content article-content-width !bg-background\">Arkistovideo: Julkkiksia vilisee Lapissa yhten\u00e4\u00e4n<\/p>\n<p class=\"article-content article-content-width !bg-background\">Reissulla oli mukana h\u00e4nen puolisonsa\u00a0sek\u00e4 tytt\u00e4ret\u00a0ja.<\/p>\n<p class=\"article-content article-content-width !bg-background\">Vierailulla Mel B p\u00e4\u00e4si kokeilemaan perinteist\u00e4 talviurheilua, avantouintia. Vaikka Mel onkin kotoisin Englannin pohjoisimmista nurkista, oli avantouinti h\u00e4nelle ilmeisen uusi el\u00e4mys.<\/p>\n<p class=\"article-content article-content-width !bg-background\">Instagramiin jaetulla videolla n\u00e4kyy, kuinka bikineihin ja karvalakkiin sonnustautunut Scary Spice astelee m\u00e4\u00e4r\u00e4tietoisesti kohti avantoon johtavia rappusia.<\/p>\n<p class=\"article-content article-content-width !bg-background\">\u2013 Se on vain teht\u00e4v\u00e4. Sit\u00e4 ei pid\u00e4 ajatella. Se pit\u00e4\u00e4 vain tehd\u00e4. Ei helvetti, Mel toistelee avantoon laskeutuessaan ja sielt\u00e4 noustessaan.<\/p>\n<p class=\"article-content article-content-width !bg-background\">Samoilla ohjeilla dippaa itsens\u00e4 kylm\u00e4\u00e4n veteen my\u00f6s Rory, joka nousee avannosta hyvin \u00e4kki\u00e4 ja kiroten. Haaste kuitenkin onnistui.<\/p>\n<p class=\"article-content article-content-width !bg-background\">Avantopulahdus on her\u00e4tt\u00e4nyt suomalaistenkin huomion, ja Meli\u00e4 ovat k\u00e4yneet kehumassa muun muassa\u00a0sek\u00e4.<\/p>\n<p>        <a itemprop=\"url\" href=\"https:\/\/www.seiska.fi\/ulkomaat\/victoria-beckham-taytti-vuosia-davidilta-lemmentayteinen-julistus\/1677972\" rel=\"nofollow noopener\" target=\"_blank\"><\/p>\n<p>\nVictoria t\u00e4ytti vuosia\n<\/p>\n<p class=\"section-date\">\n        <strong class=\"article-section\" data-section=\"ulkomaat\"><br \/>\n            ulkomaat<br \/>\n        <\/strong><br \/>\n        17.4. 20:00\n    <\/p>\n<p>Victoria Beckham t\u00e4ytti vuosia \u2013 Davidilta lemment\u00e4yteinen julistus\n    <\/p>\n<p itemprop=\"description\" class=\"subtitle \">\n    Victoria juhlisti syntt\u00e4reit\u00e4\u00e4n erikoisella tavalla.\n<\/p>\n<p>        <\/a><\/p>\n<p>Taianomainen joulu<\/p>\n<p class=\"article-content article-content-width !bg-background\">Suomi-seikkailuun sis\u00e4ltyi my\u00f6s moottorikelkkailua.<\/p>\n<p class=\"article-content article-content-width !bg-background\">\u2013 Jee Lappi, pid\u00e4 kivaa, k\u00e4vi laulaja\u00a0kehumassa\u00a0lumiseen moottoriurheiluun innostunutta Spaissari-t\u00e4hte\u00e4.<\/p>\n<p class=\"article-content article-content-width !bg-background\">Suomen-loma tuli p\u00e4\u00e4t\u00f6kseens\u00e4 jo joulun j\u00e4lkeen ennen vuoden vaihdetta. Mel julkaisi viel\u00e4 viimeisen p\u00e4ivityksens\u00e4 Suomesta maanantai-iltana (29.12.).<\/p>\n<p class=\"article-content article-content-width !bg-background\">\u2013 Syd\u00e4meni on niiiiin t\u00e4ysi. Joulu Lapissa oli taianomainen, h\u00e4n hehkuttaa kuvasarjansa ohessa.<\/p>\n<p>        <a itemprop=\"url\" href=\"https:\/\/www.seiska.fi\/ulkomaat\/spice-girls-geri-53-vuotta-juhli-uimapuvussa\/1892977\" rel=\"nofollow noopener\" target=\"_blank\"><\/p>\n<p>\nSpaissari-Geri 53 vuotta\n<\/p>\n<p class=\"section-date\">\n        <strong class=\"article-section\" data-section=\"ulkomaat\"><br \/>\n            ulkomaat<br \/>\n        <\/strong><br \/>\n        7.8. 15:04\n    <\/p>\n<p>Spice Girls -Geri 53 vuotta \u2013 juhli uimapuvussa!\n    <\/p>\n<p itemprop=\"description\" class=\"subtitle \">\n    J\u00e4ttik\u00f6 yksi Spice Girl onnittelematta?\n<\/p>\n<p>        <\/a><\/p>\n","protected":false},"excerpt":{"rendered":"Alamy \/ AOP Spaissarit\u00e4hti nautti Lapin tarjoamista el\u00e4myksist\u00e4. Spice Girls -t\u00e4hti, 50, vietti joulunsa Suomen Lapissa. Asia selvi\u00e4\u00e4&hellip;\n","protected":false},"author":2,"featured_media":128733,"comment_status":"","ping_status":"","sticky":false,"template":"","format":"standard","meta":{"footnotes":""},"categories":[136],"tags":[9725,407,137,33,31,30,5856,408,667,1478,12390,22832,22831,12393,32,109],"class_list":{"0":"post-128732","1":"post","2":"type-post","3":"status-publish","4":"format-standard","5":"has-post-thumbnail","7":"category-julkkikset","8":"tag-avantouinti","9":"tag-celebrities","10":"tag-entertainment","11":"tag-fi","12":"tag-finland","13":"tag-finnish","14":"tag-joulu","15":"tag-julkkikset","16":"tag-lappi","17":"tag-matkailu","18":"tag-mel-b","19":"tag-melanie-brown","20":"tag-rory-mcphee","21":"tag-spice-girls","22":"tag-suomi","23":"tag-viihde"},"share_on_mastodon":{"url":"https:\/\/pubeurope.com\/@fi\/115807078480781136","error":""},"_links":{"self":[{"href":"https:\/\/www.europesays.com\/fi\/wp-json\/wp\/v2\/posts\/128732","targetHints":{"allow":["GET"]}}],"collection":[{"href":"https:\/\/www.europesays.com\/fi\/wp-json\/wp\/v2\/posts"}],"about":[{"href":"https:\/\/www.europesays.com\/fi\/wp-json\/wp\/v2\/types\/post"}],"author":[{"embeddable":true,"href":"https:\/\/www.europesays.com\/fi\/wp-json\/wp\/v2\/users\/2"}],"replies":[{"embeddable":true,"href":"https:\/\/www.europesays.com\/fi\/wp-json\/wp\/v2\/comments?post=128732"}],"version-history":[{"count":0,"href":"https:\/\/www.europesays.com\/fi\/wp-json\/wp\/v2\/posts\/128732\/revisions"}],"wp:featuredmedia":[{"embeddable":true,"href":"https:\/\/www.europesays.com\/fi\/wp-json\/wp\/v2\/media\/128733"}],"wp:attachment":[{"href":"https:\/\/www.europesays.com\/fi\/wp-json\/wp\/v2\/media?parent=128732"}],"wp:term":[{"taxonomy":"category","embeddable":true,"href":"https:\/\/www.europesays.com\/fi\/wp-json\/wp\/v2\/categories?post=128732"},{"taxonomy":"post_tag","embeddable":true,"href":"https:\/\/www.europesays.com\/fi\/wp-json\/wp\/v2\/tags?post=128732"}],"curies":[{"name":"wp","href":"https:\/\/api.w.org\/{rel}","templated":true}]}}