{"id":128742,"date":"2025-12-30T06:33:12","date_gmt":"2025-12-30T06:33:12","guid":{"rendered":"https:\/\/www.europesays.com\/fi\/128742\/"},"modified":"2025-12-30T06:33:12","modified_gmt":"2025-12-30T06:33:12","slug":"englanti-ei-ole-euroopan-kieli","status":"publish","type":"post","link":"https:\/\/www.europesays.com\/fi\/128742\/","title":{"rendered":"Englanti ei ole Euroopan kieli"},"content":{"rendered":"<p>Lukijan mielipide|EU:ssa on kaksi j\u00e4senmaata, joiden virallinen kieli on englanti: Irlanti ja Malta. Miksi Keski-Euroopassa tai Skandinaviassa tulisi asioida englanniksi?<\/p>\n<p>29.12. 13:45 | P\u00e4ivitetty 29.12. 19:46<\/p>\n<p class=\"article-body nof-ui-body-medium mb-nof-24 px-nof-16\">Kirjoitus on Helsingin Sanomien lukijan mielipide.<\/p>\n<p class=\"article-body mb-nof-24 px-nof-16\">Englantia ei puhuta manner-Euroopassa \u2013 ainakaan virallisesti. Silti Suomessa el\u00e4\u00e4 sitke\u00e4 usko, ett\u00e4 englanti riitt\u00e4\u00e4 kaikkeen: ty\u00f6el\u00e4m\u00e4\u00e4n, politiikkaan ja kansainv\u00e4lisyyteen. T\u00e4m\u00e4 usko on virhe. Jos liike-el\u00e4m\u00e4ss\u00e4 tai ty\u00f6markkinoilla haluaa aidosti paikkansa Euroopassa, ei suomi\u2013huonoruotsi\u2013englanti-kombolla p\u00e4\u00e4se pitk\u00e4lle.<\/p>\n<p class=\"article-body mb-nof-24 px-nof-16\">Euroopan unionissa on vain kaksi j\u00e4senmaata, joiden virallinen kieli on englanti: Irlanti ja Malta. Miksi siis oletamme, ett\u00e4 Keski-Euroopassa, Etel\u00e4-Euroopassa tai Skandinaviassa tulisi asioida englanniksi? Miksi keskieurooppalaiset puhuisivat meille vieraalla kielell\u00e4, kun emme ole valmiita puhumaan heid\u00e4n kielell\u00e4\u00e4n?<\/p>\n<p class=\"article-body mb-nof-24 px-nof-16\">Englanti on k\u00e4tev\u00e4 v\u00e4line, mutta huono perusta luottamukselle. Se pit\u00e4\u00e4 keskustelun pinnassa ja vallan muualla.<\/p>\n<p class=\"article-body mb-nof-24 px-nof-16\">Kielt\u00e4 osaamatta ei voi ymm\u00e4rt\u00e4\u00e4 kulttuuria \u2013 eik\u00e4 kulttuuria ymm\u00e4rt\u00e4m\u00e4tt\u00e4 voi ymm\u00e4rt\u00e4\u00e4 eurooppalaisten naapuriemme ajattelua, arvoja tai intressej\u00e4. Yhteinen kieli luo luottamusta, avaa ovia ja syvent\u00e4\u00e4 yhteisty\u00f6t\u00e4 tavalla, johon englanti v\u00e4likielen\u00e4 ei kykene.<\/p>\n<p class=\"article-body mb-nof-24 px-nof-16\">Suomen koulutusj\u00e4rjestelm\u00e4ss\u00e4 tulisi palauttaa eurooppalaisten kielten ja kansojen arvostus. Pakolliseksi tulisi ottaa v\u00e4hint\u00e4\u00e4n yksi suuri eurooppalainen kieli: ranska, saksa, espanja, italia, puola, portugali tai kreikka. Valinnanvaraa on \u2013 tahtoa ja ymm\u00e4rryst\u00e4 tarvitaan.<\/p>\n<p class=\"article-body mb-nof-24 px-nof-16\">Euroopan itsetunnon ja arvostuksen palauttaminen muuttuvassa maailman valtakamppailussa ei ala taloudesta tai sotilaallisesta voimasta, vaan kielest\u00e4 ja kulttuurin tuntemuksesta. Siit\u00e4, ett\u00e4 ymm\u00e4rr\u00e4mme Eurooppaa omilla ehdoillamme \u2013 emme vain englannin kautta.<\/p>\n<p class=\"article-body mb-nof-24 px-nof-16\">Makka Elbaz<\/p>\n<p class=\"article-body mb-nof-24 px-nof-16\">kielenk\u00e4\u00e4nt\u00e4j\u00e4<\/p>\n<p class=\"article-body mb-nof-24 px-nof-16\">Pariisi, Ranska<\/p>\n<p class=\"article-body nof-ui-body-medium mb-nof-24 px-nof-16\">HS:n toimitus valitsee ja toimittaa mielipidekirjoitukset. Voit j\u00e4tt\u00e4\u00e4 mielipidekirjoituksen tai tutustua kirjoitusten periaatteisiin osoitteessa <a class=\"underline underline-offset-[0.12em] [text-decoration-thickness:var(--generic-link-underline-thickness)] [text-decoration-color:var(--generic-link-underline-color)] [text-decoration-skip-ink:var(--generic-link-underline-skip-ink)] break-words article-endnote\" href=\"http:\/\/www.hs.fi\/kirjoitamielipidekirjoitus\/\" rel=\"nofollow noopener\" target=\"_blank\">http:\/\/www.hs.fi\/kirjoitamielipidekirjoitus\/<\/a>.<\/p>\n<p class=\"article-body nof-ui-body-medium mb-nof-24 px-nof-16\">Oikaisu 29.12. kello 16.09: Englanti on virallinen kieli kahdessa EU-j\u00e4senmaassa, ei yhdess\u00e4. Maat ovat Irlanti ja Malta.<\/p>\n<p class=\"article-body nof-ui-body-medium mb-nof-24 px-nof-16\">Oikaisu 29.12. kello 19.44: Jutun ingressiss\u00e4 v\u00e4itettiin, ett\u00e4 englanti olisi virallinen kieli yhdess\u00e4 EU-j\u00e4senmaassa. Se on virallinen kieli Irlannissa ja Maltalla.<\/p>\n","protected":false},"excerpt":{"rendered":"Lukijan mielipide|EU:ssa on kaksi j\u00e4senmaata, joiden virallinen kieli on englanti: Irlanti ja Malta. Miksi Keski-Euroopassa tai Skandinaviassa tulisi&hellip;\n","protected":false},"author":2,"featured_media":96697,"comment_status":"","ping_status":"","sticky":false,"template":"","format":"standard","meta":{"footnotes":""},"categories":[14],"tags":[22,23,26,27,33,31,30,17,46,24,25,28,29,15,18,21,32,19,20,56,16,59,60,61],"class_list":{"0":"post-128742","1":"post","2":"type-post","3":"status-publish","4":"format-standard","5":"has-post-thumbnail","7":"category-ulkomaat","8":"tag-breaking-news","9":"tag-breakingnews","10":"tag-featured-news","11":"tag-featurednews","12":"tag-fi","13":"tag-finland","14":"tag-finnish","15":"tag-headlines","16":"tag-helsingin-sanomat","17":"tag-latest-news","18":"tag-latestnews","19":"tag-main-news","20":"tag-mainnews","21":"tag-news","22":"tag-otsikot","23":"tag-paauutiset","24":"tag-suomi","25":"tag-top-stories","26":"tag-topstories","27":"tag-ulkomaat","28":"tag-uutiset","29":"tag-world","30":"tag-world-news","31":"tag-worldnews"},"share_on_mastodon":{"url":"https:\/\/pubeurope.com\/@fi\/115807125711502891","error":""},"_links":{"self":[{"href":"https:\/\/www.europesays.com\/fi\/wp-json\/wp\/v2\/posts\/128742","targetHints":{"allow":["GET"]}}],"collection":[{"href":"https:\/\/www.europesays.com\/fi\/wp-json\/wp\/v2\/posts"}],"about":[{"href":"https:\/\/www.europesays.com\/fi\/wp-json\/wp\/v2\/types\/post"}],"author":[{"embeddable":true,"href":"https:\/\/www.europesays.com\/fi\/wp-json\/wp\/v2\/users\/2"}],"replies":[{"embeddable":true,"href":"https:\/\/www.europesays.com\/fi\/wp-json\/wp\/v2\/comments?post=128742"}],"version-history":[{"count":0,"href":"https:\/\/www.europesays.com\/fi\/wp-json\/wp\/v2\/posts\/128742\/revisions"}],"wp:featuredmedia":[{"embeddable":true,"href":"https:\/\/www.europesays.com\/fi\/wp-json\/wp\/v2\/media\/96697"}],"wp:attachment":[{"href":"https:\/\/www.europesays.com\/fi\/wp-json\/wp\/v2\/media?parent=128742"}],"wp:term":[{"taxonomy":"category","embeddable":true,"href":"https:\/\/www.europesays.com\/fi\/wp-json\/wp\/v2\/categories?post=128742"},{"taxonomy":"post_tag","embeddable":true,"href":"https:\/\/www.europesays.com\/fi\/wp-json\/wp\/v2\/tags?post=128742"}],"curies":[{"name":"wp","href":"https:\/\/api.w.org\/{rel}","templated":true}]}}