{"id":128813,"date":"2025-12-30T08:31:07","date_gmt":"2025-12-30T08:31:07","guid":{"rendered":"https:\/\/www.europesays.com\/fi\/128813\/"},"modified":"2025-12-30T08:31:07","modified_gmt":"2025-12-30T08:31:07","slug":"marika-fingerroos-paljastaa-uuden-hiustyylinsa-ja-onlyfans-menestyksensa-salaisuudet","status":"publish","type":"post","link":"https:\/\/www.europesays.com\/fi\/128813\/","title":{"rendered":"Marika Fingerroos paljastaa uuden hiustyylins\u00e4 ja OnlyFans-menestyksens\u00e4 salaisuudet"},"content":{"rendered":"<p>\n            (100725) &#8212; Mustasaari, July 10, 2025 \u2013 Marika Fingerroos (Tupila) poses for the camera during her interview for Seiska in Mustasaari, Finland, 10. July 2025. (Matti Matikainen\/Aller Media)<br \/>\n            Matti Matikainen\n        <\/p>\n<p class=\"subtitle \">Marika on tehnyt paluun juurilleen.<\/p>\n<p class=\"article-content article-content-width !bg-background\">Piskuisesta Suomesta l\u00f6ytyy kokoonsa n\u00e4hden yll\u00e4tt\u00e4v\u00e4n runsain m\u00e4\u00e4rin kohukaunottaria. Yksi tunnetuimmista on , 46.\u00a0<\/p>\n<p class=\"font-weight-bold m-font-weight-bold article-content article-content-width !bg-background\">Video: Marika Fingerroos muistelee Salarakas-aikojaan:<\/p>\n<p class=\"article-content article-content-width !bg-background\">Marikasta tuli etusivun julkkis vuonna 2004, kun h\u00e4nen salainen suhteensa kyl\u00e4kauppiaana tunnettun  kanssa tuli julki. Marika oli tuolloin vasta 25-vuotias, ja 12 vuotta vanhempi Vesa seurusteli tuolloin t\u00e4ysin toisen naisen kanssa.\u00a0<\/p>\n<p>        <a itemprop=\"url\" href=\"https:\/\/www.seiska.fi\/vain-seiskassa\/marika-fingerroos-yllatti-yoelamassa-kuva\/2008094\" rel=\"nofollow noopener\" target=\"_blank\"><\/p>\n<p>\nMarika Fingerroos\n<\/p>\n<p class=\"section-date\">\n        <strong class=\"article-section\" data-section=\"vain seiskassa\"><br \/>\n            vain seiskassa<br \/>\n        <\/strong><br \/>\n        4.12. 06:00\n    <\/p>\n<p>Marika Fingerroos yll\u00e4tti y\u00f6el\u00e4m\u00e4ss\u00e4 \u2013 kuva!\n    <\/p>\n<p itemprop=\"description\" class=\"subtitle \">\n    Seiskan lukija bongasi Marikan illanvietosta.\n<\/p>\n<p>        <\/a><\/p>\n<p>L\u00f6i rahoiksi<\/p>\n<p class=\"article-content article-content-width !bg-background\">Uhkea vaaleaverikk\u00f6 sai lempinimen salarakas. H\u00e4peilyn sijaan Marika otti julkisuuden avosylin vastaan ja valjasti sen tuomat mahdollisuudet taidokkaasti k\u00e4ytt\u00f6\u00f6ns\u00e4.\u00a0<\/p>\n<p>                <img decoding=\"async\" src=\"https:\/\/www.europesays.com\/fi\/wp-content\/uploads\/2025\/12\/2033384.webp.jpeg\" width=\"576\" height=\"322\" alt=\"Marika ei peittele ty\u00f6t\u00e4\u00e4n Onlyfansissa.\" loading=\"lazy\" \/>            <\/p>\n<p>\n            Marika ei peittele ty\u00f6t\u00e4\u00e4n Onlyfansissa.<br \/>\n            Matti Matikainen\n        <\/p>\n<p class=\"article-content article-content-width !bg-background\">Viime vuosina Marika on hyp\u00e4nnyt monien julkimoiden suosiman kelkan kyytiin ja el\u00e4tt\u00e4nyt itsens\u00e4 Onlyfansilla. Alusta on tunnettu siit\u00e4, ett\u00e4 sen sis\u00e4ll\u00f6ntuottajat tarjoavat seuraajilleen maksua vastaan toinen toistaan rohkeampaa materiaalia.\u00a0<\/p>\n<p class=\"article-content article-content-width !bg-background\">\u2013\u00a0Materiaali koostuu pornosta \u2013 ja nimenomaan juonellisesta sellaisesta,<a href=\"https:\/\/www.seiska.fi\/kotimaa\/nain-marika-fingerroosin-teini-ikainen-poika-suhtautuu-aitinsa-pornouraan\/1865460\" target=\"_blank\" rel=\"nofollow noopener\"> Marika paljasti Seiskalle <\/a>hein\u00e4kuussa.<\/p>\n<p>Blondeilla on aina hauskempaa?<\/p>\n<p class=\"article-content article-content-width !bg-background\">Valokeilaan aikoinaan astuessaan Marikan tunnusmerkkin\u00e4 toimi\u00a0\u2013 runsaan poven lis\u00e4ksi \u2013 pitk\u00e4, platinanvaalea tukka.\u00a0<\/p>\n<p class=\"article-content article-content-width !bg-background\">H\u00e4n on kuitenkin jo pidemm\u00e4n tovin viihtynyt huomattavasti nuoruusvuosiaan tummemmassa hiustyyliss\u00e4. Aivan brunetesta ei ehk\u00e4 voida puhua, mutta v\u00e4hint\u00e4\u00e4nkin tuhkaisen tummanvaaleasta.\u00a0<\/p>\n<p>        <a itemprop=\"url\" href=\"https:\/\/www.seiska.fi\/kotimaa\/shokkiero-marika-fingerroosilta-karu-tilitys\/1990284\" rel=\"nofollow noopener\" target=\"_blank\"><\/p>\n<p>\nMarika Fingerroos\n<\/p>\n<p class=\"section-date\">\n        <strong class=\"article-section\" data-section=\"kotimaa\"><br \/>\n            kotimaa<br \/>\n        <\/strong><br \/>\n        11.11. 17:00\n    <\/p>\n<p>Shokkiero! Marika Fingerroosilta karu tilitys\n    <\/p>\n<p itemprop=\"description\" class=\"subtitle \">\n    Kohublondi Marika Fingerroos ilmoitti eronneensa ja samalla latasi sanaisen arkkunsa tyhj\u00e4ksi ex-miehest\u00e4\u00e4n.\n<\/p>\n<p>        <\/a><\/p>\n<p class=\"article-content article-content-width !bg-background\">Nyt tilanne on kuitenkin mit\u00e4 ilmeisimmin muuttunut. Marika kertoi Instagramin tarinoissaan (28.12.) palanneensa niin sanotusti juurilleen.<\/p>\n<p>        <a itemprop=\"url\" href=\"https:\/\/www.seiska.fi\/kotimaa\/marika-fingerroos-tylyttaa-nuoria-naisia-trendi-ilmiosta\/1977490\" rel=\"nofollow noopener\" target=\"_blank\"><\/p>\n<p>\nMarika Fingerroos\n<\/p>\n<p class=\"section-date\">\n        <strong class=\"article-section\" data-section=\"kotimaa\"><br \/>\n            kotimaa<br \/>\n        <\/strong><br \/>\n        30.10. 09:58\n    <\/p>\n<p>Marika Fingerroos tylytt\u00e4\u00e4 nuoria naisia trendi-ilmi\u00f6st\u00e4\n    <\/p>\n<p itemprop=\"description\" class=\"subtitle \">\n    Julkkiskaunottarella on painavaa asiaa.\n<\/p>\n<p>        <\/a><\/p>\n<p class=\"article-content article-content-width !bg-background\">\u2013 Back to blonde hair, h\u00e4n kirjoittaa julkaisussaan, joka poistui n\u00e4kyvilt\u00e4 24 tunnin kuluttua julkaisustaan.\u00a0<\/p>\n<p class=\"article-content article-content-width !bg-background\">Lyhyt video on kuvattu autossa auringon jo painuttua mailleen. Olosuhteista johtuen varsinainen lopputulos j\u00e4\u00e4kin viel\u00e4 h\u00e4m\u00e4r\u00e4n peittoon.\u00a0<\/p>\n<p>                <img decoding=\"async\" src=\"https:\/\/www.europesays.com\/fi\/wp-content\/uploads\/2025\/12\/2033390.webp.jpeg\" width=\"576\" height=\"720\" alt=\"Marika ja Martina Aitolehti muodostivat Salarakkaat-duon. N\u00e4ht\u00e4v\u00e4ksi j\u00e4\u00e4, onko Finkku palannut ikoniseen blondiinsa.\" loading=\"lazy\" \/>            <\/p>\n<p>\n            Marika ja Martina Aitolehti muodostivat Salarakkaat-duon. N\u00e4ht\u00e4v\u00e4ksi j\u00e4\u00e4, onko Finkku palannut ikoniseen blondiinsa.<br \/>\n            Timo Korhonen\n        <\/p>\n","protected":false},"excerpt":{"rendered":"(100725) &#8212; Mustasaari, July 10, 2025 \u2013 Marika Fingerroos (Tupila) poses for the camera during her interview for&hellip;\n","protected":false},"author":2,"featured_media":128814,"comment_status":"","ping_status":"","sticky":false,"template":"","format":"standard","meta":{"footnotes":""},"categories":[136],"tags":[10361,407,137,33,31,30,6422,408,7291,4436,3705,4423,651,32,7290,109],"class_list":{"0":"post-128813","1":"post","2":"type-post","3":"status-publish","4":"format-standard","5":"has-post-thumbnail","7":"category-julkkikset","8":"tag-blondi","9":"tag-celebrities","10":"tag-entertainment","11":"tag-fi","12":"tag-finland","13":"tag-finnish","14":"tag-hiukset","15":"tag-julkkikset","16":"tag-marika-fingerroos","17":"tag-muodonmuutos","18":"tag-onlyfans","19":"tag-salarakas","20":"tag-suhteet","21":"tag-suomi","22":"tag-vesa-keskinen","23":"tag-viihde"},"share_on_mastodon":{"url":"https:\/\/pubeurope.com\/@fi\/115807589776537086","error":""},"_links":{"self":[{"href":"https:\/\/www.europesays.com\/fi\/wp-json\/wp\/v2\/posts\/128813","targetHints":{"allow":["GET"]}}],"collection":[{"href":"https:\/\/www.europesays.com\/fi\/wp-json\/wp\/v2\/posts"}],"about":[{"href":"https:\/\/www.europesays.com\/fi\/wp-json\/wp\/v2\/types\/post"}],"author":[{"embeddable":true,"href":"https:\/\/www.europesays.com\/fi\/wp-json\/wp\/v2\/users\/2"}],"replies":[{"embeddable":true,"href":"https:\/\/www.europesays.com\/fi\/wp-json\/wp\/v2\/comments?post=128813"}],"version-history":[{"count":0,"href":"https:\/\/www.europesays.com\/fi\/wp-json\/wp\/v2\/posts\/128813\/revisions"}],"wp:featuredmedia":[{"embeddable":true,"href":"https:\/\/www.europesays.com\/fi\/wp-json\/wp\/v2\/media\/128814"}],"wp:attachment":[{"href":"https:\/\/www.europesays.com\/fi\/wp-json\/wp\/v2\/media?parent=128813"}],"wp:term":[{"taxonomy":"category","embeddable":true,"href":"https:\/\/www.europesays.com\/fi\/wp-json\/wp\/v2\/categories?post=128813"},{"taxonomy":"post_tag","embeddable":true,"href":"https:\/\/www.europesays.com\/fi\/wp-json\/wp\/v2\/tags?post=128813"}],"curies":[{"name":"wp","href":"https:\/\/api.w.org\/{rel}","templated":true}]}}