{"id":128815,"date":"2025-12-30T08:32:07","date_gmt":"2025-12-30T08:32:07","guid":{"rendered":"https:\/\/www.europesays.com\/fi\/128815\/"},"modified":"2025-12-30T08:32:07","modified_gmt":"2025-12-30T08:32:07","slug":"rauman-taidemuseoon-tulossa-paavo-paunun-juhlanayttely","status":"publish","type":"post","link":"https:\/\/www.europesays.com\/fi\/128815\/","title":{"rendered":"Rauman taidemuseoon tulossa Paavo Paunun juhlan\u00e4yttely"},"content":{"rendered":"<p>Taide valtaa Pinnalan huhtikuussa.<\/p>\n<p class=\"article-body mb-nof-24 px-nof-16\">Rauma<\/p>\n<p class=\"article-body mb-nof-24 px-nof-16\">Rauman taidemuseo tarjoaa vuonna 2026 monipuolisen kattauksen taidetta ja tapahtumia. Raumalaisittain kiinnostavin lienee kuvataiteilija <a class=\"font-bold underline-offset-[0.12em] [text-decoration:var(--person-link-text-decoration)] ![text-decoration-color:var(--person-link-text-decoration-color)]\" href=\"https:\/\/www.satakunnankansa.fi\/haku\/?query=Paavo%20Paunun\" rel=\"nofollow noopener\" target=\"_blank\">Paavo Paunun<\/a> 60-vuotisjuhlan\u00e4yttely.<\/p>\n<p class=\"article-body mb-nof-24 px-nof-16\">Raumalla vuodesta 1999 asunut Paunu maalaa, veist\u00e4\u00e4 ja tekee paikkasidonnaisia installaatioita. T\u00f6iden v\u00e4rimaailma on herkk\u00e4 ja aiheet moniselitteisi\u00e4.<\/p>\n","protected":false},"excerpt":{"rendered":"Taide valtaa Pinnalan huhtikuussa. Rauma Rauman taidemuseo tarjoaa vuonna 2026 monipuolisen kattauksen taidetta ja tapahtumia. Raumalaisittain kiinnostavin lienee&hellip;\n","protected":false},"author":2,"featured_media":128816,"comment_status":"","ping_status":"","sticky":false,"template":"","format":"standard","meta":{"footnotes":""},"categories":[135],"tags":[389,387,388,390,137,33,31,30,80,32,394,393,391,392,109],"class_list":{"0":"post-128815","1":"post","2":"type-post","3":"status-publish","4":"format-standard","5":"has-post-thumbnail","7":"category-taiteet-ja-suunnittelu","8":"tag-arts","9":"tag-arts-and-design","10":"tag-artsanddesign","11":"tag-design","12":"tag-entertainment","13":"tag-fi","14":"tag-finland","15":"tag-finnish","16":"tag-satakunnan-kansa","17":"tag-suomi","18":"tag-suunnittelu","19":"tag-taiteet","20":"tag-taiteet-ja-suunnittelu","21":"tag-taiteetsuunnittelu","22":"tag-viihde"},"share_on_mastodon":{"url":"https:\/\/pubeurope.com\/@fi\/115807593587875315","error":""},"_links":{"self":[{"href":"https:\/\/www.europesays.com\/fi\/wp-json\/wp\/v2\/posts\/128815","targetHints":{"allow":["GET"]}}],"collection":[{"href":"https:\/\/www.europesays.com\/fi\/wp-json\/wp\/v2\/posts"}],"about":[{"href":"https:\/\/www.europesays.com\/fi\/wp-json\/wp\/v2\/types\/post"}],"author":[{"embeddable":true,"href":"https:\/\/www.europesays.com\/fi\/wp-json\/wp\/v2\/users\/2"}],"replies":[{"embeddable":true,"href":"https:\/\/www.europesays.com\/fi\/wp-json\/wp\/v2\/comments?post=128815"}],"version-history":[{"count":0,"href":"https:\/\/www.europesays.com\/fi\/wp-json\/wp\/v2\/posts\/128815\/revisions"}],"wp:featuredmedia":[{"embeddable":true,"href":"https:\/\/www.europesays.com\/fi\/wp-json\/wp\/v2\/media\/128816"}],"wp:attachment":[{"href":"https:\/\/www.europesays.com\/fi\/wp-json\/wp\/v2\/media?parent=128815"}],"wp:term":[{"taxonomy":"category","embeddable":true,"href":"https:\/\/www.europesays.com\/fi\/wp-json\/wp\/v2\/categories?post=128815"},{"taxonomy":"post_tag","embeddable":true,"href":"https:\/\/www.europesays.com\/fi\/wp-json\/wp\/v2\/tags?post=128815"}],"curies":[{"name":"wp","href":"https:\/\/api.w.org\/{rel}","templated":true}]}}