{"id":128821,"date":"2025-12-30T08:42:08","date_gmt":"2025-12-30T08:42:08","guid":{"rendered":"https:\/\/www.europesays.com\/fi\/128821\/"},"modified":"2025-12-30T08:42:08","modified_gmt":"2025-12-30T08:42:08","slug":"karstulassa-rakennuskiinnikkeita-valmistava-yhtio-vaihtoi-omistajaa-kauppahinta-on-salaisuus-keski-suomi","status":"publish","type":"post","link":"https:\/\/www.europesays.com\/fi\/128821\/","title":{"rendered":"Karstulassa rakennus\u00adkiinnikkeit\u00e4 valmistava yhti\u00f6 vaihtoi omistajaa \u2013 kauppahinta on salaisuus | Keski-Suomi"},"content":{"rendered":"<p class=\"aw-1gybjub aw-5vja16 kEtdKx kmuxyA yle__article__paragraph\">Mitek Finland on nyky\u00e4\u00e4n Kiinnikepaja. Toiminta jatkuu Karstulassa tavalliseen tapaan.<\/p>\n<p><img decoding=\"async\" alt=\"Ter\u00e4ksisi\u00e4 valesokkelikenki\u00e4 myym\u00e4l\u00e4n hyllyss\u00e4.\" src=\"https:\/\/www.europesays.com\/fi\/wp-content\/uploads\/2025\/12\/39-15603406928035b3308b.jpeg\" class=\"aw-1l9m598 hKVVvP\"\/><\/p>\n<p>Avaa kuvien katselu<\/p>\n<p>Yhti\u00f6 valmistaa esimerkiksi valesokkelikenki\u00e4. Kuva: Eija Linna \/ Yle<\/p>\n<p class=\"aw-1gybjub aw-1p7kakr kEtdKx cEmitX yle__article__paragraph\">Karstulassa rakennuskiinnikkeit\u00e4 valmistava Mitek Finland on vaihtanut omistajaa.<\/p>\n<p class=\"aw-1gybjub aw-1p7kakr kEtdKx cEmitX yle__article__paragraph\">Mitek Finlandin toimiva johto ja pienosakkaat ostivat koko osakekannan joulukuussa, ja yhti\u00f6n nimi on nyky\u00e4\u00e4n Kiinnikepaja.<\/p>\n<p class=\"aw-1gybjub aw-1p7kakr kEtdKx cEmitX yle__article__paragraph\">Ennen yrityskauppaa Mitek Finland toimi Mitek Incin Euroopan johdon alaisuudessa. Mitek Inc on kansainv\u00e4linen rakennusteknologian yhti\u00f6.<\/p>\n<p class=\"aw-1gybjub aw-1p7kakr kEtdKx cEmitX yle__article__paragraph\">Kiinnikepajan myynti- ja markkinointijohtaja <strong class=\"aw-ak79eh KyCXm yle__article__strong\">Harri Larkkonen<\/strong> kertoo, ett\u00e4 kaupan taustalla on Mitek Incin vet\u00e4ytyminen Suomen markkinoilta. Yhti\u00f6ll\u00e4 on aiemmin ollut toimintaa my\u00f6s muualla Suomessa, mutta ennen kauppaa ainoastaan Karstulassa.<\/p>\n<p class=\"aw-1gybjub aw-1p7kakr kEtdKx cEmitX yle__article__paragraph\">Jos yrityskauppaa ei olisi tehty, toiminta olisi Larkkosen mukaan lakannut my\u00f6s Karstulassa.<\/p>\n<p class=\"aw-1gybjub aw-1p7kakr kEtdKx cEmitX yle__article__paragraph\">Larkkonen kertoo, ett\u00e4 rakennuskiinnikkeet eiv\u00e4t nyky\u00e4\u00e4n ole Mitek Incin toiminnan keski\u00f6ss\u00e4, mik\u00e4 selitt\u00e4\u00e4 Suomesta l\u00e4htemist\u00e4.<\/p>\n<p>Toiminta jatkuu Karstulassa<\/p>\n<p class=\"aw-1gybjub aw-1p7kakr kEtdKx cEmitX yle__article__paragraph\">Yrityskaupan j\u00e4lkeen toiminta jatkuu normaalisti, mutta yhti\u00f6 on t\u00e4ysin suomalaisessa omistuksessa.<\/p>\n<p class=\"aw-1gybjub aw-1p7kakr kEtdKx cEmitX yle__article__paragraph\">Larkkonen ei paljasta kaupan hintaa.<\/p>\n<p class=\"aw-1gybjub aw-1p7kakr kEtdKx cEmitX yle__article__paragraph\">H\u00e4n kertoo, ett\u00e4 yrityksess\u00e4 jatkaa kahdeksan ty\u00f6ntekij\u00e4\u00e4. Toimitusjohtaja <strong class=\"aw-ak79eh KyCXm yle__article__strong\">Mika Laine<\/strong> j\u00e4\u00e4 pois vuoden vaihteessa, ja yksi ty\u00f6ntekij\u00e4 siirtyi toisiin teht\u00e4viin.<\/p>\n<p class=\"aw-1gybjub aw-1p7kakr kEtdKx cEmitX yle__article__paragraph\">Kiinnikepaja valmistaa rakennusalan kiinnikkeit\u00e4 ja yksil\u00f6llisi\u00e4 metallituotteita. T\u00e4rkeimpi\u00e4 asiakkaita ovat Larkkosen mukaan taloteollisuus, j\u00e4lleenmyyj\u00e4t ja ammattilaisasiakkaat.<\/p>\n<p class=\"aw-1gybjub aw-1p7kakr kEtdKx cEmitX yle__article__paragraph\">Vuonna 2024 yhti\u00f6n liikevaihto oli 2,6 miljoonaa euroa.<\/p>\n","protected":false},"excerpt":{"rendered":"Mitek Finland on nyky\u00e4\u00e4n Kiinnikepaja. Toiminta jatkuu Karstulassa tavalliseen tapaan. Avaa kuvien katselu Yhti\u00f6 valmistaa esimerkiksi valesokkelikenki\u00e4. Kuva:&hellip;\n","protected":false},"author":2,"featured_media":128822,"comment_status":"","ping_status":"","sticky":false,"template":"","format":"standard","meta":{"footnotes":""},"categories":[76],"tags":[79,77,33,31,30,4506,474,32,78,1053,1356,3323],"class_list":{"0":"post-128821","1":"post","2":"type-post","3":"status-publish","4":"format-standard","5":"has-post-thumbnail","7":"category-talous","8":"tag-business","9":"tag-economy","10":"tag-fi","11":"tag-finland","12":"tag-finnish","13":"tag-karstula","14":"tag-keski-suomi","15":"tag-suomi","16":"tag-talous","17":"tag-teollisuus","18":"tag-yritykset","19":"tag-yrityskaupat"},"share_on_mastodon":{"url":"https:\/\/pubeurope.com\/@fi\/115807633128015864","error":""},"_links":{"self":[{"href":"https:\/\/www.europesays.com\/fi\/wp-json\/wp\/v2\/posts\/128821","targetHints":{"allow":["GET"]}}],"collection":[{"href":"https:\/\/www.europesays.com\/fi\/wp-json\/wp\/v2\/posts"}],"about":[{"href":"https:\/\/www.europesays.com\/fi\/wp-json\/wp\/v2\/types\/post"}],"author":[{"embeddable":true,"href":"https:\/\/www.europesays.com\/fi\/wp-json\/wp\/v2\/users\/2"}],"replies":[{"embeddable":true,"href":"https:\/\/www.europesays.com\/fi\/wp-json\/wp\/v2\/comments?post=128821"}],"version-history":[{"count":0,"href":"https:\/\/www.europesays.com\/fi\/wp-json\/wp\/v2\/posts\/128821\/revisions"}],"wp:featuredmedia":[{"embeddable":true,"href":"https:\/\/www.europesays.com\/fi\/wp-json\/wp\/v2\/media\/128822"}],"wp:attachment":[{"href":"https:\/\/www.europesays.com\/fi\/wp-json\/wp\/v2\/media?parent=128821"}],"wp:term":[{"taxonomy":"category","embeddable":true,"href":"https:\/\/www.europesays.com\/fi\/wp-json\/wp\/v2\/categories?post=128821"},{"taxonomy":"post_tag","embeddable":true,"href":"https:\/\/www.europesays.com\/fi\/wp-json\/wp\/v2\/tags?post=128821"}],"curies":[{"name":"wp","href":"https:\/\/api.w.org\/{rel}","templated":true}]}}