{"id":128823,"date":"2025-12-30T08:43:08","date_gmt":"2025-12-30T08:43:08","guid":{"rendered":"https:\/\/www.europesays.com\/fi\/128823\/"},"modified":"2025-12-30T08:43:08","modified_gmt":"2025-12-30T08:43:08","slug":"venajan-tarkein-juhla-pilalla-lahes-kaikki-meni","status":"publish","type":"post","link":"https:\/\/www.europesays.com\/fi\/128823\/","title":{"rendered":"Ven\u00e4j\u00e4n t\u00e4rkein juhla pilalla: L\u00e4hes kaikki meni"},"content":{"rendered":"<p>Suurin osa Ven\u00e4j\u00e4n kansalaisista ottaa vuoden 2026 vastaan s\u00e4\u00e4st\u00f6kuurilla. Uudenvuoden juhlia perutaan rahapulan vuoksi. <\/p>\n<p><img decoding=\"async\" class=\"image image-show image-preview\" src=\"https:\/\/www.europesays.com\/fi\/wp-content\/uploads\/2025\/12\/1f193ed07e3ac1ef365c07a60a41dfbf01a6853a759f1d7ac333f9cf3cb62974.jpg\" alt=\"\"\/><img decoding=\"async\" class=\"image image-show\" src=\"https:\/\/www.europesays.com\/fi\/wp-content\/uploads\/2025\/12\/1767084188_698_1f193ed07e3ac1ef365c07a60a41dfbf01a6853a759f1d7ac333f9cf3cb62974.jpg\" alt=\"\"\/><\/p>\n<p>Pietarin palatsiaukiolle pysytetty uuden vuoden kuusi. ANATOLY MALTSEV<\/p>\n<p class=\"paragraph\">Ven\u00e4j\u00e4ll\u00e4 uuden vuoden juhlintaa varjostavat taloudelliset vaikeudet.<\/p>\n<p class=\"paragraph\">Uusivuosi on Ven\u00e4j\u00e4n t\u00e4rkein juhlapyh\u00e4, ja sit\u00e4 seuraa tyypillisesti pitk\u00e4 uudenvuoden lomajakso.<\/p>\n<p class=\"paragraph\">Juhlapyh\u00e4\u00e4 vietet\u00e4\u00e4n yleens\u00e4 perheen tai l\u00e4heisten yst\u00e4vien kanssa, runsaalla ruoalla, pitk\u00e4ll\u00e4 illallisella ja lahjoja antaen.<\/p>\n<p class=\"paragraph\">Ven\u00e4l\u00e4inen talouslehti Kommersant <a href=\"https:\/\/www.kommersant.ru\/doc\/8290218\" target=\"_blank\" rel=\"noopener nofollow\">kertoo<\/a>, ett\u00e4 uudenvuoden juhlimiseen k\u00e4ytetyt menot ovat puolittuneet viime vuodesta.<\/p>\n<p class=\"paragraph\">Talousanalyytikot ennustavat, ett\u00e4 t\u00e4n\u00e4 vuonna juhlaa vietet\u00e4\u00e4n s\u00e4\u00e4steli\u00e4\u00e4sti ja vain v\u00e4ltt\u00e4m\u00e4tt\u00f6m\u00e4t palvelut ja tuotteet hankitaan.<\/p>\n<p class=\"paragraph\">Inflaation, hintojen nousun, erityisesti kasvaneiden elintarvike-, asumis- ja vaatekulujen vuoksi ihmiset ovat ottaneet k\u00e4ytt\u00f6\u00f6n s\u00e4\u00e4st\u00f6ohjelman ja rajoittaneet menoja, my\u00f6s uudenvuoden juhlintaan liittyen, sanoo taloustieteen professori <strong>Aleksander Safonov<\/strong>.<\/p>\n<p class=\"paragraph\">\u2013 T\u00e4m\u00e4 on nykyp\u00e4iv\u00e4n trendi. J\u00e4ljelle j\u00e4\u00e4 vain se, mit\u00e4 pidet\u00e4\u00e4n kaikkein t\u00e4rkeimp\u00e4n\u00e4, Safonov kiteytt\u00e4\u00e4.<\/p>\n<p class=\"paragraph\">Uudenvuoden t\u00e4rkein menoer\u00e4 on perinteisesti juhlap\u00f6yt\u00e4, jonka symboleja ovat Olivier-salaatti, kaviaarivoileiv\u00e4t ja mandariinit.<\/p>\n<p class=\"paragraph\">Perinteisen kaviaarin eli sammen m\u00e4din hinta on karannut tavallisten ven\u00e4l\u00e4isten ulottumattomiin jo vuosikymmeni\u00e4 sitten. Nyt samoin on k\u00e4ym\u00e4ss\u00e4 \u201dpunaiselle kaviaarille\u201d eli lohen m\u00e4dille.<\/p>\n<p>Olivier-salaatti on ven\u00e4l\u00e4isen juhlap\u00f6yd\u00e4n klassikko. Victoria Sennikova \/ Alamy Stock Photo<\/p>\n<p class=\"paragraph\">\u2013 Useimmille ven\u00e4l\u00e4isille uudenvuoden juhla-ateria rajoittuu perinteisiin ruokiin kuten Olivier-salaattiin, pieneen valikoimaan juomia ja joihinkin edullisiin vihanneksiin ja hedelmiin, arvioi Safonov.<\/p>\n<p class=\"paragraph\">Olivier-salaatti pysynee juhlap\u00f6yd\u00e4ss\u00e4, sill\u00e4 se koostuu edullisista perusaineksista kuten perunasta, suolakurkusta, munista, makkarasta, porkkanasta ja majoneesista.<\/p>\n<p class=\"paragraph\">\u2013 Olivier-salaatin raaka-aineiden hinnat ovat nousseet toista vuotta per\u00e4kk\u00e4in selv\u00e4sti inflaatiota hitaammin, mik\u00e4 kertoo v\u00e4hitt\u00e4iskauppiaiden tehokkaista toimitusketjuista, v\u00e4itt\u00e4\u00e4 Ven\u00e4j\u00e4n v\u00e4hitt\u00e4iskauppayritysten liiton analyytikko <strong>Stanislav Bogdanov<\/strong>.<\/p>\n<p class=\"paragraph\">Kommersantin haastattelemat analyytikot eiv\u00e4t kuitenkaan pohdi sit\u00e4, mist\u00e4 hintojen nousu, inflaatio ja muut ongelmat johtuvat.<\/p>\n<p class=\"paragraph\">Toisaalla syy sanotaan avoimesti.<\/p>\n<p>Moskovan GUM-tavaratalossa valmistauduttiin uudenvuoden juhliin. MAXIM SHIPENKOV<\/p>\n<p class=\"paragraph\">Ven\u00e4l\u00e4isen talouslehti Vedomostin <a href=\"https:\/\/www.vedomosti.ru\/society\/news\/2025\/12\/11\/1162390-49-kompanii\" target=\"_blank\" rel=\"noopener nofollow\">mukaan<\/a> l\u00e4hes puolet ven\u00e4l\u00e4isyrityksist\u00e4 on luopunut kokonaan uudenvuoden henkil\u00f6st\u00f6juhlista rahapulan vuoksi, ja useilla alueilla viranomaiset ovat kehottaneet ohjaamaan s\u00e4\u00e4styneet varat Ukrainan sotaan.<\/p>\n<p class=\"paragraph\">\u2013 P\u00e4\u00e4teht\u00e4v\u00e4mme on olla heid\u00e4n kanssaan ajatuksissamme ja teoissamme, ei meluisissa juhlissa. Nykyisiss\u00e4 olosuhteissa suurten uudenvuodenjuhlien ja ilotulitusten j\u00e4rjest\u00e4minen on ep\u00e4eettist\u00e4, sanoi Tuvan aluejohtaja <strong>Vladislav Hovalyg<\/strong>.<\/p>\n","protected":false},"excerpt":{"rendered":"Suurin osa Ven\u00e4j\u00e4n kansalaisista ottaa vuoden 2026 vastaan s\u00e4\u00e4st\u00f6kuurilla. Uudenvuoden juhlia perutaan rahapulan vuoksi. Pietarin palatsiaukiolle pysytetty uuden&hellip;\n","protected":false},"author":2,"featured_media":128824,"comment_status":"","ping_status":"","sticky":false,"template":"","format":"standard","meta":{"footnotes":""},"categories":[14],"tags":[35,22,23,2110,26,27,33,31,30,17,3674,14442,24,25,28,29,15,18,21,900,2331,32,19,20,56,16,59,60,61],"class_list":{"0":"post-128823","1":"post","2":"type-post","3":"status-publish","4":"format-standard","5":"has-post-thumbnail","7":"category-ulkomaat","8":"tag-24h","9":"tag-breaking-news","10":"tag-breakingnews","11":"tag-elamantapa-ja-vapaa-aika","12":"tag-featured-news","13":"tag-featurednews","14":"tag-fi","15":"tag-finland","16":"tag-finnish","17":"tag-headlines","18":"tag-juhla-ja-vapaapaivat","19":"tag-kansalliset-ja-kansainvaliset-juhlapaivat","20":"tag-latest-news","21":"tag-latestnews","22":"tag-main-news","23":"tag-mainnews","24":"tag-news","25":"tag-otsikot","26":"tag-paauutiset","27":"tag-ruoka","28":"tag-ruoka-ja-juoma","29":"tag-suomi","30":"tag-top-stories","31":"tag-topstories","32":"tag-ulkomaat","33":"tag-uutiset","34":"tag-world","35":"tag-world-news","36":"tag-worldnews"},"share_on_mastodon":{"url":"https:\/\/pubeurope.com\/@fi\/115807637038310941","error":""},"_links":{"self":[{"href":"https:\/\/www.europesays.com\/fi\/wp-json\/wp\/v2\/posts\/128823","targetHints":{"allow":["GET"]}}],"collection":[{"href":"https:\/\/www.europesays.com\/fi\/wp-json\/wp\/v2\/posts"}],"about":[{"href":"https:\/\/www.europesays.com\/fi\/wp-json\/wp\/v2\/types\/post"}],"author":[{"embeddable":true,"href":"https:\/\/www.europesays.com\/fi\/wp-json\/wp\/v2\/users\/2"}],"replies":[{"embeddable":true,"href":"https:\/\/www.europesays.com\/fi\/wp-json\/wp\/v2\/comments?post=128823"}],"version-history":[{"count":0,"href":"https:\/\/www.europesays.com\/fi\/wp-json\/wp\/v2\/posts\/128823\/revisions"}],"wp:featuredmedia":[{"embeddable":true,"href":"https:\/\/www.europesays.com\/fi\/wp-json\/wp\/v2\/media\/128824"}],"wp:attachment":[{"href":"https:\/\/www.europesays.com\/fi\/wp-json\/wp\/v2\/media?parent=128823"}],"wp:term":[{"taxonomy":"category","embeddable":true,"href":"https:\/\/www.europesays.com\/fi\/wp-json\/wp\/v2\/categories?post=128823"},{"taxonomy":"post_tag","embeddable":true,"href":"https:\/\/www.europesays.com\/fi\/wp-json\/wp\/v2\/tags?post=128823"}],"curies":[{"name":"wp","href":"https:\/\/api.w.org\/{rel}","templated":true}]}}