{"id":128825,"date":"2025-12-30T08:44:07","date_gmt":"2025-12-30T08:44:07","guid":{"rendered":"https:\/\/www.europesays.com\/fi\/128825\/"},"modified":"2025-12-30T08:44:07","modified_gmt":"2025-12-30T08:44:07","slug":"kela-ikava-tieto-opiskelijoille","status":"publish","type":"post","link":"https:\/\/www.europesays.com\/fi\/128825\/","title":{"rendered":"Kela: Ik\u00e4v\u00e4 tieto opiskelijoille"},"content":{"rendered":"<p>Opiskelija-aterioiden hinnat nousevat 1. tammikuuta.<\/p>\n<p><img decoding=\"async\" class=\"image image-show image-preview\" src=\"https:\/\/www.europesays.com\/fi\/wp-content\/uploads\/2025\/12\/9787c83e23696d362376f7884f0d3b184caef8c17ee94f596ed9ed3254150ee9.jpg\" alt=\"\"\/><img decoding=\"async\" class=\"image image-show\" src=\"https:\/\/www.europesays.com\/fi\/wp-content\/uploads\/2025\/12\/1767084247_395_9787c83e23696d362376f7884f0d3b184caef8c17ee94f596ed9ed3254150ee9.jpg\" alt=\"\"\/><\/p>\n<p>Tuettuja opiskelija-aterioita tarjotaan Suomessa 275:ss\u00e4 ravintolassa. Kuvituskuva. Vesa-Matti V\u00e4\u00e4r\u00e4<\/p>\n<p class=\"paragraph\">Opiskelija-aterian hinta nousee vuodenvaihteessa, tiedottaa Kela.<\/p>\n<p class=\"paragraph\">Ateriatukea korotetaan aiemmasta 2,55 eurosta 2,80 euroon ja jatkossa opiskelija maksaa tuetusta ateriasta 3,10 euroa eli 15 sentti\u00e4 aiempaa enemm\u00e4n. Kelan mukaan p\u00e4\u00e4t\u00f6ksen taustalla on kustannusten nousu.<\/p>\n<p class=\"paragraph\">\u2013 Vaikka opiskelijalle j\u00e4\u00e4 enemm\u00e4n maksettavaa, on opiskelija-ateria edelleen edullinen, sanoo Kelan opintotukiryhm\u00e4n suunnittelija <strong>Sari Miettunen<\/strong> tiedotteessa.<\/p>\n<p class=\"paragraph\">Erikoisannos maksaa jatkossa opiskelijoille 4,50\u20135,90 euroa, mik\u00e4 on 25\u201330 sentti\u00e4 aiempaa enemm\u00e4n. Erikoisannokset valmistetaan kalliimmista raaka-aineista kuin tavalliset ateriat.<\/p>\n<p class=\"paragraph\">Kelan mukaan tuettuja aterioita myytiin vuonna 2024 yhteens\u00e4 12,3\u00a0miljoonaa kappaletta. Kela kannustaa opiskelijoita hy\u00f6dynt\u00e4m\u00e4\u00e4n tuettua lounasta.<\/p>\n<p class=\"paragraph\">\u2013 Opiskelijaravintolassa tarjotaan ruokaa, joka tukee jaksamista ja opiskeluvireytt\u00e4. Lis\u00e4ksi yhteinen ruokailuhetki tuo rytmi\u00e4 p\u00e4iv\u00e4\u00e4n, vahvistaa yhteis\u00f6llisyytt\u00e4 ja tarjoaa mahdollisuuden kohdata opiskelukavereita rennossa ymp\u00e4rist\u00f6ss\u00e4.<\/p>\n","protected":false},"excerpt":{"rendered":"Opiskelija-aterioiden hinnat nousevat 1. tammikuuta. Tuettuja opiskelija-aterioita tarjotaan Suomessa 275:ss\u00e4 ravintolassa. Kuvituskuva. Vesa-Matti V\u00e4\u00e4r\u00e4 Opiskelija-aterian hinta nousee vuodenvaihteessa,&hellip;\n","protected":false},"author":2,"featured_media":128826,"comment_status":"","ping_status":"","sticky":false,"template":"","format":"standard","meta":{"footnotes":""},"categories":[12],"tags":[35,22,23,26,27,33,31,30,17,615,96,757,24,25,28,29,15,18,21,900,2331,32,19,20,16],"class_list":{"0":"post-128825","1":"post","2":"type-post","3":"status-publish","4":"format-standard","5":"has-post-thumbnail","7":"category-suomi","8":"tag-24h","9":"tag-breaking-news","10":"tag-breakingnews","11":"tag-featured-news","12":"tag-featurednews","13":"tag-fi","14":"tag-finland","15":"tag-finnish","16":"tag-headlines","17":"tag-koulut","18":"tag-koulutus","19":"tag-koulutus-ja-kasvatus","20":"tag-latest-news","21":"tag-latestnews","22":"tag-main-news","23":"tag-mainnews","24":"tag-news","25":"tag-otsikot","26":"tag-paauutiset","27":"tag-ruoka","28":"tag-ruoka-ja-juoma","29":"tag-suomi","30":"tag-top-stories","31":"tag-topstories","32":"tag-uutiset"},"share_on_mastodon":{"url":"https:\/\/pubeurope.com\/@fi\/115807640883059455","error":""},"_links":{"self":[{"href":"https:\/\/www.europesays.com\/fi\/wp-json\/wp\/v2\/posts\/128825","targetHints":{"allow":["GET"]}}],"collection":[{"href":"https:\/\/www.europesays.com\/fi\/wp-json\/wp\/v2\/posts"}],"about":[{"href":"https:\/\/www.europesays.com\/fi\/wp-json\/wp\/v2\/types\/post"}],"author":[{"embeddable":true,"href":"https:\/\/www.europesays.com\/fi\/wp-json\/wp\/v2\/users\/2"}],"replies":[{"embeddable":true,"href":"https:\/\/www.europesays.com\/fi\/wp-json\/wp\/v2\/comments?post=128825"}],"version-history":[{"count":0,"href":"https:\/\/www.europesays.com\/fi\/wp-json\/wp\/v2\/posts\/128825\/revisions"}],"wp:featuredmedia":[{"embeddable":true,"href":"https:\/\/www.europesays.com\/fi\/wp-json\/wp\/v2\/media\/128826"}],"wp:attachment":[{"href":"https:\/\/www.europesays.com\/fi\/wp-json\/wp\/v2\/media?parent=128825"}],"wp:term":[{"taxonomy":"category","embeddable":true,"href":"https:\/\/www.europesays.com\/fi\/wp-json\/wp\/v2\/categories?post=128825"},{"taxonomy":"post_tag","embeddable":true,"href":"https:\/\/www.europesays.com\/fi\/wp-json\/wp\/v2\/tags?post=128825"}],"curies":[{"name":"wp","href":"https:\/\/api.w.org\/{rel}","templated":true}]}}