{"id":128829,"date":"2025-12-30T08:50:36","date_gmt":"2025-12-30T08:50:36","guid":{"rendered":"https:\/\/www.europesays.com\/fi\/128829\/"},"modified":"2025-12-30T08:50:36","modified_gmt":"2025-12-30T08:50:36","slug":"upm-kymin-tehtaalta-karkasi-lipeavesiseosta-kymijokeen-kymenlaakso","status":"publish","type":"post","link":"https:\/\/www.europesays.com\/fi\/128829\/","title":{"rendered":"UPM Kymin tehtaalta karkasi lipe\u00e4vesiseosta Kymijokeen | Kymenlaakso"},"content":{"rendered":"<p class=\"aw-1gybjub aw-5vja16 kEtdKx kmuxyA yle__article__paragraph\">J\u00e4tevesien valuminen jokeen saatiin pys\u00e4ytetty\u00e4 maanantaina aamulla.<\/p>\n<p><img decoding=\"async\" alt=\"UPM Kymin tehdasalue rannalta kuvattuna.\" src=\"https:\/\/www.europesays.com\/fi\/wp-content\/uploads\/2025\/12\/39-9450866262a4f84d2a6.jpeg\" class=\"aw-1l9m598 hKVVvP\"\/><\/p>\n<p>Avaa kuvien katselu<\/p>\n<p>Veteen p\u00e4\u00e4sseess\u00e4 seoksessa on selluprosessin eri vaiheissa k\u00e4ytettyj\u00e4 em\u00e4ksisi\u00e4 liuoksia. Kuva: Antro Valo \/ Yle<\/p>\n<p class=\"aw-1gybjub aw-1p7kakr kEtdKx cEmitX yle__article__paragraph\">UPM:n Kymin sellutehtaalta on p\u00e4\u00e4ssyt lipe\u00e4vesiseosta Kymijokeen Kouvolan Kuusankoskella. Seos oli p\u00e4\u00e4ssyt valumaan yli j\u00e4tevedenpuhdistamon varoaltaasta.<\/p>\n<p class=\"aw-1gybjub aw-1p7kakr kEtdKx cEmitX yle__article__paragraph\">Lipe\u00e4vesiseoksessa on sellunvalmistukseen kuuluvia j\u00e4tevesi\u00e4 prosessin eri vaiheista. Seoksen tarkempi analyysi on viel\u00e4 kesken. Jokeen valuneen seoksen m\u00e4\u00e4r\u00e4st\u00e4 ei my\u00f6sk\u00e4\u00e4n ole tietoa.<\/p>\n<p class=\"aw-1gybjub aw-1p7kakr kEtdKx cEmitX yle__article__paragraph\">\u2013 Varo-altaasta vuotaneen veden m\u00e4\u00e4r\u00e4n ja koostumuksen selvitysty\u00f6 on k\u00e4ynniss\u00e4. Kokonaiskuormitusta lasketaan parhaillaan ja analysoidaan laboratoriossa seoksen koostumusta, sanoo UPM Kymin integraatin ja sellutehtaan johtaja <strong class=\"aw-ak79eh KyCXm yle__article__strong\">Vesa Volmari<\/strong>.<\/p>\n<p class=\"aw-1gybjub aw-1p7kakr kEtdKx cEmitX yle__article__paragraph\">Sunnuntaina iltap\u00e4iv\u00e4ll\u00e4 alkanut valuma havaittiin t\u00e4n\u00e4 aamuna tehtaan omassa valvonnassa. UPM Kymill\u00e4 aloitettiin v\u00e4litt\u00f6m\u00e4sti toimenpiteet valumisen pys\u00e4ytt\u00e4miseksi, ja se saatiin pys\u00e4ytetty\u00e4 aamun aikana.<\/p>\n<p>Teknisen h\u00e4iri\u00f6n syy selvitet\u00e4\u00e4n<\/p>\n<p class=\"aw-1gybjub aw-1p7kakr kEtdKx cEmitX yle__article__paragraph\">Vahinko johtui teknisest\u00e4 h\u00e4iri\u00f6st\u00e4 varoaltaan pintaa mittaavassa anturissa. Kymijokeen valunut lipe\u00e4vesiseos aiheutti v\u00e4liaikaisen pH arvon nousun tehtaan l\u00e4heisyydess\u00e4.<\/p>\n<p class=\"aw-1gybjub aw-1p7kakr kEtdKx cEmitX yle__article__paragraph\">\u2013 Veden pH on noussut yhdest\u00e4 kahteen yksikk\u00f6\u00e4 purkausputken l\u00e4heisyydess\u00e4, sanoo Vesa Volmari.<\/p>\n<p class=\"aw-1gybjub aw-1p7kakr kEtdKx cEmitX yle__article__paragraph\">UPM ty\u00f6skentelee yhteisty\u00f6ss\u00e4 ymp\u00e4rist\u00f6viranomaisten kanssa ja seuraa pH arvon normalisoitumista. Tilanteeseen johtaneet syyt selvitet\u00e4\u00e4n ja korjaavat toimenpiteet tehd\u00e4\u00e4n vastaavien tilanteiden est\u00e4miseksi tulevaisuudessa.<\/p>\n","protected":false},"excerpt":{"rendered":"J\u00e4tevesien valuminen jokeen saatiin pys\u00e4ytetty\u00e4 maanantaina aamulla. Avaa kuvien katselu Veteen p\u00e4\u00e4sseess\u00e4 seoksessa on selluprosessin eri vaiheissa k\u00e4ytettyj\u00e4&hellip;\n","protected":false},"author":2,"featured_media":128830,"comment_status":"","ping_status":"","sticky":false,"template":"","format":"standard","meta":{"footnotes":""},"categories":[113],"tags":[446,33,31,30,22838,737,8800,464,18430,2256,118,32,119,447],"class_list":{"0":"post-128829","1":"post","2":"type-post","3":"status-publish","4":"format-standard","5":"has-post-thumbnail","7":"category-ymparisto","8":"tag-environment","9":"tag-fi","10":"tag-finland","11":"tag-finnish","12":"tag-jateveden-kasittely","13":"tag-kouvola","14":"tag-kuusankoski","15":"tag-kymenlaakso","16":"tag-kymijoki","17":"tag-metsa-ja-paperiteollisuus","18":"tag-science","19":"tag-suomi","20":"tag-tiede","21":"tag-ymparisto"},"share_on_mastodon":{"url":"https:\/\/pubeurope.com\/@fi\/115807664397549514","error":""},"_links":{"self":[{"href":"https:\/\/www.europesays.com\/fi\/wp-json\/wp\/v2\/posts\/128829","targetHints":{"allow":["GET"]}}],"collection":[{"href":"https:\/\/www.europesays.com\/fi\/wp-json\/wp\/v2\/posts"}],"about":[{"href":"https:\/\/www.europesays.com\/fi\/wp-json\/wp\/v2\/types\/post"}],"author":[{"embeddable":true,"href":"https:\/\/www.europesays.com\/fi\/wp-json\/wp\/v2\/users\/2"}],"replies":[{"embeddable":true,"href":"https:\/\/www.europesays.com\/fi\/wp-json\/wp\/v2\/comments?post=128829"}],"version-history":[{"count":0,"href":"https:\/\/www.europesays.com\/fi\/wp-json\/wp\/v2\/posts\/128829\/revisions"}],"wp:featuredmedia":[{"embeddable":true,"href":"https:\/\/www.europesays.com\/fi\/wp-json\/wp\/v2\/media\/128830"}],"wp:attachment":[{"href":"https:\/\/www.europesays.com\/fi\/wp-json\/wp\/v2\/media?parent=128829"}],"wp:term":[{"taxonomy":"category","embeddable":true,"href":"https:\/\/www.europesays.com\/fi\/wp-json\/wp\/v2\/categories?post=128829"},{"taxonomy":"post_tag","embeddable":true,"href":"https:\/\/www.europesays.com\/fi\/wp-json\/wp\/v2\/tags?post=128829"}],"curies":[{"name":"wp","href":"https:\/\/api.w.org\/{rel}","templated":true}]}}