{"id":128833,"date":"2025-12-30T09:00:07","date_gmt":"2025-12-30T09:00:07","guid":{"rendered":"https:\/\/www.europesays.com\/fi\/128833\/"},"modified":"2025-12-30T09:00:07","modified_gmt":"2025-12-30T09:00:07","slug":"paratiisin-paluumuuttaja-on-murha-paratiisissa-sarjan-hauska-spin-off","status":"publish","type":"post","link":"https:\/\/www.europesays.com\/fi\/128833\/","title":{"rendered":"Paratiisin paluumuuttaja on Murha paratiisissa -sarjan hauska spin-off"},"content":{"rendered":"<p>\n  Paratiisin paluumuuttaja on\u00a0emosarjansa tapaan nokkelasti kirjoitettu perinteinen kuka sen teki\u00a0-murhamysteeri.\u00a0<\/p>\n<p>Mik\u00e4li Ylen\u00a0uusi iltap\u00e4iv\u00e4sarja\u00a0Paratiisin paluumuuttaja\u00a0tuntuu rakenteeltaan tutulta, se ei ole ihme. Se\u00a0on nimitt\u00e4in j\u00e4rjestyksess\u00e4 toinen\u00a0suositun\u00a0Murha paratiisissa\u00a0-sarjan\u00a0spin-off.\u00a0<\/p>\n<p>Brittil\u00e4is-australialaisena yhteistuotantona valmistuneen sarjan p\u00e4\u00e4henkil\u00f6 on Lontoossa ty\u00f6skentelev\u00e4 rikoskomisario Mackenzie Clarke (<strong>Anna\u00a0Samson<\/strong>). H\u00e4n palaa kotikaupunkiinsa\u00a0Dolphin\u00a0Coveen\u00a0Australiassa vuokratakseen \u00e4itins\u00e4 talon.\u00a0<\/p>\n<p>Ep\u00e4sosiaalinen mutta nerokas Mackenzie on sotkenut asiansa aikoinaan\u00a0Dolphin\u00a0Covessa\u00a0ja my\u00f6hemmin my\u00f6s Lontoossa. H\u00e4nen saapumisensa aikoihin\u00a0Dolphin\u00a0Coven\u00a0nokkamiehiin kuulunut kiinteist\u00f6nv\u00e4litt\u00e4j\u00e4 murhataan, eik\u00e4 Mackenzie malta pysy\u00e4 jutusta erossa.\u00a0<\/p>\n<p>Kuusiosainen komediallinen rikossarja luo pieni\u00e4\u00a0hauskoja\u00a0muunnelmia\u00a0Murha\u00a0paratiisissa\u00a0-kaavaan. Se\u00a0onnistuu ainakin siin\u00e4, ett\u00e4 se\u00a0on\u00a0joka jaksoltaan\u00a0emosarjansa tapaan nokkelasti kirjoitettu perinteinen kuka sen teki\u00a0-murhamysteeri.\u00a0<\/p>\n<p>Niit\u00e4h\u00e4n ei liiemm\u00e4lti en\u00e4\u00e4 nyky\u00e4\u00e4n tapaa edes salapoliisiromaaneissa.<\/p>\n<p>Sarjalle on jo tehty toinen kausi, ja kolmaskin on kehitteill\u00e4.<\/p>\n<p>Paratiisin paluumuuttaja, tiistai 30.12. klo 17.01, <a href=\"https:\/\/areena.yle.fi\/1-75052097\" target=\"_blank\" rel=\"noreferrer noopener nofollow\">TV1<\/a><\/p>\n","protected":false},"excerpt":{"rendered":"Paratiisin paluumuuttaja on\u00a0emosarjansa tapaan nokkelasti kirjoitettu perinteinen kuka sen teki\u00a0-murhamysteeri.\u00a0 Mik\u00e4li Ylen\u00a0uusi iltap\u00e4iv\u00e4sarja\u00a0Paratiisin paluumuuttaja\u00a0tuntuu rakenteeltaan tutulta, se ei&hellip;\n","protected":false},"author":2,"featured_media":128834,"comment_status":"","ping_status":"","sticky":false,"template":"","format":"standard","meta":{"footnotes":""},"categories":[133],"tags":[6606,137,33,31,30,1042,22839,21204,32,206,156,109],"class_list":{"0":"post-128833","1":"post","2":"type-post","3":"status-publish","4":"format-standard","5":"has-post-thumbnail","7":"category-televisiot","8":"tag-dekkari","9":"tag-entertainment","10":"tag-fi","11":"tag-finland","12":"tag-finnish","13":"tag-komedia","14":"tag-murhamysteerit","15":"tag-rikossarjat","16":"tag-suomi","17":"tag-televisiot","18":"tag-tv","19":"tag-viihde"},"share_on_mastodon":{"url":"https:\/\/pubeurope.com\/@fi\/115807703686492889","error":""},"_links":{"self":[{"href":"https:\/\/www.europesays.com\/fi\/wp-json\/wp\/v2\/posts\/128833","targetHints":{"allow":["GET"]}}],"collection":[{"href":"https:\/\/www.europesays.com\/fi\/wp-json\/wp\/v2\/posts"}],"about":[{"href":"https:\/\/www.europesays.com\/fi\/wp-json\/wp\/v2\/types\/post"}],"author":[{"embeddable":true,"href":"https:\/\/www.europesays.com\/fi\/wp-json\/wp\/v2\/users\/2"}],"replies":[{"embeddable":true,"href":"https:\/\/www.europesays.com\/fi\/wp-json\/wp\/v2\/comments?post=128833"}],"version-history":[{"count":0,"href":"https:\/\/www.europesays.com\/fi\/wp-json\/wp\/v2\/posts\/128833\/revisions"}],"wp:featuredmedia":[{"embeddable":true,"href":"https:\/\/www.europesays.com\/fi\/wp-json\/wp\/v2\/media\/128834"}],"wp:attachment":[{"href":"https:\/\/www.europesays.com\/fi\/wp-json\/wp\/v2\/media?parent=128833"}],"wp:term":[{"taxonomy":"category","embeddable":true,"href":"https:\/\/www.europesays.com\/fi\/wp-json\/wp\/v2\/categories?post=128833"},{"taxonomy":"post_tag","embeddable":true,"href":"https:\/\/www.europesays.com\/fi\/wp-json\/wp\/v2\/tags?post=128833"}],"curies":[{"name":"wp","href":"https:\/\/api.w.org\/{rel}","templated":true}]}}