{"id":128843,"date":"2025-12-30T09:09:11","date_gmt":"2025-12-30T09:09:11","guid":{"rendered":"https:\/\/www.europesays.com\/fi\/128843\/"},"modified":"2025-12-30T09:09:11","modified_gmt":"2025-12-30T09:09:11","slug":"trumpin-mukaan-israel-on-pitanyt-kiinni-gazan-rauhansuunnitelmasta-netanjahu-palkitsi-presidentin-israel-palkinnolla","status":"publish","type":"post","link":"https:\/\/www.europesays.com\/fi\/128843\/","title":{"rendered":"Trumpin mukaan Israel on pit\u00e4nyt kiinni Gazan rauhansuunnitelmasta \u2013 Netanjahu palkitsi presidentin Israel-palkinnolla"},"content":{"rendered":"<p>Gazan terveysministeri\u00f6n mukaan Israel on surmannut kaistalla yli 410 palestiinalaista aselevon alkamisen j\u00e4lkeen.<\/p>\n<p class=\"article-body mb-nof-24 px-nof-16\">Yhdysvaltain presidentti <a class=\"font-bold underline-offset-[0.12em] [text-decoration:var(--person-link-text-decoration)] ![text-decoration-color:var(--person-link-text-decoration-color)]\" href=\"https:\/\/www.aamulehti.fi\/haku\/?query=Donald%20Trumpin\" rel=\"nofollow noopener\" target=\"_blank\">Donald Trumpin<\/a> mukaan Israel on pit\u00e4nyt kiinni Gazan rauhansuunnitelman noudattamisesta.<\/p>\n<p class=\"article-body mb-nof-24 px-nof-16\">Trump kommentoi asiaa <a class=\"underline underline-offset-[0.12em] [text-decoration-thickness:var(--generic-link-underline-thickness)] [text-decoration-color:var(--generic-link-underline-color)] [text-decoration-skip-ink:var(--generic-link-underline-skip-ink)] break-words\" href=\"https:\/\/www.youtube.com\/live\/CJq1ijIQu1w?si=UJxJrENtyd3ZXeta&amp;t=417\" rel=\"nofollow noopener\" target=\"_blank\">tiedotustilaisuudessa<\/a> maanantaina tavattuaan Israelin p\u00e4\u00e4ministerin <a class=\"font-bold underline-offset-[0.12em] [text-decoration:var(--person-link-text-decoration)] ![text-decoration-color:var(--person-link-text-decoration-color)]\" href=\"https:\/\/www.aamulehti.fi\/haku\/?query=Benjamin%20Netanjahun\" rel=\"nofollow noopener\" target=\"_blank\">Benjamin Netanjahun <\/a>Floridassa.<\/p>\n<p class=\"article-body mb-nof-24 px-nof-16\">Trumpilta kysyttiin, onko h\u00e4n huolissaan siit\u00e4, ettei Israel ole edennyt tarpeeksi nopeasti rauhansuunnitelman seuraavaan vaiheeseen.<\/p>\n<p class=\"article-body mb-nof-24 px-nof-16\">\u201dEn ole huolissani mist\u00e4\u00e4n, mit\u00e4 Israel tekee. Olen huolissani, mit\u00e4 muut ihmiset tekev\u00e4t tai ehk\u00e4 j\u00e4tt\u00e4v\u00e4t tekem\u00e4tt\u00e4. He (Israel) ovat pit\u00e4neet kiinni suunnitelmasta\u201d, Trump vastasi.<\/p>\n<p class=\"article-body mb-nof-24 px-nof-16\">Trump vaati palestiinalaista \u00e4\u00e4rij\u00e4rjest\u00f6 Hamasia luopumaan aseista ja uhkasi vastatoimilla, jos aseistariisuntaa ei tapahdu.<\/p>\n<p class=\"article-body mb-nof-24 px-nof-16\">Israelin ja Hamasin syksyll\u00e4 solmima aselepo on ollut hauras. Osapuolet ovat syytt\u00e4neet toisiaan aseleporikkomuksista.<\/p>\n<p class=\"article-body mb-nof-24 px-nof-16\">Hamasin alaisen Gazan terveysministeri\u00f6n <a class=\"underline underline-offset-[0.12em] [text-decoration-thickness:var(--generic-link-underline-thickness)] [text-decoration-color:var(--generic-link-underline-color)] [text-decoration-skip-ink:var(--generic-link-underline-skip-ink)] break-words\" href=\"https:\/\/t.me\/MOHMediaGaza\/7203\" rel=\"nofollow\">mukaan<\/a> Israel on surmannut Gazassa yli 410 palestiinalaista aselevon alkamisen j\u00e4lkeen. Israelin asevoimien mukaan kolme sen sotilasta on saanut surmansa aselevon alettua.<\/p>\n<p class=\"article-body mb-nof-24 px-nof-16\">Trumpin mukaan rauhansuunnitelma ei olisi ollut mahdollinen ilman kes\u00e4ll\u00e4 tehtyj\u00e4 iskuja Iraniin. Tiedotustilaisuudessa h\u00e4n uhkasi uusilla iskuilla Iraniin, jos Iran vaikuttaisi j\u00e4lleen pyrkiv\u00e4n valmistamaan ydinaseita.<\/p>\n<p>Trumpille Israel-palkinto<\/p>\n<p class=\"article-body mb-nof-24 px-nof-16\">Vierailun yhteydess\u00e4 ilmoitettiin, ett\u00e4 Israelin valtio my\u00f6nt\u00e4\u00e4 Trumpille Israel-palkinnon. Kyseinen palkinto on Israelin korkein siviileille my\u00f6nnett\u00e4v\u00e4 kunnianosoitus.<\/p>\n<p class=\"article-body mb-nof-24 px-nof-16\">Perinteisesti palkinto on my\u00f6nnetty Israelin kansalaisille. Trumpista tulee toinen ulkomaalainen, joka palkinnon saa.<\/p>\n<p class=\"article-body mb-nof-24 px-nof-16\">Netanjahun mukaan palkinnon my\u00f6nt\u00e4minen Trumpille kuvastaa laajalti israelilaisten mielipidett\u00e4.<\/p>\n<p class=\"article-body mb-nof-24 px-nof-16\">\u201dHe arvostavat, mit\u00e4 olet tehnyt auttaaksesi Israelia sek\u00e4 auttaaksesi yhteisess\u00e4 taistelussa terroristeja vastaan\u201d, Netanjahu sanoi.<\/p>\n<p class=\"article-body mb-nof-24 px-nof-16\">Trump sanoi olevansa yll\u00e4ttynyt palkinnosta ja sanoi arvostavansa sit\u00e4.<\/p>\n<p class=\"article-body mb-nof-24 px-nof-16\">Toisen presidenttikautensa aikana Trump on pyrkinyt luomaan itsest\u00e4\u00e4n kuvaa rauhanneuvottelijana. Trump on v\u00e4itt\u00e4nyt, ettei h\u00e4nt\u00e4 kiinnosta Nobelin rauhanpalkinnon saaminen. H\u00e4n on toistuvasti my\u00f6s sanonut, ett\u00e4 h\u00e4n ansaitsisi sen.<\/p>\n","protected":false},"excerpt":{"rendered":"Gazan terveysministeri\u00f6n mukaan Israel on surmannut kaistalla yli 410 palestiinalaista aselevon alkamisen j\u00e4lkeen. Yhdysvaltain presidentti Donald Trumpin mukaan&hellip;\n","protected":false},"author":2,"featured_media":128844,"comment_status":"","ping_status":"","sticky":false,"template":"","format":"standard","meta":{"footnotes":""},"categories":[14],"tags":[157,22,23,26,27,33,31,30,17,24,25,28,29,15,18,21,32,19,20,56,16,59,60,61],"class_list":{"0":"post-128843","1":"post","2":"type-post","3":"status-publish","4":"format-standard","5":"has-post-thumbnail","7":"category-ulkomaat","8":"tag-aamulehti","9":"tag-breaking-news","10":"tag-breakingnews","11":"tag-featured-news","12":"tag-featurednews","13":"tag-fi","14":"tag-finland","15":"tag-finnish","16":"tag-headlines","17":"tag-latest-news","18":"tag-latestnews","19":"tag-main-news","20":"tag-mainnews","21":"tag-news","22":"tag-otsikot","23":"tag-paauutiset","24":"tag-suomi","25":"tag-top-stories","26":"tag-topstories","27":"tag-ulkomaat","28":"tag-uutiset","29":"tag-world","30":"tag-world-news","31":"tag-worldnews"},"share_on_mastodon":{"url":"https:\/\/pubeurope.com\/@fi\/115807739157387225","error":""},"_links":{"self":[{"href":"https:\/\/www.europesays.com\/fi\/wp-json\/wp\/v2\/posts\/128843","targetHints":{"allow":["GET"]}}],"collection":[{"href":"https:\/\/www.europesays.com\/fi\/wp-json\/wp\/v2\/posts"}],"about":[{"href":"https:\/\/www.europesays.com\/fi\/wp-json\/wp\/v2\/types\/post"}],"author":[{"embeddable":true,"href":"https:\/\/www.europesays.com\/fi\/wp-json\/wp\/v2\/users\/2"}],"replies":[{"embeddable":true,"href":"https:\/\/www.europesays.com\/fi\/wp-json\/wp\/v2\/comments?post=128843"}],"version-history":[{"count":0,"href":"https:\/\/www.europesays.com\/fi\/wp-json\/wp\/v2\/posts\/128843\/revisions"}],"wp:featuredmedia":[{"embeddable":true,"href":"https:\/\/www.europesays.com\/fi\/wp-json\/wp\/v2\/media\/128844"}],"wp:attachment":[{"href":"https:\/\/www.europesays.com\/fi\/wp-json\/wp\/v2\/media?parent=128843"}],"wp:term":[{"taxonomy":"category","embeddable":true,"href":"https:\/\/www.europesays.com\/fi\/wp-json\/wp\/v2\/categories?post=128843"},{"taxonomy":"post_tag","embeddable":true,"href":"https:\/\/www.europesays.com\/fi\/wp-json\/wp\/v2\/tags?post=128843"}],"curies":[{"name":"wp","href":"https:\/\/api.w.org\/{rel}","templated":true}]}}