{"id":128851,"date":"2025-12-30T09:26:08","date_gmt":"2025-12-30T09:26:08","guid":{"rendered":"https:\/\/www.europesays.com\/fi\/128851\/"},"modified":"2025-12-30T09:26:08","modified_gmt":"2025-12-30T09:26:08","slug":"temptation-islandista-tuttu-anna-teki-uskomattoman-muodonmuutoksen-kertoo-nyt-miksi","status":"publish","type":"post","link":"https:\/\/www.europesays.com\/fi\/128851\/","title":{"rendered":"Temptation Islandista tuttu Anna teki uskomattoman muodonmuutoksen \u2013 Kertoo nyt miksi"},"content":{"rendered":"<p>Temptation Islandista julkisuuteen ponnahtanutta Anna Roinista ei ole tunnistaa tuoreista kuvista. Nyt h\u00e4n kertoo Ilta-Sanomille muodonmuutoksen taustoista. <\/p>\n<p><img decoding=\"async\" class=\"image image-show image-preview\" src=\"https:\/\/www.europesays.com\/fi\/wp-content\/uploads\/2025\/12\/2d36131a567d70577c7fc6ac697a8a723a5619e1df771b972f1b7829091e644f.jpg\" alt=\"\"\/><img decoding=\"async\" class=\"image image-show\" src=\"https:\/\/www.europesays.com\/fi\/wp-content\/uploads\/2025\/12\/1767086768_880_2d36131a567d70577c7fc6ac697a8a723a5619e1df771b972f1b7829091e644f.jpg\" alt=\"\"\/><\/p>\n<p>Tv:ss\u00e4 Anna Roininen on n\u00e4hty muun muassa Sinkut paljaana -ohjelmassa, jossa h\u00e4n kertoi esimerkiksi Onlyfans-urastaan.  Yle<\/p>\n<p class=\"paragraph\">Temptation Island Suomi -ohjelmasta tuttu <strong>Anna Roininen<\/strong>, 26, on k\u00e4ynyt l\u00e4pi todellisen muodonmuutoksen.<\/p>\n<p class=\"paragraph\">Anna osallistui ohjelman yhdeks\u00e4nnelle tuotantokaudelle silloisen kumppaninsa Ville-Pekan eli VP:n kanssa. Ohjelmaa kuvattiin tuolloin poikkeuksellisesti Levill\u00e4 koronapandemian vuoksi.<\/p>\n<p class=\"paragraph\">Sittemmin Anna n\u00e4htiin my\u00f6s <a href=\"https:\/\/www.iltalehti.fi\/tv-ja-leffat\/646faf9e-a19b-4471-aeb7-8f4e6f643ede\" rel=\"nofollow noopener\" target=\"_blank\">Sinkut paljaana -ohjelmassa<\/a>. Nyt tv:st\u00e4 tuttua Annaa ei ole tunnistaa h\u00e4nen tuoreista somekuvistaan.<\/p>\n<p class=\"paragraph\">Siin\u00e4 miss\u00e4 tv:ss\u00e4 h\u00e4net totuttiin n\u00e4kem\u00e4\u00e4n vaaleissa pitkiss\u00e4 hiuksissa ja mekoissa ja korkokengiss\u00e4, t\u00e4t\u00e4 nyky\u00e4 h\u00e4n viihtyy mustissa lyhyiss\u00e4 hiuksissa ja tummissa hihattomissa paidoissa.<\/p>\n<p class=\"paragraph\">Lis\u00e4ksi Annan keho on muuttunut. Tuoreissa kuvissa h\u00e4n poseeraa muun muassa esitellen k\u00e4sivarsiensa lihaksia.<\/p>\n<p class=\"paragraph\">Anna kertoo nyt <a href=\"https:\/\/www.is.fi\/viihde\/art-2000011638271.html\" rel=\"noopener nofollow\" target=\"_blank\">Ilta-Sanomille<\/a> ulkoisen ja sis\u00e4isen muutoksensa taustoista. Muutos on ollut niin suuri, ett\u00e4 ihmiset ovat ihmetelleet radikaalia k\u00e4\u00e4nnett\u00e4.<\/p>\n<p class=\"paragraph\">H\u00e4n toteaa pit\u00e4v\u00e4ns\u00e4 erilaisista estetiikoista ja kokeiluista, mutta pinnan alla on tapahtunut paljon.<\/p>\n<p>Temptation Island Suomi -ohjelman 9. tuotantokaudella Anna n\u00e4htiin vuonna 2021.  Lars Johnson\/Nelonen<\/p>\n<p class=\"paragraph\">H\u00e4n kertoo IS:lle j\u00e4tt\u00e4neens\u00e4 kolmisen vuotta sitten alkoholin. Raitis el\u00e4m\u00e4 nosti pintaan my\u00f6s alkoholilla turrutettuja tunteita. Sellaisia, joita h\u00e4n oli alkoholin avulla paennut.<\/p>\n<p class=\"paragraph\">\u2013 Jossain vaiheessa rupesi tajumaan, ett\u00e4 en olekaan en\u00e4\u00e4 niin surullinen ja vihainen ja peloissaan. Ja ei inhoakaan sit\u00e4 omaa kehoa, Anna muistelee.<\/p>\n<p class=\"paragraph\">Jos julkaisu ei n\u00e4y, voit katsoa sen <a href=\"https:\/\/www.instagram.com\/p\/DPyYQXyiCVQ\/?img_index=1\" rel=\"noopener nofollow\" target=\"_blank\">t\u00e4st\u00e4 linkist\u00e4<\/a>.<\/p>\n<p class=\"paragraph\">Lempeys omaa itse\u00e4 kohtaan heijastui my\u00f6s uusina el\u00e4m\u00e4ntapoina. Anna kertoo, ett\u00e4 h\u00e4nen alkoi tehd\u00e4 mieli liikkua. Aiemmin h\u00e4n ei halunnut pakottaa itse\u00e4\u00e4n urheilemaan itseinhon takia.<\/p>\n<p class=\"paragraph\">Ennen ahdistavalta tuntuva kuntosali alkoi tuntua turvalliselta, energiaa tulla lis\u00e4\u00e4 ja t\u00e4t\u00e4 nyky\u00e4 h\u00e4n treenaakin viidest\u00e4 seitsem\u00e4\u00e4n kertaa viikossa.<\/p>\n<p class=\"paragraph\">Jos julkaisu ei n\u00e4y, voit katsoa sen <a href=\"https:\/\/www.instagram.com\/p\/DL67ks_troa\/\" rel=\"noopener nofollow\" target=\"_blank\">t\u00e4st\u00e4 linkist\u00e4<\/a>.<\/p>\n<p class=\"paragraph\">Anna my\u00f6nt\u00e4\u00e4, ett\u00e4 aiemmin h\u00e4nen pukeutumiseensa liittyi miehilt\u00e4 hyv\u00e4ksynn\u00e4n hakeminen. H\u00e4n sai aiemmin yliseksualisoivia kommentteja kehostaan, jotka tuntuivat halventavilta. Anna kuitenkin reagoi pukeutumalla entist\u00e4kin paljastavammin.<\/p>\n<p class=\"paragraph\">Nyt halventava huomio on kadonnut l\u00e4hes t\u00e4ysin.<\/p>\n<p class=\"paragraph\">Aiemmin Onlyfansilla itsens\u00e4 el\u00e4tt\u00e4nyt Anna kertoo nyky\u00e4\u00e4n k\u00e4yv\u00e4ns\u00e4 p\u00e4iv\u00e4ty\u00f6ss\u00e4 vammaisten parissa.<\/p>\n<p class=\"paragraph\">Jos julkaisu ei n\u00e4y, voit katsoa sen <a href=\"https:\/\/www.instagram.com\/p\/DQpBdxhCGQ0\/\" rel=\"noopener nofollow\" target=\"_blank\">t\u00e4st\u00e4 linkist\u00e4<\/a>.<\/p>\n<p><script async src=\"\/\/www.instagram.com\/embed.js\"><\/script><\/p>\n","protected":false},"excerpt":{"rendered":"Temptation Islandista julkisuuteen ponnahtanutta Anna Roinista ei ole tunnistaa tuoreista kuvista. Nyt h\u00e4n kertoo Ilta-Sanomille muodonmuutoksen taustoista. Tv:ss\u00e4&hellip;\n","protected":false},"author":2,"featured_media":128852,"comment_status":"","ping_status":"","sticky":false,"template":"","format":"standard","meta":{"footnotes":""},"categories":[133],"tags":[35,137,33,31,30,2111,2232,979,32,206,2140,139,156,109],"class_list":{"0":"post-128851","1":"post","2":"type-post","3":"status-publish","4":"format-standard","5":"has-post-thumbnail","7":"category-televisiot","8":"tag-24h","9":"tag-entertainment","10":"tag-fi","11":"tag-finland","12":"tag-finnish","13":"tag-kuntourheilu","14":"tag-ruumiillinen-kunto","15":"tag-sahkoinen-media","16":"tag-suomi","17":"tag-televisiot","18":"tag-tosi-tv-ohjelmat","19":"tag-tv-ohjelmat","20":"tag-tv","21":"tag-viihde"},"share_on_mastodon":{"url":"https:\/\/pubeurope.com\/@fi\/115807806014282240","error":""},"_links":{"self":[{"href":"https:\/\/www.europesays.com\/fi\/wp-json\/wp\/v2\/posts\/128851","targetHints":{"allow":["GET"]}}],"collection":[{"href":"https:\/\/www.europesays.com\/fi\/wp-json\/wp\/v2\/posts"}],"about":[{"href":"https:\/\/www.europesays.com\/fi\/wp-json\/wp\/v2\/types\/post"}],"author":[{"embeddable":true,"href":"https:\/\/www.europesays.com\/fi\/wp-json\/wp\/v2\/users\/2"}],"replies":[{"embeddable":true,"href":"https:\/\/www.europesays.com\/fi\/wp-json\/wp\/v2\/comments?post=128851"}],"version-history":[{"count":0,"href":"https:\/\/www.europesays.com\/fi\/wp-json\/wp\/v2\/posts\/128851\/revisions"}],"wp:featuredmedia":[{"embeddable":true,"href":"https:\/\/www.europesays.com\/fi\/wp-json\/wp\/v2\/media\/128852"}],"wp:attachment":[{"href":"https:\/\/www.europesays.com\/fi\/wp-json\/wp\/v2\/media?parent=128851"}],"wp:term":[{"taxonomy":"category","embeddable":true,"href":"https:\/\/www.europesays.com\/fi\/wp-json\/wp\/v2\/categories?post=128851"},{"taxonomy":"post_tag","embeddable":true,"href":"https:\/\/www.europesays.com\/fi\/wp-json\/wp\/v2\/tags?post=128851"}],"curies":[{"name":"wp","href":"https:\/\/api.w.org\/{rel}","templated":true}]}}