{"id":128855,"date":"2025-12-30T09:31:07","date_gmt":"2025-12-30T09:31:07","guid":{"rendered":"https:\/\/www.europesays.com\/fi\/128855\/"},"modified":"2025-12-30T09:31:07","modified_gmt":"2025-12-30T09:31:07","slug":"joel-hallikainen-rakensi-itselleen-hauta-arkun","status":"publish","type":"post","link":"https:\/\/www.europesays.com\/fi\/128855\/","title":{"rendered":"Joel Hallikainen rakensi itselleen hauta-arkun"},"content":{"rendered":"<p>Muusikko Joel Hallikainen jakoi Facebook-tilill\u00e4\u00e4n tarinan rakentamastaan hauta-arkusta. <\/p>\n<p><img decoding=\"async\" class=\"image image-show image-preview\" src=\"https:\/\/www.europesays.com\/fi\/wp-content\/uploads\/2025\/12\/ac84c8bbe99a101e94cdb2836f7a18b2c86399c1480c462d40a5c32fdb66a830.jpg\" alt=\"\"\/><img decoding=\"async\" class=\"image image-show\" src=\"https:\/\/www.europesays.com\/fi\/wp-content\/uploads\/2025\/12\/1767087067_33_ac84c8bbe99a101e94cdb2836f7a18b2c86399c1480c462d40a5c32fdb66a830.jpg\" alt=\"\"\/><\/p>\n<p>Joel Hallikainen tuli tunnetuksi Kuurankukka-hitist\u00e4\u00e4n. Anni Savolainen<\/p>\n<p class=\"paragraph\">Laulaja <a href=\"https:\/\/www.iltalehti.fi\/henkilot\/Joel Hallikainen\" class=\"article-link-person-page\" rel=\"nofollow noopener\" target=\"_blank\">Joel Hallikainen<\/a> on jakanut <a href=\"https:\/\/www.facebook.com\/photo\/?fbid=25367760596213060&amp;set=a.532085230207274\" rel=\"noopener nofollow\" target=\"_blank\">Facebook-tilill\u00e4\u00e4n<\/a> kuvan puisesta hauta-arkusta. Arkun on rakentanut Hallikainen itse.<\/p>\n<p class=\"paragraph\">Hallikainen on nimennyt arkun Hapsuyksi\u00f6ksi. H\u00e4n rakensi arkun surressaan anoppinsa kuolemaa.<\/p>\n<p class=\"paragraph\">\u2013 Se osui l\u00e4helle. Siin\u00e4 yksi\u00f6t\u00e4ni v\u00e4s\u00e4tess\u00e4 odotin saavani jonkinlaisen vastauksen el\u00e4m\u00e4ni suurimpaan kysymykseen, vaan en saanut. Ei kuulunut \u00e4\u00e4ni\u00e4. Ei n\u00e4kynyt valoja. Ei mit\u00e4\u00e4n, Hallikainen kirjoittaa.<\/p>\n<p class=\"paragraph\">\u2013 En kuolemassa ja surussa kieriskellen, vaan el\u00e4m\u00e4st\u00e4, valosta ja uteliaisuudesta k\u00e4sin, tein omin k\u00e4sin arkkuni, oivallusta odotellen. Ei se tullut \u2014 tai tuli se, mutta ei siin\u00e4 hetkess\u00e4, jossa sit\u00e4 odotin.<\/p>\n<p class=\"paragraph\">Oivallus syntyi, kun Hallikaisen yst\u00e4v\u00e4 tuli k\u00e4ym\u00e4\u00e4n ja halusi n\u00e4hd\u00e4 rakennetun arkun. Yst\u00e4v\u00e4 kertoi Hallikaiselle suunnittelevansa samanlaista ja pyysi p\u00e4\u00e4st\u00e4 kokeilemaan arkkua.<\/p>\n<p class=\"paragraph\">\u2013 Nostimme Hapsuyksi\u00f6n keskelle pihaa. Kamu arkkuun ja kansi kiinni. Siell\u00e4 h\u00e4n makoili mittaboxissa keskell\u00e4 kaunista kes\u00e4\u00e4. \u00c4l\u00e4 ymm\u00e4rr\u00e4 v\u00e4\u00e4rin: en pilkkaa, en leiki vakavalla aiheella, mutta meill\u00e4 oli hauskaa. Olimme mustan huumorin kivijalassa, Hallikainen kertoo.<\/p>\n<p class=\"paragraph\">Hallikainen kertoo koputelleensa kantta ja lausuneensa kaikkea \u201dlapsuudesta muistamaansa\u201d: maailmanloppua, kadotusta ja kuolemaa.<\/p>\n<p class=\"paragraph\">\u2013 \u00c4l\u00e4 ymm\u00e4rr\u00e4 v\u00e4\u00e4rin, mutta nauroimme vedet silmiss\u00e4 mahdotonta leikki\u00e4, jota kukaan ei ollut leikkinyt t\u00e4ss\u00e4 mitassa ennen meit\u00e4 \u2014 ainakaan t\u00e4ll\u00e4 pihalla. Se oli tavattoman raikasta ja puhdistavaa, Hallikanen kertoo.<\/p>\n<p class=\"paragraph\">Hallikainen meni itsekin arkkuun ja nauru jatkui. Siin\u00e4 hetkess\u00e4 syntyi oivallus.<\/p>\n<p class=\"paragraph\">\u2013 Sain projektini alussa etsim\u00e4ni vastauksen. Se tuli takavasemmalta. Yksinkertainen ja suora. Niin selke\u00e4, etten voinut sit\u00e4 mitenk\u00e4\u00e4n toisin silloin \u2014 enk\u00e4 nyt \u2014 sanoittaa: minun aikani nyt on el\u00e4\u00e4, ei kuolla! Hallikainen kirjoittaa.<\/p>\n<p class=\"paragraph\">Hallikainen kertoo, ett\u00e4 h\u00e4nen toinen kaverinsa sairastui vakavasti ja halusi ostaa arkun.<\/p>\n<p class=\"paragraph\">\u2013 Puiden hinnalla h\u00e4n sen sai. H\u00e4n saa makoilla siin\u00e4, kun on sen aika. Minun aikani on el\u00e4\u00e4, ja olen siit\u00e4kin kiitollinen, Hallikanen kirjoittaa.<\/p>\n<p class=\"paragraph\">\u2013 Elet\u00e4\u00e4n t\u00e4m\u00e4 p\u00e4iv\u00e4 \u2014 loista p\u00e4iv\u00e4\u00e4si, h\u00e4n p\u00e4\u00e4tt\u00e4\u00e4.<\/p>\n<p class=\"paragraph\">Pitk\u00e4n uran muusikkona tehnyt Hallikainen teki l\u00e4pimurtonsa Kuurankukka-kappaleellaan. Hallikaisen levy Joel Hallikainen on yksi Suomen kautta aikojen myydyimmist\u00e4 levyist\u00e4. Sit\u00e4 on myyty liki 180 000 kappaletta.<\/p>\n<p class=\"paragraph\">63-vuotias Hallikainen ollut naimisissa Pia Hallikaisen kanssa vuodesta 1986. Heill\u00e4 on viisi aikuista lasta.<\/p>\n","protected":false},"excerpt":{"rendered":"Muusikko Joel Hallikainen jakoi Facebook-tilill\u00e4\u00e4n tarinan rakentamastaan hauta-arkusta. Joel Hallikainen tuli tunnetuksi Kuurankukka-hitist\u00e4\u00e4n. Anni Savolainen Laulaja Joel Hallikainen&hellip;\n","protected":false},"author":2,"featured_media":128856,"comment_status":"","ping_status":"","sticky":false,"template":"","format":"standard","meta":{"footnotes":""},"categories":[130],"tags":[35,138,137,33,31,30,47,141,742,32,484,109],"class_list":{"0":"post-128855","1":"post","2":"type-post","3":"status-publish","4":"format-standard","5":"has-post-thumbnail","7":"category-viihde","8":"tag-24h","9":"tag-audio","10":"tag-entertainment","11":"tag-fi","12":"tag-finland","13":"tag-finnish","14":"tag-musiikki","15":"tag-muusikot-bandit","16":"tag-suomalainen-musiikki","17":"tag-suomi","18":"tag-taiteellinen-ilmaisu-ja-mediat","19":"tag-viihde"},"share_on_mastodon":{"url":"https:\/\/pubeurope.com\/@fi\/115807825629347378","error":""},"_links":{"self":[{"href":"https:\/\/www.europesays.com\/fi\/wp-json\/wp\/v2\/posts\/128855","targetHints":{"allow":["GET"]}}],"collection":[{"href":"https:\/\/www.europesays.com\/fi\/wp-json\/wp\/v2\/posts"}],"about":[{"href":"https:\/\/www.europesays.com\/fi\/wp-json\/wp\/v2\/types\/post"}],"author":[{"embeddable":true,"href":"https:\/\/www.europesays.com\/fi\/wp-json\/wp\/v2\/users\/2"}],"replies":[{"embeddable":true,"href":"https:\/\/www.europesays.com\/fi\/wp-json\/wp\/v2\/comments?post=128855"}],"version-history":[{"count":0,"href":"https:\/\/www.europesays.com\/fi\/wp-json\/wp\/v2\/posts\/128855\/revisions"}],"wp:featuredmedia":[{"embeddable":true,"href":"https:\/\/www.europesays.com\/fi\/wp-json\/wp\/v2\/media\/128856"}],"wp:attachment":[{"href":"https:\/\/www.europesays.com\/fi\/wp-json\/wp\/v2\/media?parent=128855"}],"wp:term":[{"taxonomy":"category","embeddable":true,"href":"https:\/\/www.europesays.com\/fi\/wp-json\/wp\/v2\/categories?post=128855"},{"taxonomy":"post_tag","embeddable":true,"href":"https:\/\/www.europesays.com\/fi\/wp-json\/wp\/v2\/tags?post=128855"}],"curies":[{"name":"wp","href":"https:\/\/api.w.org\/{rel}","templated":true}]}}