{"id":128859,"date":"2025-12-30T09:35:08","date_gmt":"2025-12-30T09:35:08","guid":{"rendered":"https:\/\/www.europesays.com\/fi\/128859\/"},"modified":"2025-12-30T09:35:08","modified_gmt":"2025-12-30T09:35:08","slug":"karmea-lasketteluturma-japanissa-5-vuotias-poika-kuoli","status":"publish","type":"post","link":"https:\/\/www.europesays.com\/fi\/128859\/","title":{"rendered":"Karmea lasketteluturma Japanissa \u2013 5-vuotias poika kuoli"},"content":{"rendered":"<p>Pieni lapsi jumittui mattohissiin ja kuoli Japanissa.<\/p>\n<p><img decoding=\"async\" class=\"image image-show image-preview\" src=\"https:\/\/www.europesays.com\/fi\/wp-content\/uploads\/2025\/12\/07204581d4da909cae7799fea402ae4039559bd20afb2439a68224aa9326f1d5.jpg\" alt=\"\"\/><img decoding=\"async\" class=\"image image-show\" src=\"https:\/\/www.europesays.com\/fi\/wp-content\/uploads\/2025\/12\/1767087308_535_07204581d4da909cae7799fea402ae4039559bd20afb2439a68224aa9326f1d5.jpg\" alt=\"\"\/><\/p>\n<p>Onnettomuus tapahtui Hokkaidossa sijaitsevassa hiihtokeskuksessa. Hokkaido tunnetaan Japanin hiihtoprefektuurina. Kuvituskuva.  AOP<\/p>\n<p class=\"paragraph\">Japanissa on kuollut viisivuotias poika hiihtokeskuksessa. Lapsi j\u00e4i kiinni mattohissiin, kertoo <a href=\"https:\/\/www.bbc.com\/news\/articles\/c4g6gw30epvo\" target=\"_blank\" rel=\"noopener nofollow\">BBC<\/a>.<\/p>\n<p class=\"paragraph\">Onnettomuus tapahtui Hokkaidossa sijaitsevassa Asarigawa Onsenin hiihtokeskuksessa.<\/p>\n<p class=\"paragraph\">Lapsi oli perheens\u00e4 kanssa hiihtolomalla. Lapsen k\u00e4si j\u00e4i jumiin mattohissiin.<\/p>\n<p class=\"paragraph\">Mattohissi on helppok\u00e4ytt\u00f6inen, matala ja hitaasti liikkuva hissi, joka on tarkoitettu lapsille ja aloittelijoille. Se on liukuhihnamainen hissi, joka kuljettaa laskettelijan yl\u00f6s loivassa rinteess\u00e4. Sit\u00e4 pidet\u00e4\u00e4n turvallisena ja helppona tapana p\u00e4\u00e4st\u00e4 yl\u00f6s.<\/p>\n<p>K\u00e4si j\u00e4i jumiin hissin koneistoon<\/p>\n<p class=\"paragraph\">Japanin poliisin mukaan pieni poika oli juuri astumassa mattohissilt\u00e4 rinteeseen, kun h\u00e4n kaatui ja h\u00e4nen oikea k\u00e4tens\u00e4 j\u00e4i kiinni hissin koneistoon.<\/p>\n<p class=\"paragraph\">Hississ\u00e4 on turvaj\u00e4rjestelm\u00e4, jonka pit\u00e4isi pys\u00e4ytt\u00e4\u00e4 laite heti, jos jokin j\u00e4\u00e4 kiinni. Mutta se ei toiminut t\u00e4ll\u00e4 kertaa ja kone pys\u00e4htyi vasta, kun pojan \u00e4iti painoi h\u00e4t\u00e4pys\u00e4ytyspainiketta.<\/p>\n<p class=\"paragraph\">Pelastajat purkivat mattohissin osiin 40 minuutin ajan saadakseen pojan irti, mutta lapsi oli ehtinyt menett\u00e4\u00e4 tajuntansa. My\u00f6hemmin sairaalassa h\u00e4net todettiin kuolleeksi.<\/p>\n<p class=\"paragraph\">Poliisi tutkii, onko kyseess\u00e4 ammattitaidon laiminly\u00f6nti tai virhe valmistuksessa tai huollossa. Hiihtokeskuksen henkil\u00f6kunnan mukaan turvaj\u00e4rjestelm\u00e4 oli toiminut normaalisti aiemmin samana p\u00e4iv\u00e4n\u00e4.<\/p>\n<p class=\"paragraph\">Noin kuusi vuotta sitten asennettu mattohissi on noin 30 metri\u00e4 pitk\u00e4 ja 60 senttimetri\u00e4 leve\u00e4, eik\u00e4 siin\u00e4 ole kaiteita. Se yhdist\u00e4\u00e4 lomakeskuksen pys\u00e4k\u00f6intialueen laskettelurinteisiin.<\/p>\n<p class=\"paragraph\">Asarigawa Onsenin hiihtokeskuksen edustaja pyyt\u00e4\u00e4 anteeksi tapahtunutta ja sanoo, ett\u00e4  hiihtokeskuksessa ryhdyt\u00e4\u00e4n toimenpiteisiin est\u00e4\u00e4kseen sen toistumisen.<\/p>\n","protected":false},"excerpt":{"rendered":"Pieni lapsi jumittui mattohissiin ja kuoli Japanissa. Onnettomuus tapahtui Hokkaidossa sijaitsevassa hiihtokeskuksessa. Hokkaido tunnetaan Japanin hiihtoprefektuurina. Kuvituskuva. AOP&hellip;\n","protected":false},"author":2,"featured_media":128860,"comment_status":"","ping_status":"","sticky":false,"template":"","format":"standard","meta":{"footnotes":""},"categories":[14],"tags":[35,22,23,26,27,33,31,30,17,2096,101,99,100,24,25,28,29,15,18,21,98,32,19,20,56,16,59,60,61],"class_list":{"0":"post-128859","1":"post","2":"type-post","3":"status-publish","4":"format-standard","5":"has-post-thumbnail","7":"category-ulkomaat","8":"tag-24h","9":"tag-breaking-news","10":"tag-breakingnews","11":"tag-featured-news","12":"tag-featurednews","13":"tag-fi","14":"tag-finland","15":"tag-finnish","16":"tag-headlines","17":"tag-hiihtolajit","18":"tag-ihmissuhteet","19":"tag-lapset","20":"tag-lapset-ja-nuoret","21":"tag-latest-news","22":"tag-latestnews","23":"tag-main-news","24":"tag-mainnews","25":"tag-news","26":"tag-otsikot","27":"tag-paauutiset","28":"tag-perhe","29":"tag-suomi","30":"tag-top-stories","31":"tag-topstories","32":"tag-ulkomaat","33":"tag-uutiset","34":"tag-world","35":"tag-world-news","36":"tag-worldnews"},"share_on_mastodon":{"url":"https:\/\/pubeurope.com\/@fi\/115807841439505235","error":""},"_links":{"self":[{"href":"https:\/\/www.europesays.com\/fi\/wp-json\/wp\/v2\/posts\/128859","targetHints":{"allow":["GET"]}}],"collection":[{"href":"https:\/\/www.europesays.com\/fi\/wp-json\/wp\/v2\/posts"}],"about":[{"href":"https:\/\/www.europesays.com\/fi\/wp-json\/wp\/v2\/types\/post"}],"author":[{"embeddable":true,"href":"https:\/\/www.europesays.com\/fi\/wp-json\/wp\/v2\/users\/2"}],"replies":[{"embeddable":true,"href":"https:\/\/www.europesays.com\/fi\/wp-json\/wp\/v2\/comments?post=128859"}],"version-history":[{"count":0,"href":"https:\/\/www.europesays.com\/fi\/wp-json\/wp\/v2\/posts\/128859\/revisions"}],"wp:featuredmedia":[{"embeddable":true,"href":"https:\/\/www.europesays.com\/fi\/wp-json\/wp\/v2\/media\/128860"}],"wp:attachment":[{"href":"https:\/\/www.europesays.com\/fi\/wp-json\/wp\/v2\/media?parent=128859"}],"wp:term":[{"taxonomy":"category","embeddable":true,"href":"https:\/\/www.europesays.com\/fi\/wp-json\/wp\/v2\/categories?post=128859"},{"taxonomy":"post_tag","embeddable":true,"href":"https:\/\/www.europesays.com\/fi\/wp-json\/wp\/v2\/tags?post=128859"}],"curies":[{"name":"wp","href":"https:\/\/api.w.org\/{rel}","templated":true}]}}