{"id":128875,"date":"2025-12-30T10:01:07","date_gmt":"2025-12-30T10:01:07","guid":{"rendered":"https:\/\/www.europesays.com\/fi\/128875\/"},"modified":"2025-12-30T10:01:07","modified_gmt":"2025-12-30T10:01:07","slug":"venaja-oresnik-on-otettu-taistelukayttoon-uutissuomalainen","status":"publish","type":"post","link":"https:\/\/www.europesays.com\/fi\/128875\/","title":{"rendered":"Ven\u00e4j\u00e4: Ore\u0161nik on otettu taisteluk\u00e4ytt\u00f6\u00f6n | Uutissuomalainen"},"content":{"rendered":"<p>Ven\u00e4j\u00e4n rakentama keskimatkan ballistinen ohjus Ore\u0161nik on otettu taisteluk\u00e4ytt\u00f6\u00f6n, v\u00e4itt\u00e4v\u00e4t Ven\u00e4j\u00e4n ja Valko-Ven\u00e4j\u00e4n puolustusministeri\u00f6t.<\/p>\n<p>Ore\u0161nik-ohjusten pysyv\u00e4st\u00e4 sijoittamisesta Valko-Ven\u00e4j\u00e4lle on vihjailtu useita kertoja vuoden 2025 aikana.<\/p>\n<p>Ven\u00e4j\u00e4n puolustusministeri\u00f6 sanoo <a href=\"https:\/\/tass.com\/defense\/2066877\" rel=\"nofollow noopener\" target=\"_blank\">Tassin<\/a> mukaan, ett\u00e4 Valko-Ven\u00e4j\u00e4ll\u00e4 j\u00e4rjestettiin &#8221;juhlallinen seremonia&#8221; ohjuksen k\u00e4ytt\u00f6\u00f6noton kunniaksi.<\/p>\n<p>Valko-Ven\u00e4j\u00e4n puolustusministeri\u00f6 puolestaan <a href=\"https:\/\/tass.com\/world\/2066873\" rel=\"nofollow noopener\" target=\"_blank\">sanoo<\/a>, ett\u00e4 Ore\u0161nikin k\u00e4ytt\u00e4j\u00e4ksi m\u00e4\u00e4r\u00e4tty pataljoona on alkanut &#8221;suorittaa taisteluteht\u00e4viin liittyvi\u00e4 toimeksiantoja&#8221;.<\/p>\n<p>Ore\u0161nik jakautuu ennen kohdettaan useiksi itsen\u00e4isiksi taisteluk\u00e4rjiksi. Se on mahdollista varustaa my\u00f6s ydink\u00e4rjill\u00e4.<\/p>\n<p>Marraskuussa 2024 Ven\u00e4j\u00e4 iski Ore\u0161nikill\u00e4 Ukrainan Dniprossa. Kyseess\u00e4 oli l\u00e4hinn\u00e4 poliittinen viesti l\u00e4nsimaille, sill\u00e4 iskussa k\u00e4ytettyjen taisteluk\u00e4rkien r\u00e4j\u00e4hdem\u00e4\u00e4r\u00e4 oli pieni.<\/p>\n<p>\t\t\t\t\t<img class=\"diks-card__image\" src=\"https:\/\/www.europesays.com\/fi\/wp-content\/uploads\/2025\/12\/11046240.jpg\"   loading=\"lazy\" decoding=\"sync\" alt=\"\"\/><\/p>\n","protected":false},"excerpt":{"rendered":"Ven\u00e4j\u00e4n rakentama keskimatkan ballistinen ohjus Ore\u0161nik on otettu taisteluk\u00e4ytt\u00f6\u00f6n, v\u00e4itt\u00e4v\u00e4t Ven\u00e4j\u00e4n ja Valko-Ven\u00e4j\u00e4n puolustusministeri\u00f6t. Ore\u0161nik-ohjusten pysyv\u00e4st\u00e4 sijoittamisesta Valko-Ven\u00e4j\u00e4lle&hellip;\n","protected":false},"author":2,"featured_media":128876,"comment_status":"","ping_status":"","sticky":false,"template":"","format":"standard","meta":{"footnotes":""},"categories":[14],"tags":[802,804,22,23,26,27,33,31,30,17,24,25,803,28,29,15,18,21,637,6241,32,19,20,2534,21377,56,16,59,60,61],"class_list":{"0":"post-128875","1":"post","2":"type-post","3":"status-publish","4":"format-standard","5":"has-post-thumbnail","7":"category-ulkomaat","8":"tag-armeijat-ja-aseelliset-joukot","9":"tag-aseelliset-konfliktit","10":"tag-breaking-news","11":"tag-breakingnews","12":"tag-featured-news","13":"tag-featurednews","14":"tag-fi","15":"tag-finland","16":"tag-finnish","17":"tag-headlines","18":"tag-latest-news","19":"tag-latestnews","20":"tag-levottomuudet-ja-sodat","21":"tag-main-news","22":"tag-mainnews","23":"tag-news","24":"tag-otsikot","25":"tag-paauutiset","26":"tag-politiikka","27":"tag-sotilaat","28":"tag-suomi","29":"tag-top-stories","30":"tag-topstories","31":"tag-turvallisuuspolitiikka","32":"tag-ukrainan-kriisi","33":"tag-ulkomaat","34":"tag-uutiset","35":"tag-world","36":"tag-world-news","37":"tag-worldnews"},"share_on_mastodon":{"url":"https:\/\/pubeurope.com\/@fi\/115807943633279882","error":""},"_links":{"self":[{"href":"https:\/\/www.europesays.com\/fi\/wp-json\/wp\/v2\/posts\/128875","targetHints":{"allow":["GET"]}}],"collection":[{"href":"https:\/\/www.europesays.com\/fi\/wp-json\/wp\/v2\/posts"}],"about":[{"href":"https:\/\/www.europesays.com\/fi\/wp-json\/wp\/v2\/types\/post"}],"author":[{"embeddable":true,"href":"https:\/\/www.europesays.com\/fi\/wp-json\/wp\/v2\/users\/2"}],"replies":[{"embeddable":true,"href":"https:\/\/www.europesays.com\/fi\/wp-json\/wp\/v2\/comments?post=128875"}],"version-history":[{"count":0,"href":"https:\/\/www.europesays.com\/fi\/wp-json\/wp\/v2\/posts\/128875\/revisions"}],"wp:featuredmedia":[{"embeddable":true,"href":"https:\/\/www.europesays.com\/fi\/wp-json\/wp\/v2\/media\/128876"}],"wp:attachment":[{"href":"https:\/\/www.europesays.com\/fi\/wp-json\/wp\/v2\/media?parent=128875"}],"wp:term":[{"taxonomy":"category","embeddable":true,"href":"https:\/\/www.europesays.com\/fi\/wp-json\/wp\/v2\/categories?post=128875"},{"taxonomy":"post_tag","embeddable":true,"href":"https:\/\/www.europesays.com\/fi\/wp-json\/wp\/v2\/tags?post=128875"}],"curies":[{"name":"wp","href":"https:\/\/api.w.org\/{rel}","templated":true}]}}