{"id":128880,"date":"2025-12-30T10:15:09","date_gmt":"2025-12-30T10:15:09","guid":{"rendered":"https:\/\/www.europesays.com\/fi\/128880\/"},"modified":"2025-12-30T10:15:09","modified_gmt":"2025-12-30T10:15:09","slug":"spice-girls-tahti-vietti-joulun-lapissa-julkaisi-liudan-haikaisevia-lomakuvia","status":"publish","type":"post","link":"https:\/\/www.europesays.com\/fi\/128880\/","title":{"rendered":"Spice Girls -t\u00e4hti vietti joulun Lapissa: Julkaisi liudan h\u00e4ik\u00e4isevi\u00e4 lomakuvia"},"content":{"rendered":"<p>Mel B vietti joulua Suomen Lapissa ja loma-aktiviteetteihin kuului runsaasti pohjoisen turisteille tyypillist\u00e4 ohjelmaa.<\/p>\n<p class=\"paragraph\">Spice Girls -yhtyeest\u00e4 tuttu laulaja Mel B eli <a href=\"https:\/\/www.iltalehti.fi\/henkilot\/Melanie Brown\" class=\"article-link-person-page\" rel=\"nofollow noopener\" target=\"_blank\">Melanie Brown<\/a> lomaili perheineen Lapissa joulun aikoihin.<\/p>\n<p class=\"paragraph\">Brown julkaisi Suomen-lomaltaan runsaasti sis\u00e4lt\u00f6\u00e4 Instagramissa.<\/p>\n<p class=\"paragraph\">Monien muiden kansainv\u00e4listen t\u00e4htien tavoin, Spice Girls -laulaja vaikuttaa nauttineen Lapissa varsin tyypillisist\u00e4 loma-aktiviteeteista.<\/p>\n<p><img decoding=\"async\" class=\"image image-show image-preview\" src=\"https:\/\/www.europesays.com\/fi\/wp-content\/uploads\/2025\/12\/65694a9b8f99bccd52a57085859263b0d6fd43c659d919886d7775ba2d49ec1d.jpg\" alt=\"\"\/><img decoding=\"async\" class=\"image image-show\" src=\"https:\/\/www.europesays.com\/fi\/wp-content\/uploads\/2025\/12\/1767089709_502_65694a9b8f99bccd52a57085859263b0d6fd43c659d919886d7775ba2d49ec1d.jpg\" alt=\"\"\/><\/p>\n<p>Mel B tunnetaan yhten\u00e4 Spice Girls -yhtyeen j\u00e4senist\u00e4.  Alan West\/Hogan Media\/Shutterstock<\/p>\n<p class=\"paragraph\">Brown julkaisi lis\u00e4si yhteen julkaisuun runsaasti seurueen lomakuvia. Kuvissa he ovat muun muassa nuotion \u00e4\u00e4rell\u00e4, moottorikelkkaretkell\u00e4, reki- ja koiravaljakkoajeluilla sek\u00e4 sy\u00f6tt\u00e4m\u00e4ss\u00e4 poroja.<\/p>\n<p class=\"paragraph\">\u2013 Syd\u00e4meni on niin t\u00e4ynn\u00e4. Joulu Lapissa oli niin taianomainen, julkaisussa kirjoitetaan.<\/p>\n<p class=\"paragraph\">Jos julkaisu ei n\u00e4y, voit katsoa sen <a href=\"https:\/\/www.instagram.com\/p\/DS231V4DFxk\/?img_index=1\" rel=\"noopener nofollow\" target=\"_blank\">t\u00e4st\u00e4 linkist\u00e4<\/a>.<\/p>\n<p class=\"paragraph\">Seurueeseen kuului my\u00f6s Brownin puoliso parturi-kampaaja <strong>Rory McPhee<\/strong> sek\u00e4 p\u00e4ivityksist\u00e4 p\u00e4\u00e4tellen Brownin tytt\u00e4ret <strong>Phoenix<\/strong> ja<strong> Madison<\/strong>.<\/p>\n<p class=\"paragraph\">Seurue teki tuttavuutta my\u00f6s hyiseen veteen. Lomakuvissa n\u00e4kyy, kuinka Brown seurueineen on k\u00e4ynyt kokeilemassa kelluntaa. Aiemmin Brown ja McPhee julkaisivat Instagram-tileill\u00e4\u00e4n my\u00f6s videon avannosta.<\/p>\n<p class=\"paragraph\">Jos julkaisu ei n\u00e4y, voit katsoa sen <a href=\"https:\/\/www.instagram.com\/p\/DSsUGsvDP22\/\" target=\"_blank\" rel=\"noopener nofollow\">t\u00e4st\u00e4 linkist\u00e4<\/a>.<\/p>\n<p class=\"paragraph\">\u2013 Perinteinen suomalainen joulu, avantovideon yhteydess\u00e4 kirjoitettiin.<\/p>\n<p class=\"paragraph\">Suomen Lappi on houkutellut t\u00e4n\u00e4 vuonna muitakin julkisuuden henkil\u00f6it\u00e4. Vierailuiltaan kuvia jakoivat muun muassa huippukokki <strong>Gordon Ramsay<\/strong> ja jalkapalloilija <a href=\"https:\/\/www.iltalehti.fi\/henkilot\/Harry Kane\" class=\"article-link-person-page\" rel=\"nofollow noopener\" target=\"_blank\">Harry Kane<\/a>.<\/p>\n<p><script async src=\"\/\/www.instagram.com\/embed.js\"><\/script><\/p>\n","protected":false},"excerpt":{"rendered":"Mel B vietti joulua Suomen Lapissa ja loma-aktiviteetteihin kuului runsaasti pohjoisen turisteille tyypillist\u00e4 ohjelmaa. Spice Girls -yhtyeest\u00e4 tuttu&hellip;\n","protected":false},"author":2,"featured_media":128881,"comment_status":"","ping_status":"","sticky":false,"template":"","format":"standard","meta":{"footnotes":""},"categories":[136],"tags":[35,138,407,137,33,31,30,408,525,47,141,1223,32,109],"class_list":{"0":"post-128880","1":"post","2":"type-post","3":"status-publish","4":"format-standard","5":"has-post-thumbnail","7":"category-julkkikset","8":"tag-24h","9":"tag-audio","10":"tag-celebrities","11":"tag-entertainment","12":"tag-fi","13":"tag-finland","14":"tag-finnish","15":"tag-julkkikset","16":"tag-laulaminen-ja-laulajat","17":"tag-musiikki","18":"tag-muusikot-bandit","19":"tag-popmusiikki","20":"tag-suomi","21":"tag-viihde"},"share_on_mastodon":{"url":"https:\/\/pubeurope.com\/@fi\/115807998710618059","error":""},"_links":{"self":[{"href":"https:\/\/www.europesays.com\/fi\/wp-json\/wp\/v2\/posts\/128880","targetHints":{"allow":["GET"]}}],"collection":[{"href":"https:\/\/www.europesays.com\/fi\/wp-json\/wp\/v2\/posts"}],"about":[{"href":"https:\/\/www.europesays.com\/fi\/wp-json\/wp\/v2\/types\/post"}],"author":[{"embeddable":true,"href":"https:\/\/www.europesays.com\/fi\/wp-json\/wp\/v2\/users\/2"}],"replies":[{"embeddable":true,"href":"https:\/\/www.europesays.com\/fi\/wp-json\/wp\/v2\/comments?post=128880"}],"version-history":[{"count":0,"href":"https:\/\/www.europesays.com\/fi\/wp-json\/wp\/v2\/posts\/128880\/revisions"}],"wp:featuredmedia":[{"embeddable":true,"href":"https:\/\/www.europesays.com\/fi\/wp-json\/wp\/v2\/media\/128881"}],"wp:attachment":[{"href":"https:\/\/www.europesays.com\/fi\/wp-json\/wp\/v2\/media?parent=128880"}],"wp:term":[{"taxonomy":"category","embeddable":true,"href":"https:\/\/www.europesays.com\/fi\/wp-json\/wp\/v2\/categories?post=128880"},{"taxonomy":"post_tag","embeddable":true,"href":"https:\/\/www.europesays.com\/fi\/wp-json\/wp\/v2\/tags?post=128880"}],"curies":[{"name":"wp","href":"https:\/\/api.w.org\/{rel}","templated":true}]}}