{"id":128882,"date":"2025-12-30T10:18:08","date_gmt":"2025-12-30T10:18:08","guid":{"rendered":"https:\/\/www.europesays.com\/fi\/128882\/"},"modified":"2025-12-30T10:18:08","modified_gmt":"2025-12-30T10:18:08","slug":"tanaan-tvssa-viiden-tahden-scifileffa-vuodelta-2013-jo-alussa-tulee-13-minuuttia-jotain-taysin-uskomatonta","status":"publish","type":"post","link":"https:\/\/www.europesays.com\/fi\/128882\/","title":{"rendered":"T\u00e4n\u00e4\u00e4n tv:ss\u00e4: Viiden t\u00e4hden scifileffa vuodelta 2013 \u2013 Jo alussa tulee 13 minuuttia jotain t\u00e4ysin uskomatonta"},"content":{"rendered":"<p>Gravity oli vuoden 2014 Oscar-gaalan suurin voittaja seitsem\u00e4ll\u00e4 kultapystill\u00e4. Se ei ehk\u00e4 ennakkoon tarkasteltuna vaikuttanut Oscar-menestykselt\u00e4 vaan l\u00e4hinn\u00e4 j\u00e4nnitt\u00e4v\u00e4lt\u00e4 tieteisseikkailulta.<\/p>\n<p>Lopputulos on kuitenkin kaikilta osa-alueiltaan niin taitavasti rakennettu elokuva, ett\u00e4 se nousee taiteellisesti paljon korkeammalle kuin tavanomainen popcorn-viihde.<\/p>\n<p>Ohjaaja <strong>Alfonso Cuar\u00f3nin<\/strong> ja h\u00e4nen poikansa <strong>Jon\u00e1sin<\/strong>\u00a0kirjoittama tarina on yksinkertainen, eik\u00e4 sit\u00e4 ole l\u00e4hdetty venytt\u00e4m\u00e4\u00e4n turhaan. Gravity kest\u00e4\u00e4 vain puolisentoista tuntia, ja siin\u00e4 on l\u00e4hes koko ajan vain yksi roolihahmo, mutta siit\u00e4 kasvaa voimakas el\u00e4mys.<\/p>\n<p><strong>Sandra Bullockin <\/strong>esitt\u00e4m\u00e4 tohtori Ryan Stone on elokuvan syd\u00e4n. <strong>George Clooney <\/strong>oli kuvissa ja julisteissa yht\u00e4 isolla mukana, mutta h\u00e4nen esitt\u00e4m\u00e4ns\u00e4 veteraaniastronautti j\u00e4\u00e4 alun j\u00e4lkeen pelk\u00e4ksi taustahahmoksi.<\/p>\n<p>Elokuva alkaa henke\u00e4salpaavan komeasti. 13-minuuttinen yht\u00e4jaksoinen kohtaus j\u00e4\u00e4 varmasti historiaan yhten\u00e4 vaikuttavimmista elokuvan avauksista. Se sis\u00e4lt\u00e4\u00e4 kaunista kuvausta, taidokkaita kameran liikkeit\u00e4, animaatiota ja koreografiaa.<\/p>\n<p>Lue my\u00f6s: <a href=\"https:\/\/www.episodi.fi\/uutiset\/james-cameron-tykitteli-mielipiteensa-netflixista-ja-oscar-gaalasta-minusta-oscarit-on-kaapattu-ja-se-on-kauheaa\/\" title=\"James Cameron tykitteli mielipiteens\u00e4 Netflixist\u00e4 ja Oscar-gaalasta \u2013 \u201dMinusta Oscarit on kaapattu, ja se on kauheaa\u201d\" class=\"underline-custom !font-montserrat !font-bold !underline-offset-4 !decoration-4 !decoration-episodi-blue !text-md\" rel=\"nofollow noopener\" target=\"_blank\">James Cameron tykitteli mielipiteens\u00e4 Netflixist\u00e4 ja Oscar-gaalasta \u2013 \u201dMinusta Oscarit on kaapattu, ja se on kauheaa\u201d<\/a><\/p>\n<p>Kun avaruusromu aiheuttaa onnettomuuden ja Ryan Stone j\u00e4\u00e4 yksin avaruuteen, yksin\u00e4isyyden tunne on monumentaalinen. Kaukaisuudessa siint\u00e4v\u00e4st\u00e4 Maa-planeetasta tulee ik\u00e4\u00e4n kuin oma roolihahmonsa. Sen hehkuvat v\u00e4rit edustavat el\u00e4m\u00e4\u00e4 vastakohtana avaruuden tyhjyydelle.<\/p>\n<p>Maahan paluu tuntuu mahdottomalta saavuttaa, mutta Stone ei luovuta. Tarinassa voi n\u00e4hd\u00e4 metaforia \u00e4itiydest\u00e4, syntym\u00e4st\u00e4 ja evoluutiosta.<\/p>\n<p>Mestarillisesti luodun visuaalisen ilmeen lis\u00e4ksi musiikilla on t\u00e4rke\u00e4 merkitys. <strong>Steven Pricen<\/strong> Oscar-palkittu soundtrack on muutakin kuin musiikkia: se toimii my\u00f6s elokuvan \u00e4\u00e4nimaailmana.<\/p>\n<p>Gravity esitet\u00e4\u00e4n TV5-kanavalla tiistaina 30.12.2025 klo 19.10. Katso traileri alta.<\/p>\n<p>Lue my\u00f6s: <a href=\"https:\/\/www.episodi.fi\/uutiskirje\/?uutiskirjemainos=tekstilinkkimainos\" title=\"Tilaa Episodin uutiskirje ja voit voittaa leffalippuja! Nappaa tv-vinkit suoraan s\u00e4hk\u00f6postiin t\u00e4st\u00e4.\" class=\"underline-custom !font-montserrat !font-bold !underline-offset-4 !decoration-4 !decoration-episodi-blue !text-md\" rel=\"nofollow noopener\" target=\"_blank\">Tilaa Episodin uutiskirje ja voit voittaa leffalippuja! Nappaa katseluvinkit suoraan s\u00e4hk\u00f6postiin t\u00e4st\u00e4.<\/a><\/p>\n","protected":false},"excerpt":{"rendered":"Gravity oli vuoden 2014 Oscar-gaalan suurin voittaja seitsem\u00e4ll\u00e4 kultapystill\u00e4. Se ei ehk\u00e4 ennakkoon tarkasteltuna vaikuttanut Oscar-menestykselt\u00e4 vaan l\u00e4hinn\u00e4&hellip;\n","protected":false},"author":2,"featured_media":128883,"comment_status":"","ping_status":"","sticky":false,"template":"","format":"standard","meta":{"footnotes":""},"categories":[133],"tags":[137,33,31,30,32,206,139,156,109],"class_list":{"0":"post-128882","1":"post","2":"type-post","3":"status-publish","4":"format-standard","5":"has-post-thumbnail","7":"category-televisiot","8":"tag-entertainment","9":"tag-fi","10":"tag-finland","11":"tag-finnish","12":"tag-suomi","13":"tag-televisiot","14":"tag-tv-ohjelmat","15":"tag-tv","16":"tag-viihde"},"share_on_mastodon":{"url":"https:\/\/pubeurope.com\/@fi\/115808010418041507","error":""},"_links":{"self":[{"href":"https:\/\/www.europesays.com\/fi\/wp-json\/wp\/v2\/posts\/128882","targetHints":{"allow":["GET"]}}],"collection":[{"href":"https:\/\/www.europesays.com\/fi\/wp-json\/wp\/v2\/posts"}],"about":[{"href":"https:\/\/www.europesays.com\/fi\/wp-json\/wp\/v2\/types\/post"}],"author":[{"embeddable":true,"href":"https:\/\/www.europesays.com\/fi\/wp-json\/wp\/v2\/users\/2"}],"replies":[{"embeddable":true,"href":"https:\/\/www.europesays.com\/fi\/wp-json\/wp\/v2\/comments?post=128882"}],"version-history":[{"count":0,"href":"https:\/\/www.europesays.com\/fi\/wp-json\/wp\/v2\/posts\/128882\/revisions"}],"wp:featuredmedia":[{"embeddable":true,"href":"https:\/\/www.europesays.com\/fi\/wp-json\/wp\/v2\/media\/128883"}],"wp:attachment":[{"href":"https:\/\/www.europesays.com\/fi\/wp-json\/wp\/v2\/media?parent=128882"}],"wp:term":[{"taxonomy":"category","embeddable":true,"href":"https:\/\/www.europesays.com\/fi\/wp-json\/wp\/v2\/categories?post=128882"},{"taxonomy":"post_tag","embeddable":true,"href":"https:\/\/www.europesays.com\/fi\/wp-json\/wp\/v2\/tags?post=128882"}],"curies":[{"name":"wp","href":"https:\/\/api.w.org\/{rel}","templated":true}]}}