{"id":128884,"date":"2025-12-30T10:20:07","date_gmt":"2025-12-30T10:20:07","guid":{"rendered":"https:\/\/www.europesays.com\/fi\/128884\/"},"modified":"2025-12-30T10:20:07","modified_gmt":"2025-12-30T10:20:07","slug":"missa-viipyy-daisy-ridleyn-seuraava-star-wars-elokuva-se-on-odotuksen-arvoinen-lupaa-tahti-itse","status":"publish","type":"post","link":"https:\/\/www.europesays.com\/fi\/128884\/","title":{"rendered":"Miss\u00e4 viipyy Daisy Ridleyn seuraava Star Wars -elokuva? \u201cSe on odotuksen arvoinen\u201d, lupaa t\u00e4hti itse"},"content":{"rendered":"<p>Daisy Ridley elokuvassa Star Wars Rise of Skywalker \/ Kuva: \u00a9 2109 ILM and Lucasfilm Ltd.<\/p>\n<p>Daisy Ridleyn esitt\u00e4m\u00e4n Reyn on tarkoitus palata tulevassa New Jedi Order -elokuvassa.<\/p>\n<p><a href=\"https:\/\/muropaketti.com\/avainsana\/daisy-ridley\/\" rel=\"nofollow noopener\" target=\"_blank\">Daisy Ridleyn<\/a> esitt\u00e4m\u00e4 Rey oli The Force Awakens -elokuvasta alkaneen Star Wars -tarinajatkumon keskeisin hahmo. Ridleyn on ollut tarkoitus palata rooliinsa uudessa New Jedi Order -elokuvassa, mutta odotus on venynyt jo melkoisen pitk\u00e4ksi.<\/p>\n<p>Star Wars: New Jedi Order -elokuvan on kerrottu sijoittuvan ajallisesti 15 vuotta vuonna 2019 julkaistun The Rise of Skywalkerin j\u00e4lkeiseen aikaan. Elokuvalle ei ole edelleenk\u00e4\u00e4n paljastettu julkaisuajankohtaa, eik\u00e4 sen juonesta tai muusta n\u00e4yttelij\u00e4kaartistakaan ole viel\u00e4 hiiskuttu julkisuuteen mit\u00e4\u00e4n.<\/p>\n<p>Ridley kuitenkin vahvistaa <a href=\"https:\/\/parade.com\/movies\/daisy-ridley-star-wars-new-jedi-order-ryan-gosling-starfighter\" rel=\"nofollow noopener\" target=\"_blank\">Paraden<\/a> haastattelussa, ett\u00e4 elokuva on edelleenkin tulossa.<\/p>\n<p>\u201cSe tulee sitten, kun se on valmis, ja se tulee olemaan odotuksen arvoinen\u201d, n\u00e4yttelij\u00e4 lupaa.<\/p>\n<p>Sit\u00e4 odotellessa valkokankaille on tulossa toukokuussa 2026 Disney+:n hittisarjan tarinaa elokuvamuodossa jatkava The Mandalorian and Grogu. Sen j\u00e4lkeen vuorossa on puolestaan Ryan Goslingin t\u00e4hditt\u00e4m\u00e4 ja Shawn Levyn ohjaama Star Wars: Starfighter. Se on t\u00e4ll\u00e4 hetkell\u00e4 p\u00e4iv\u00e4tty toukokuulle 2027.<\/p>\n","protected":false},"excerpt":{"rendered":"Daisy Ridley elokuvassa Star Wars Rise of Skywalker \/ Kuva: \u00a9 2109 ILM and Lucasfilm Ltd. Daisy Ridleyn&hellip;\n","protected":false},"author":2,"featured_media":128885,"comment_status":"","ping_status":"","sticky":false,"template":"","format":"standard","meta":{"footnotes":""},"categories":[131],"tags":[9184,155,137,33,173,31,30,172,3519,32,109],"class_list":{"0":"post-128884","1":"post","2":"type-post","3":"status-publish","4":"format-standard","5":"has-post-thumbnail","7":"category-elokuvat","8":"tag-daisy-ridley","9":"tag-elokuvat","10":"tag-entertainment","11":"tag-fi","12":"tag-film","13":"tag-finland","14":"tag-finnish","15":"tag-movies","16":"tag-star-wars","17":"tag-suomi","18":"tag-viihde"},"share_on_mastodon":{"url":"https:\/\/pubeurope.com\/@fi\/115808018268296842","error":""},"_links":{"self":[{"href":"https:\/\/www.europesays.com\/fi\/wp-json\/wp\/v2\/posts\/128884","targetHints":{"allow":["GET"]}}],"collection":[{"href":"https:\/\/www.europesays.com\/fi\/wp-json\/wp\/v2\/posts"}],"about":[{"href":"https:\/\/www.europesays.com\/fi\/wp-json\/wp\/v2\/types\/post"}],"author":[{"embeddable":true,"href":"https:\/\/www.europesays.com\/fi\/wp-json\/wp\/v2\/users\/2"}],"replies":[{"embeddable":true,"href":"https:\/\/www.europesays.com\/fi\/wp-json\/wp\/v2\/comments?post=128884"}],"version-history":[{"count":0,"href":"https:\/\/www.europesays.com\/fi\/wp-json\/wp\/v2\/posts\/128884\/revisions"}],"wp:featuredmedia":[{"embeddable":true,"href":"https:\/\/www.europesays.com\/fi\/wp-json\/wp\/v2\/media\/128885"}],"wp:attachment":[{"href":"https:\/\/www.europesays.com\/fi\/wp-json\/wp\/v2\/media?parent=128884"}],"wp:term":[{"taxonomy":"category","embeddable":true,"href":"https:\/\/www.europesays.com\/fi\/wp-json\/wp\/v2\/categories?post=128884"},{"taxonomy":"post_tag","embeddable":true,"href":"https:\/\/www.europesays.com\/fi\/wp-json\/wp\/v2\/tags?post=128884"}],"curies":[{"name":"wp","href":"https:\/\/api.w.org\/{rel}","templated":true}]}}