{"id":128894,"date":"2025-12-30T10:28:11","date_gmt":"2025-12-30T10:28:11","guid":{"rendered":"https:\/\/www.europesays.com\/fi\/128894\/"},"modified":"2025-12-30T10:28:11","modified_gmt":"2025-12-30T10:28:11","slug":"suomeen-pollahtamassa-runsaasti-lunta-ilta-sanomat","status":"publish","type":"post","link":"https:\/\/www.europesays.com\/fi\/128894\/","title":{"rendered":"Suomeen p\u00f6ll\u00e4ht\u00e4m\u00e4ss\u00e4 runsaasti lunta &#8211; Ilta-Sanomat"},"content":{"rendered":"<p>Koko maassa s\u00e4\u00e4 poikkeaa normaalista.<\/p>\n<p>Video n\u00e4ytt\u00e4\u00e4, miten s\u00e4\u00e4 kehittyy Suomessa l\u00e4hip\u00e4ivin\u00e4. <\/p>\n<p class=\"article-body mb-nof-24 px-nof-16\">My\u00f6s etel\u00e4inen Suomi saattaa saada l\u00e4hip\u00e4ivin\u00e4 lis\u00e4\u00e4 lumipeitett\u00e4. Viel\u00e4 uudenvuodenaattona s\u00e4\u00e4 on p\u00e4\u00e4osin selke\u00e4\u00e4. Tuuli heikkenee keskiviikkoy\u00f6n\u00e4 Etel\u00e4-Suomea my\u00f6ten koko maassa.<\/p>\n<p class=\"article-body mb-nof-24 px-nof-16\">\u2013 K\u00e4yt\u00e4nn\u00f6ss\u00e4 koko Manner-Suomessa tuuli on heikkoa, Forecan p\u00e4ivyst\u00e4v\u00e4 meteorologi <a class=\"font-bold underline-offset-[0.12em] [text-decoration:var(--person-link-text-decoration)] ![text-decoration-color:var(--person-link-text-decoration-color)]\" href=\"https:\/\/www.is.fi\/haku\/?query=Anna%20Latvala\" rel=\"nofollow noopener\" target=\"_blank\">Anna Latvala<\/a> kertoo.<\/p>\n<p class=\"article-body mb-nof-24 px-nof-16\">Maan it\u00e4- ja lounaisosissa pilvisyys alkaa lis\u00e4\u00e4nty\u00e4 aattoiltana.<\/p>\n<p class=\"article-body mb-nof-24 px-nof-16\">L\u00e4mp\u00f6tila vaihtelee etel\u00e4n 10 ja pohjoisen 30 pakkasasteen v\u00e4lill\u00e4. Lapissa ja Koillismaalla pakkanen voi nousta paikoin 35 asteeseen.<\/p>\n<p class=\"article-body mb-nof-24 px-nof-16\">Y\u00f6ksi s\u00e4\u00e4 kylmenee hieman. Uudenvuodenjuhliin on siis syyt\u00e4 pukeutua l\u00e4mpim\u00e4sti.<\/p>\n<p><img decoding=\"async\" src=\"https:\/\/www.europesays.com\/fi\/wp-content\/uploads\/2025\/12\/1767090491_795_468.jpg\" alt=\"Varsinkin Lounais-Suomeen voi olla luvassa runsaita lumisateita.\" class=\"_Img_1rerz_1\" style=\"aspect-ratio:1.5\" loading=\"eager\"\/><\/p>\n<p class=\"article-picture-caption\">Varsinkin Lounais-Suomeen voi olla luvassa runsaita lumisateita. Kuva:\u00a0Pete Aarre-Ahtio \/ IS<\/p>\n<p class=\"article-body mb-nof-24 px-nof-16\">Latvala kertoo, ett\u00e4 edelleen on ep\u00e4varmaa, ulottuvatko lumisateet uudenvuodenp\u00e4iv\u00e4n\u00e4 Lounais-Suomeen ja Uudenmaan l\u00e4nsiosaan vai j\u00e4\u00e4v\u00e4tk\u00f6 ne merelle. Ahvenanmaalle lunta saattaa olla luvassa 15 sentti\u00e4. Sateiden yhteydess\u00e4 l\u00e4mp\u00f6tila nousee nollan tienoille.<\/p>\n<p class=\"article-body mb-nof-24 px-nof-16\">\u2013 Kyll\u00e4 se lumi painuu kasaan.<\/p>\n<p class=\"article-body mb-nof-24 px-nof-16\">Jos sateet ulottuvat mantereelle, lumikertym\u00e4 j\u00e4\u00e4 1\u20135 senttiin.<\/p>\n<p class=\"article-body mb-nof-24 px-nof-16\">Uudenvuodenp\u00e4iv\u00e4n\u00e4 lounaisille merialueille ja lounaisrannikolle on saapumassa <a class=\"underline underline-offset-[0.12em] [text-decoration-thickness:var(--generic-link-underline-thickness)] [text-decoration-color:var(--generic-link-underline-color)] [text-decoration-skip-ink:var(--generic-link-underline-skip-ink)] break-words\" href=\"https:\/\/www.is.fi\/kotimaa\/art-2000011719058.html\" rel=\"nofollow noopener\" target=\"_blank\">myr\u00e4kk\u00e4<\/a>. Merialueilla tuulen nopeus on nousemassa myrskylukemiin eli yli 21 metriin sekunnissa.<\/p>\n<p class=\"article-body mb-nof-24 px-nof-16\">\u2013 Aika paljon j\u00e4\u00e4d\u00e4\u00e4n Hannes-myrskyst\u00e4, Latvala kertoo.<\/p>\n<p class=\"article-body mb-nof-24 px-nof-16\">Manneralueilla tuuli ei ole yltym\u00e4ss\u00e4 myrskylukemiin, mutta lumisade ja tuuli saattavat heikent\u00e4\u00e4 ajokeli\u00e4 Varsinais-Suomessa ja l\u00e4ntisell\u00e4 Uudellamaalla.<\/p>\n<p><img decoding=\"async\" src=\"https:\/\/www.europesays.com\/fi\/wp-content\/uploads\/2025\/12\/1767090491_263_468.jpg\" alt=\"\" class=\"_Img_1rerz_1\" style=\"aspect-ratio:1.5\" loading=\"eager\"\/><\/p>\n<p class=\"article-picture-caption\">Kuva:\u00a0Vesa Moilanen \/ IS<\/p>\n<p class=\"article-body mb-nof-24 px-nof-16\">Perjantaiksi ja viikonlopuksi maan etel\u00e4- ja keskiosiin on levi\u00e4m\u00e4ss\u00e4 lumisateita, mutta sadem\u00e4\u00e4riss\u00e4 on ennusteissa suurta vaihtelua. Varsinkin Lounais- ja L\u00e4nsi-Suomessa sek\u00e4 Uudenmaan l\u00e4nsiosassa lunta voi sataa jopa 15 sentti\u00e4.<\/p>\n<p class=\"article-body mb-nof-24 px-nof-16\">Toisaalta muualla etel\u00e4ss\u00e4 sadem\u00e4\u00e4r\u00e4 voi j\u00e4\u00e4d\u00e4 paikoin alle senttiin.<\/p>\n<p class=\"article-body mb-nof-24 px-nof-16\">\u2013 Ennuste on sadem\u00e4\u00e4r\u00e4n suhteen hyvin ep\u00e4varma, Latvala sanoo.<\/p>\n<p class=\"article-body mb-nof-24 px-nof-16\">Sadealueen hajanaisuuden vuoksi tarkkoja paikkoja, joissa sataa, on vaikea ennustaa.<\/p>\n<p class=\"article-body mb-nof-24 px-nof-16\">Latvala sanoo, ett\u00e4 sateisilla alueilla s\u00e4\u00e4 lauhtuu vain hieman eli kaikki sateet ovat lunta.<\/p>\n<p class=\"article-body mb-nof-24 px-nof-16\">Pohjoisempana l\u00e4mp\u00f6tiloissa ei ole tapahtumassa muutoksia eli pakkass\u00e4\u00e4 jatkuu.<\/p>\n<p class=\"article-body mb-nof-24 px-nof-16\">\u2013 Ainakin t\u00e4m\u00e4 viikko menn\u00e4\u00e4n niin, ett\u00e4 siell\u00e4 on ihan kireit\u00e4kin pakkasia.<\/p>\n<p><img decoding=\"async\" src=\"https:\/\/www.europesays.com\/fi\/wp-content\/uploads\/2025\/12\/1767090491_502_468.jpg\" alt=\"Ensi viikolla Suomeen saattaa saapua sakeita lumisateita.\" class=\"_Img_1rerz_1\" style=\"aspect-ratio:1.5106215578284816\" loading=\"eager\"\/><\/p>\n<p class=\"article-picture-caption\">Ensi viikolla Suomeen saattaa saapua sakeita lumisateita. Kuva:\u00a0Vesa Moilanen \/ Lehtikuva<\/p>\n<p class=\"article-body mb-nof-24 px-nof-16\">Viikonloppuna s\u00e4\u00e4 jatkuu selv\u00e4sti keskim\u00e4\u00e4r\u00e4ist\u00e4 kylmemp\u00e4n\u00e4 ja v\u00e4h\u00e4sateisena. Tavanomaisesti vuodenvaihteessa l\u00e4mp\u00f6tila k\u00e4v\u00e4isee osassa maata p\u00e4ivisin nollassa tai hieman plussalla ja \u00f6isin on pakkasta. Nyt l\u00e4mp\u00f6tila pysyttelee pakkasella l\u00e4pi vuorokauden.<\/p>\n<p class=\"article-body mb-nof-24 px-nof-16\">\u2013 Selv\u00e4sti tavanomaista kylmemp\u00e4\u00e4, Latvala kuvailee.<\/p>\n<p class=\"article-body mb-nof-24 px-nof-16\">Maan etel\u00e4- ja keskiosissa liikkuu hajanaisia sadealueita.<\/p>\n<p class=\"article-body mb-nof-24 px-nof-16\">\u2013 Aika pienill\u00e4 alueilla tosi pieni\u00e4 m\u00e4\u00e4ri\u00e4. Sanoisin, ett\u00e4 tihkusateen lumiversiota.<\/p>\n<p class=\"article-body mb-nof-24 px-nof-16\">T\u00e4m\u00e4n hetken ennusteiden mukaan Suomeen saattaa saapua ensi viikon alussa sakeita lumisateita. Sateiden reitit tarkentuvat my\u00f6hemmin.<\/p>\n<p class=\"article-body mb-nof-24 px-nof-16\">\u2013 Kuitenkin ensi viikon aikana lumisateen mahdollisuus kasvaa uudestaan.<\/p>\n<p class=\"article-body mb-nof-24 px-nof-16\">Muutoin s\u00e4\u00e4 jatkuu kire\u00e4ss\u00e4 pakkass\u00e4\u00e4ss\u00e4 koko maassa.<\/p>\n","protected":false},"excerpt":{"rendered":"Koko maassa s\u00e4\u00e4 poikkeaa normaalista. Video n\u00e4ytt\u00e4\u00e4, miten s\u00e4\u00e4 kehittyy Suomessa l\u00e4hip\u00e4ivin\u00e4. My\u00f6s etel\u00e4inen Suomi saattaa saada l\u00e4hip\u00e4ivin\u00e4&hellip;\n","protected":false},"author":2,"featured_media":128895,"comment_status":"","ping_status":"","sticky":false,"template":"","format":"standard","meta":{"footnotes":""},"categories":[12],"tags":[22,23,26,27,33,31,30,17,34,24,25,28,29,15,18,21,32,19,20,16],"class_list":{"0":"post-128894","1":"post","2":"type-post","3":"status-publish","4":"format-standard","5":"has-post-thumbnail","7":"category-suomi","8":"tag-breaking-news","9":"tag-breakingnews","10":"tag-featured-news","11":"tag-featurednews","12":"tag-fi","13":"tag-finland","14":"tag-finnish","15":"tag-headlines","16":"tag-ilta-sanomat","17":"tag-latest-news","18":"tag-latestnews","19":"tag-main-news","20":"tag-mainnews","21":"tag-news","22":"tag-otsikot","23":"tag-paauutiset","24":"tag-suomi","25":"tag-top-stories","26":"tag-topstories","27":"tag-uutiset"},"share_on_mastodon":{"url":"https:\/\/pubeurope.com\/@fi\/115808049815070178","error":""},"_links":{"self":[{"href":"https:\/\/www.europesays.com\/fi\/wp-json\/wp\/v2\/posts\/128894","targetHints":{"allow":["GET"]}}],"collection":[{"href":"https:\/\/www.europesays.com\/fi\/wp-json\/wp\/v2\/posts"}],"about":[{"href":"https:\/\/www.europesays.com\/fi\/wp-json\/wp\/v2\/types\/post"}],"author":[{"embeddable":true,"href":"https:\/\/www.europesays.com\/fi\/wp-json\/wp\/v2\/users\/2"}],"replies":[{"embeddable":true,"href":"https:\/\/www.europesays.com\/fi\/wp-json\/wp\/v2\/comments?post=128894"}],"version-history":[{"count":0,"href":"https:\/\/www.europesays.com\/fi\/wp-json\/wp\/v2\/posts\/128894\/revisions"}],"wp:featuredmedia":[{"embeddable":true,"href":"https:\/\/www.europesays.com\/fi\/wp-json\/wp\/v2\/media\/128895"}],"wp:attachment":[{"href":"https:\/\/www.europesays.com\/fi\/wp-json\/wp\/v2\/media?parent=128894"}],"wp:term":[{"taxonomy":"category","embeddable":true,"href":"https:\/\/www.europesays.com\/fi\/wp-json\/wp\/v2\/categories?post=128894"},{"taxonomy":"post_tag","embeddable":true,"href":"https:\/\/www.europesays.com\/fi\/wp-json\/wp\/v2\/tags?post=128894"}],"curies":[{"name":"wp","href":"https:\/\/api.w.org\/{rel}","templated":true}]}}