{"id":128896,"date":"2025-12-30T10:29:07","date_gmt":"2025-12-30T10:29:07","guid":{"rendered":"https:\/\/www.europesays.com\/fi\/128896\/"},"modified":"2025-12-30T10:29:07","modified_gmt":"2025-12-30T10:29:07","slug":"saimaa-restaurants-yrityksesta-on-jatetty-konkurssihakemus","status":"publish","type":"post","link":"https:\/\/www.europesays.com\/fi\/128896\/","title":{"rendered":"Saimaa Restaurants -yrityksest\u00e4 on j\u00e4tetty konkurssihakemus"},"content":{"rendered":"<p>J\u00e4rvisyd\u00e4men yritt\u00e4j\u00e4n toista yrityst\u00e4 haetaan konkurssiin.<\/p>\n<p class=\"article-body mb-nof-24 px-nof-16\">Ravintolayhti\u00f6 Saimaa Restaurantsia haetaan konkurssiin. Maksukyvytt\u00f6myys\u00adrekisterist\u00e4 selvi\u00e4\u00e4, ett\u00e4 hakijana on ohjelmapalvelu\u00adyritys GURU Entertainment &amp; Security. Se on j\u00e4tt\u00e4nyt hakemuksensa Etel\u00e4-Savon k\u00e4r\u00e4j\u00e4oikeuteen.<\/p>\n<p class=\"article-body mb-nof-24 px-nof-16\">Asiakastiedon mukaan Saimaa Restaurants on ollut kaupparekisteriss\u00e4 vajaan vuoden, joten sen liiketoiminnasta ei ole viel\u00e4 tietoja. Yrityksell\u00e4 on jo lukuisia protestimerkint\u00f6j\u00e4.<\/p>\n<p class=\"article-body mb-nof-24 px-nof-16\">Yrityksen vastuuhenkil\u00f6iksi on nimetty <a class=\"font-bold underline-offset-[0.12em] [text-decoration:var(--person-link-text-decoration)] ![text-decoration-color:var(--person-link-text-decoration-color)]\" href=\"https:\/\/www.is.fi\/haku\/?query=Jari\" rel=\"nofollow noopener\" target=\"_blank\">Jari<\/a> ja <a class=\"font-bold underline-offset-[0.12em] [text-decoration:var(--person-link-text-decoration)] ![text-decoration-color:var(--person-link-text-decoration-color)]\" href=\"https:\/\/www.is.fi\/haku\/?query=Markus%20Heiskanen\" rel=\"nofollow noopener\" target=\"_blank\">Markus Heiskanen<\/a>. Markus Heiskanen omistaa Asiakastiedon mukaan yrityksen kokonaan. H\u00e4n on my\u00f6s Rantasalmen Lomakyl\u00e4 J\u00e4rvisyd\u00e4men toimitusjohtaja.<\/p>\n<p class=\"article-body mb-nof-24 px-nof-16\">My\u00f6s J\u00e4rvisyd\u00e4men kannattavuus on ollut heikkoa. Hyvinvointialan yritt\u00e4jien <a class=\"font-bold underline-offset-[0.12em] [text-decoration:var(--person-link-text-decoration)] ![text-decoration-color:var(--person-link-text-decoration-color)]\" href=\"https:\/\/www.is.fi\/haku\/?query=Jutta\" rel=\"nofollow noopener\" target=\"_blank\">Jutta<\/a> ja <a class=\"font-bold underline-offset-[0.12em] [text-decoration:var(--person-link-text-decoration)] ![text-decoration-color:var(--person-link-text-decoration-color)]\" href=\"https:\/\/www.is.fi\/haku\/?query=Juha%20Larmin\" rel=\"nofollow noopener\" target=\"_blank\">Juha Larmin<\/a> yritys Larm Marketing haki J\u00e4rvisyd\u00e4nt\u00e4 konkurssiin marraskuussa, mutta peruutti hakemuksensa my\u00f6hemmin.<\/p>\n<p class=\"article-body mb-nof-24 px-nof-16\">Joskus velkojat pyrkiv\u00e4t vauhdittamaan saataviensa saamista konkurssihakemuksilla. Usein hakemus perutaan, kun asiaan saadaan ratkaisu.<\/p>\n","protected":false},"excerpt":{"rendered":"J\u00e4rvisyd\u00e4men yritt\u00e4j\u00e4n toista yrityst\u00e4 haetaan konkurssiin. Ravintolayhti\u00f6 Saimaa Restaurantsia haetaan konkurssiin. Maksukyvytt\u00f6myys\u00adrekisterist\u00e4 selvi\u00e4\u00e4, ett\u00e4 hakijana on ohjelmapalvelu\u00adyritys GURU&hellip;\n","protected":false},"author":2,"featured_media":128897,"comment_status":"","ping_status":"","sticky":false,"template":"","format":"standard","meta":{"footnotes":""},"categories":[5],"tags":[22,23,26,27,33,31,30,17,34,24,25,28,29,15,18,21,32,19,20,16],"class_list":{"0":"post-128896","1":"post","2":"type-post","3":"status-publish","4":"format-standard","5":"has-post-thumbnail","7":"category-otsikot","8":"tag-breaking-news","9":"tag-breakingnews","10":"tag-featured-news","11":"tag-featurednews","12":"tag-fi","13":"tag-finland","14":"tag-finnish","15":"tag-headlines","16":"tag-ilta-sanomat","17":"tag-latest-news","18":"tag-latestnews","19":"tag-main-news","20":"tag-mainnews","21":"tag-news","22":"tag-otsikot","23":"tag-paauutiset","24":"tag-suomi","25":"tag-top-stories","26":"tag-topstories","27":"tag-uutiset"},"share_on_mastodon":{"url":"https:\/\/pubeurope.com\/@fi\/115808053675227825","error":""},"_links":{"self":[{"href":"https:\/\/www.europesays.com\/fi\/wp-json\/wp\/v2\/posts\/128896","targetHints":{"allow":["GET"]}}],"collection":[{"href":"https:\/\/www.europesays.com\/fi\/wp-json\/wp\/v2\/posts"}],"about":[{"href":"https:\/\/www.europesays.com\/fi\/wp-json\/wp\/v2\/types\/post"}],"author":[{"embeddable":true,"href":"https:\/\/www.europesays.com\/fi\/wp-json\/wp\/v2\/users\/2"}],"replies":[{"embeddable":true,"href":"https:\/\/www.europesays.com\/fi\/wp-json\/wp\/v2\/comments?post=128896"}],"version-history":[{"count":0,"href":"https:\/\/www.europesays.com\/fi\/wp-json\/wp\/v2\/posts\/128896\/revisions"}],"wp:featuredmedia":[{"embeddable":true,"href":"https:\/\/www.europesays.com\/fi\/wp-json\/wp\/v2\/media\/128897"}],"wp:attachment":[{"href":"https:\/\/www.europesays.com\/fi\/wp-json\/wp\/v2\/media?parent=128896"}],"wp:term":[{"taxonomy":"category","embeddable":true,"href":"https:\/\/www.europesays.com\/fi\/wp-json\/wp\/v2\/categories?post=128896"},{"taxonomy":"post_tag","embeddable":true,"href":"https:\/\/www.europesays.com\/fi\/wp-json\/wp\/v2\/tags?post=128896"}],"curies":[{"name":"wp","href":"https:\/\/api.w.org\/{rel}","templated":true}]}}