{"id":128911,"date":"2025-12-30T10:54:08","date_gmt":"2025-12-30T10:54:08","guid":{"rendered":"https:\/\/www.europesays.com\/fi\/128911\/"},"modified":"2025-12-30T10:54:08","modified_gmt":"2025-12-30T10:54:08","slug":"urjala-eroaa-tampereen-seudun-tyollisyysalueesta","status":"publish","type":"post","link":"https:\/\/www.europesays.com\/fi\/128911\/","title":{"rendered":"Urjala eroaa Tampereen seudun ty\u00f6llisyysalueesta"},"content":{"rendered":"<p>Urjalan irtautumisella ole vaikutusta muihin sopijakuntiin.<\/p>\n<p class=\"article-body mb-nof-24 px-nof-16\">Aamulehti<\/p>\n<p class=\"article-body mb-nof-24 px-nof-16\">Urjalan kunnanvaltuusto p\u00e4\u00e4tti yksimielisesti kokouksessaan 29.12. j\u00e4tt\u00e4\u00e4 irtisanomisilmoituksen Tampereen seudun ty\u00f6llisyysalueesta. Asiasta kertoo Urjalan kunta tiedotteessa.<\/p>\n<p class=\"article-body mb-nof-24 px-nof-16\">Urjala aikoo aloittaa vuodenvaihteen j\u00e4lkeen neuvottelut liittymisest\u00e4 L\u00e4ntisen Pirkanmaan ty\u00f6llisyysalueeseen. Urjala tavoittelee ty\u00f6llisyysalueen vaihtamisella vaikuttavampaa ty\u00f6llisyydenhoitoa ja kustannuss\u00e4\u00e4st\u00f6j\u00e4.<\/p>\n<p class=\"article-body mb-nof-24 px-nof-16\">Sopimuksen irtisanomisaika on yksi vuosi. Sopimuksen ehdot edellytt\u00e4v\u00e4t, ett\u00e4 irtisanominen tapahtuu kalenterivuoden vaihteessa.<\/p>\n<p class=\"article-body mb-nof-24 px-nof-16\">Tampereen seudun ty\u00f6llisyysalue jatkaa toimintaansa normaalisti vuoden 2026 ajan. Urjalan p\u00e4\u00e4t\u00f6s ei vaikuta muihin sopijakuntiin.<\/p>\n<p class=\"article-body mb-nof-24 px-nof-16\">Ty\u00f6nhakijoiden ja ty\u00f6nantajien palvelut jatkuvat ennallaan koko vuoden 2026.<\/p>\n<p class=\"article-body mb-nof-24 px-nof-16\">Urjalan on ilmoitettava uudesta ty\u00f6llisyysalueesta ty\u00f6- ja elinkeinoministeri\u00f6lle, kun sopimus on varmistunut.<\/p>\n","protected":false},"excerpt":{"rendered":"Urjalan irtautumisella ole vaikutusta muihin sopijakuntiin. Aamulehti Urjalan kunnanvaltuusto p\u00e4\u00e4tti yksimielisesti kokouksessaan 29.12. j\u00e4tt\u00e4\u00e4 irtisanomisilmoituksen Tampereen seudun ty\u00f6llisyysalueesta.&hellip;\n","protected":false},"author":2,"featured_media":128912,"comment_status":"","ping_status":"","sticky":false,"template":"","format":"standard","meta":{"footnotes":""},"categories":[12],"tags":[157,22,23,26,27,33,31,30,17,24,25,28,29,15,18,21,32,19,20,16],"class_list":{"0":"post-128911","1":"post","2":"type-post","3":"status-publish","4":"format-standard","5":"has-post-thumbnail","7":"category-suomi","8":"tag-aamulehti","9":"tag-breaking-news","10":"tag-breakingnews","11":"tag-featured-news","12":"tag-featurednews","13":"tag-fi","14":"tag-finland","15":"tag-finnish","16":"tag-headlines","17":"tag-latest-news","18":"tag-latestnews","19":"tag-main-news","20":"tag-mainnews","21":"tag-news","22":"tag-otsikot","23":"tag-paauutiset","24":"tag-suomi","25":"tag-top-stories","26":"tag-topstories","27":"tag-uutiset"},"share_on_mastodon":{"url":"https:\/\/pubeurope.com\/@fi\/115808152078373735","error":""},"_links":{"self":[{"href":"https:\/\/www.europesays.com\/fi\/wp-json\/wp\/v2\/posts\/128911","targetHints":{"allow":["GET"]}}],"collection":[{"href":"https:\/\/www.europesays.com\/fi\/wp-json\/wp\/v2\/posts"}],"about":[{"href":"https:\/\/www.europesays.com\/fi\/wp-json\/wp\/v2\/types\/post"}],"author":[{"embeddable":true,"href":"https:\/\/www.europesays.com\/fi\/wp-json\/wp\/v2\/users\/2"}],"replies":[{"embeddable":true,"href":"https:\/\/www.europesays.com\/fi\/wp-json\/wp\/v2\/comments?post=128911"}],"version-history":[{"count":0,"href":"https:\/\/www.europesays.com\/fi\/wp-json\/wp\/v2\/posts\/128911\/revisions"}],"wp:featuredmedia":[{"embeddable":true,"href":"https:\/\/www.europesays.com\/fi\/wp-json\/wp\/v2\/media\/128912"}],"wp:attachment":[{"href":"https:\/\/www.europesays.com\/fi\/wp-json\/wp\/v2\/media?parent=128911"}],"wp:term":[{"taxonomy":"category","embeddable":true,"href":"https:\/\/www.europesays.com\/fi\/wp-json\/wp\/v2\/categories?post=128911"},{"taxonomy":"post_tag","embeddable":true,"href":"https:\/\/www.europesays.com\/fi\/wp-json\/wp\/v2\/tags?post=128911"}],"curies":[{"name":"wp","href":"https:\/\/api.w.org\/{rel}","templated":true}]}}