{"id":128925,"date":"2025-12-30T11:15:08","date_gmt":"2025-12-30T11:15:08","guid":{"rendered":"https:\/\/www.europesays.com\/fi\/128925\/"},"modified":"2025-12-30T11:15:08","modified_gmt":"2025-12-30T11:15:08","slug":"kalenterit-2026-nama-kalenterit-tarjoavat-inspiraatiota","status":"publish","type":"post","link":"https:\/\/www.europesays.com\/fi\/128925\/","title":{"rendered":"Kalenterit 2026 \u2013 N\u00e4m\u00e4 kalenterit tarjoavat inspiraatiota"},"content":{"rendered":"<p>Toivoa tulevaan<\/p>\n<p class=\"sc-e683d47a-0 dzYyoM is-block is-body-s\">Ole valmis ottamaan riski, sill\u00e4 ilman sit\u00e4 j\u00e4\u00e4t tallomaan paikoillesi ja unelmat lipuvat ulottumattomiin. <strong>Tommy Hellstenin <\/strong>Luota, uskalla, unelmoi -kalenteri valaa uskoa itseen motivoivien lyhyiden tekstien avulla.<\/p>\n<p class=\"sc-e683d47a-0 dzYyoM is-block is-body-s\">Seesteisesti kuvitetussa kalenterissa on runsaasti tyhji\u00e4 sivuja, joille voi kirjata p\u00e4iv\u00e4n t\u00e4rkeimm\u00e4t tapahtumat ja ajatukset. <\/p>\n<p class=\"sc-e683d47a-0 dzYyoM is-block is-body-s\">Tommy Hellsten: Luota, uskalla, unelmoi kalenteri 2026<\/p>\n<p><img decoding=\"async\" src=\"https:\/\/www.europesays.com\/fi\/wp-content\/uploads\/2025\/12\/Luota uskalla unelmoi Hellsten_1767076170291_e5CKF.jpg\" class=\"sc-9276d04f-1 eOigld\"\/><img alt=\"\" loading=\"lazy\" width=\"1024\" height=\"1024\" decoding=\"async\" data-nimg=\"1\" class=\"sc-9276d04f-2 bMlATM has-placeholder\" style=\"color:transparent\"   src=\"https:\/\/www.europesays.com\/fi\/wp-content\/uploads\/2025\/12\/1767093308_233_Luota uskalla unelmoi Hellsten_1767076170291_e5CKF.jpg\"\/><\/p>\n","protected":false},"excerpt":{"rendered":"Toivoa tulevaan Ole valmis ottamaan riski, sill\u00e4 ilman sit\u00e4 j\u00e4\u00e4t tallomaan paikoillesi ja unelmat lipuvat ulottumattomiin. Tommy Hellstenin&hellip;\n","protected":false},"author":2,"featured_media":128926,"comment_status":"","ping_status":"","sticky":false,"template":"","format":"standard","meta":{"footnotes":""},"categories":[130],"tags":[137,33,31,30,32,167,109],"class_list":{"0":"post-128925","1":"post","2":"type-post","3":"status-publish","4":"format-standard","5":"has-post-thumbnail","7":"category-viihde","8":"tag-entertainment","9":"tag-fi","10":"tag-finland","11":"tag-finnish","12":"tag-suomi","13":"tag-terveys","14":"tag-viihde"},"share_on_mastodon":{"url":"https:\/\/pubeurope.com\/@fi\/115808234528930819","error":""},"_links":{"self":[{"href":"https:\/\/www.europesays.com\/fi\/wp-json\/wp\/v2\/posts\/128925","targetHints":{"allow":["GET"]}}],"collection":[{"href":"https:\/\/www.europesays.com\/fi\/wp-json\/wp\/v2\/posts"}],"about":[{"href":"https:\/\/www.europesays.com\/fi\/wp-json\/wp\/v2\/types\/post"}],"author":[{"embeddable":true,"href":"https:\/\/www.europesays.com\/fi\/wp-json\/wp\/v2\/users\/2"}],"replies":[{"embeddable":true,"href":"https:\/\/www.europesays.com\/fi\/wp-json\/wp\/v2\/comments?post=128925"}],"version-history":[{"count":0,"href":"https:\/\/www.europesays.com\/fi\/wp-json\/wp\/v2\/posts\/128925\/revisions"}],"wp:featuredmedia":[{"embeddable":true,"href":"https:\/\/www.europesays.com\/fi\/wp-json\/wp\/v2\/media\/128926"}],"wp:attachment":[{"href":"https:\/\/www.europesays.com\/fi\/wp-json\/wp\/v2\/media?parent=128925"}],"wp:term":[{"taxonomy":"category","embeddable":true,"href":"https:\/\/www.europesays.com\/fi\/wp-json\/wp\/v2\/categories?post=128925"},{"taxonomy":"post_tag","embeddable":true,"href":"https:\/\/www.europesays.com\/fi\/wp-json\/wp\/v2\/tags?post=128925"}],"curies":[{"name":"wp","href":"https:\/\/api.w.org\/{rel}","templated":true}]}}